{"id":1062,"date":"2016-12-07T06:48:05","date_gmt":"2016-12-07T06:48:05","guid":{"rendered":"http:\/\/www.elpequenocatalan.com\/wp\/?p=1062"},"modified":"2016-12-07T06:48:05","modified_gmt":"2016-12-07T06:48:05","slug":"rulos-tradicional-prenda-interior","status":"publish","type":"post","link":"https:\/\/elpequenocatalan.com\/home\/index.php\/2016\/12\/07\/rulos-tradicional-prenda-interior\/","title":{"rendered":"\u00abRulos\u00bb, tradicional prenda interior"},"content":{"rendered":"<p><a href=\"https:\/\/i0.wp.com\/fervent-wiles.82-194-67-113.plesk.page\/home\/wp-content\/uploads\/2016\/12\/P1014773.jpg?ssl=1\"><img data-recalc-dims=\"1\" loading=\"lazy\" decoding=\"async\" class=\"alignleft size-medium wp-image-1063\" src=\"https:\/\/i0.wp.com\/fervent-wiles.82-194-67-113.plesk.page\/home\/wp-content\/uploads\/2016\/12\/P1014773-300x225.jpg?resize=300%2C225&#038;ssl=1\" alt=\"rulo\" width=\"300\" height=\"225\" \/><\/a>A lo mejor te est\u00e1s preguntando&#8230; qu\u00e9 son los <strong>Rulos<\/strong>? Pues bien, el <strong>Rulo<\/strong> es una <strong>Tradicional Prenda Interior<\/strong> que se coloca bajo<strong> Enaguas, Faldas y Refajos<\/strong>; de forma que el peso queda repartido y facilita el movimiento y la comodidad.<\/p>\n<p>La importancia de \u00e9sta prenda, es proporcional\u00a0a\u00a0la riqueza de la persona que la llevaba, ya que a mayor riqueza, mayor n\u00famero de faldas, enaguas y refajos; lo que significa que a mayor posici\u00f3n y mejor econom\u00eda, m\u00e1s prendas y m\u00e1s pesado resultaba desenvolverse.<\/p>\n<p>El hecho de repartir todo ese peso, unido a todo el volumen que conllevaba, <a href=\"https:\/\/i0.wp.com\/fervent-wiles.82-194-67-113.plesk.page\/home\/wp-content\/uploads\/2016\/12\/P1014682.jpg?ssl=1\"><img data-recalc-dims=\"1\" loading=\"lazy\" decoding=\"async\" class=\"alignright size-medium wp-image-1065\" src=\"https:\/\/i0.wp.com\/fervent-wiles.82-194-67-113.plesk.page\/home\/wp-content\/uploads\/2016\/12\/P1014682-300x225.jpg?resize=300%2C225&#038;ssl=1\" alt=\"traje regiomal\" width=\"300\" height=\"225\" \/><\/a>supon\u00eda un alivio considerable.<\/p>\n<p>Una prenda poco conocida y sin embargo tan importante en algunas ocasiones, es parte de la <strong>Indumentaria Regional Aragonesa<\/strong> y como no puede ser de otro modo, <strong>\u00abEl Peque\u00f1o Catal\u00e1n\u00bb<\/strong> te lo ense\u00f1a, te lo cuenta y te lo ofrece.<\/p>\n","protected":false},"excerpt":{"rendered":"<p>A lo mejor te est\u00e1s preguntando&#8230; qu\u00e9 son los Rulos? Pues bien, el Rulo es una Tradicional Prenda Interior que se coloca bajo Enaguas, Faldas y Refajos; de forma que el peso queda repartido y facilita el movimiento y la comodidad. La importancia de \u00e9sta prenda, es proporcional\u00a0a\u00a0la riqueza de la persona que la llevaba, [&hellip;]<\/p>\n","protected":false},"author":1,"featured_media":0,"comment_status":"closed","ping_status":"closed","sticky":false,"template":"","format":"standard","meta":{"ngg_post_thumbnail":0,"_jetpack_memberships_contains_paid_content":false,"footnotes":""},"categories":[12],"tags":[132,240,252,256],"class_list":["post-1062","post","type-post","status-publish","format-standard","hentry","category-traje-regional","tag-indumentaria-aragonesa","tag-traje-baturra","tag-traje-regional","tag-traje-tipico"],"jetpack_featured_media_url":"","jetpack_sharing_enabled":true,"_links":{"self":[{"href":"https:\/\/elpequenocatalan.com\/home\/index.php\/wp-json\/wp\/v2\/posts\/1062","targetHints":{"allow":["GET"]}}],"collection":[{"href":"https:\/\/elpequenocatalan.com\/home\/index.php\/wp-json\/wp\/v2\/posts"}],"about":[{"href":"https:\/\/elpequenocatalan.com\/home\/index.php\/wp-json\/wp\/v2\/types\/post"}],"author":[{"embeddable":true,"href":"https:\/\/elpequenocatalan.com\/home\/index.php\/wp-json\/wp\/v2\/users\/1"}],"replies":[{"embeddable":true,"href":"https:\/\/elpequenocatalan.com\/home\/index.php\/wp-json\/wp\/v2\/comments?post=1062"}],"version-history":[{"count":0,"href":"https:\/\/elpequenocatalan.com\/home\/index.php\/wp-json\/wp\/v2\/posts\/1062\/revisions"}],"wp:attachment":[{"href":"https:\/\/elpequenocatalan.com\/home\/index.php\/wp-json\/wp\/v2\/media?parent=1062"}],"wp:term":[{"taxonomy":"category","embeddable":true,"href":"https:\/\/elpequenocatalan.com\/home\/index.php\/wp-json\/wp\/v2\/categories?post=1062"},{"taxonomy":"post_tag","embeddable":true,"href":"https:\/\/elpequenocatalan.com\/home\/index.php\/wp-json\/wp\/v2\/tags?post=1062"}],"curies":[{"name":"wp","href":"https:\/\/api.w.org\/{rel}","templated":true}]}}