{"id":1114,"date":"2017-01-04T10:51:16","date_gmt":"2017-01-04T10:51:16","guid":{"rendered":"http:\/\/www.elpequenocatalan.com\/wp\/?p=1114"},"modified":"2017-01-04T10:51:16","modified_gmt":"2017-01-04T10:51:16","slug":"pantalon-baturro-color-y-tradicion","status":"publish","type":"post","link":"https:\/\/elpequenocatalan.com\/home\/index.php\/2017\/01\/04\/pantalon-baturro-color-y-tradicion\/","title":{"rendered":"Pantal\u00f3n Baturro, Color y Tradici\u00f3n"},"content":{"rendered":"<p><a href=\"https:\/\/i0.wp.com\/fervent-wiles.82-194-67-113.plesk.page\/home\/wp-content\/uploads\/2016\/12\/P1014776.jpg?ssl=1\"><img data-recalc-dims=\"1\" loading=\"lazy\" decoding=\"async\" class=\"alignleft size-medium wp-image-1115\" src=\"https:\/\/i0.wp.com\/fervent-wiles.82-194-67-113.plesk.page\/home\/wp-content\/uploads\/2016\/12\/P1014776-300x225.jpg?resize=300%2C225&#038;ssl=1\" alt=\"\" width=\"300\" height=\"225\" \/><\/a>El pantal\u00f3n, es una prenda muy importante que ha de ir conjuntada al resto del Traje Regional masculino. El pantal\u00f3n Baturro, en una gran gama de colores y representando la Tradici\u00f3n y el Folclore.<\/p>\n<p>\u00c9sta prenda la vamos a encontrar en \u00abEl Peque\u00f1o Catal\u00e1n\u00bb en una gran variedad de colores. No olvid\u00e9is que hasta el 05\/01\/2017\u00a0podemos disfrutar de un 20% de Dto. dentro de la promoci\u00f3n \u00abEstas Navidades Regala Baturros\u00bb.<\/p>\n\n<p>Una buena oportunidad \u00a1Aprov\u00e9chala! Ven a vernos y disfruta de una promoci\u00f3n fant\u00e1stica.<\/p>\n","protected":false},"excerpt":{"rendered":"<p>El pantal\u00f3n, es una prenda muy importante que ha de ir conjuntada al resto del Traje Regional masculino. El pantal\u00f3n Baturro, en una gran gama de colores y representando la Tradici\u00f3n y el Folclore. \u00c9sta prenda la vamos a encontrar en \u00abEl Peque\u00f1o Catal\u00e1n\u00bb en una gran variedad de colores. No olvid\u00e9is que hasta el [&hellip;]<\/p>\n","protected":false},"author":1,"featured_media":0,"comment_status":"closed","ping_status":"closed","sticky":false,"template":"","format":"standard","meta":{"ngg_post_thumbnail":0,"_jetpack_memberships_contains_paid_content":false,"footnotes":""},"categories":[8,12],"tags":[119,178,241,246,252],"class_list":["post-1114","post","type-post","status-publish","format-standard","hentry","category-ofertas-y-promociones","category-traje-regional","tag-folclore-aragones","tag-pantaln-baturro","tag-traje-baturro","tag-traje-folclorico-aragones","tag-traje-regional"],"jetpack_featured_media_url":"","jetpack_sharing_enabled":true,"_links":{"self":[{"href":"https:\/\/elpequenocatalan.com\/home\/index.php\/wp-json\/wp\/v2\/posts\/1114","targetHints":{"allow":["GET"]}}],"collection":[{"href":"https:\/\/elpequenocatalan.com\/home\/index.php\/wp-json\/wp\/v2\/posts"}],"about":[{"href":"https:\/\/elpequenocatalan.com\/home\/index.php\/wp-json\/wp\/v2\/types\/post"}],"author":[{"embeddable":true,"href":"https:\/\/elpequenocatalan.com\/home\/index.php\/wp-json\/wp\/v2\/users\/1"}],"replies":[{"embeddable":true,"href":"https:\/\/elpequenocatalan.com\/home\/index.php\/wp-json\/wp\/v2\/comments?post=1114"}],"version-history":[{"count":0,"href":"https:\/\/elpequenocatalan.com\/home\/index.php\/wp-json\/wp\/v2\/posts\/1114\/revisions"}],"wp:attachment":[{"href":"https:\/\/elpequenocatalan.com\/home\/index.php\/wp-json\/wp\/v2\/media?parent=1114"}],"wp:term":[{"taxonomy":"category","embeddable":true,"href":"https:\/\/elpequenocatalan.com\/home\/index.php\/wp-json\/wp\/v2\/categories?post=1114"},{"taxonomy":"post_tag","embeddable":true,"href":"https:\/\/elpequenocatalan.com\/home\/index.php\/wp-json\/wp\/v2\/tags?post=1114"}],"curies":[{"name":"wp","href":"https:\/\/api.w.org\/{rel}","templated":true}]}}