{"id":1121,"date":"2017-01-11T06:44:33","date_gmt":"2017-01-11T06:44:33","guid":{"rendered":"http:\/\/www.elpequenocatalan.com\/wp\/?p=1121"},"modified":"2017-01-11T06:44:33","modified_gmt":"2017-01-11T06:44:33","slug":"2017-el-ano-del-amor","status":"publish","type":"post","link":"https:\/\/elpequenocatalan.com\/home\/index.php\/2017\/01\/11\/2017-el-ano-del-amor\/","title":{"rendered":"2017 \u00abEl A\u00f1o del Amor\u00bb"},"content":{"rendered":"<p><strong><a href=\"https:\/\/i0.wp.com\/fervent-wiles.82-194-67-113.plesk.page\/home\/wp-content\/uploads\/2017\/01\/800.jpg?ssl=1\"><img data-recalc-dims=\"1\" loading=\"lazy\" decoding=\"async\" class=\"alignleft size-medium wp-image-1122\" src=\"https:\/\/i0.wp.com\/fervent-wiles.82-194-67-113.plesk.page\/home\/wp-content\/uploads\/2017\/01\/800-300x225.jpg?resize=300%2C225&#038;ssl=1\" alt=\"\" width=\"300\" height=\"225\" \/><\/a>Teruel<\/strong> recordar\u00e1 a lo largo de todo el <strong>2017 la historia de sus Amantes<\/strong> a trav\u00e9s de actividades culturales y tur\u00edsticas que evocar\u00e1n esta tr\u00e1gica, maravillosa e id\u00edlica historia de amor, coincidiendo con el <strong>800 aniversario<\/strong> de su origen. El Ayuntamiento de <strong>Teruel<\/strong> declara el\u00a0<strong>2017 como el A\u00f1o de los Amantes<\/strong>.<\/p>\n<p>El <strong>800 Aniversario<\/strong> se celebrar\u00e1 con diferentes actos de tipo cultural, social y deportivo a lo largo de todo el a\u00f1o.<\/p>\n<p><a href=\"http:\/\/www.bodasdeisabel.com\/W3\/Bodas\/Index_Bodas.aspx\" target=\"_blank\"><strong>Las Bodas de Isabel De Segura<\/strong><\/a>, comenzar\u00e1n en <strong>Teruel el 16 de Febrero<\/strong>, momento en el que la ciudad ser\u00e1 ocupada por cientos de personas ataviadas con <strong>Trajes Medievales<\/strong>, haci\u00e9ndose part\u00edcipes de tan id\u00edlica historia.<\/p>\n<p><strong>Mercados Medievales, Campamentos, Conciertos, Batallas Medievales, <a href=\"https:\/\/i0.wp.com\/fervent-wiles.82-194-67-113.plesk.page\/home\/wp-content\/uploads\/2017\/01\/P1014822.jpg?ssl=1\"><img data-recalc-dims=\"1\" loading=\"lazy\" decoding=\"async\" class=\"alignright size-medium wp-image-1134\" src=\"https:\/\/i0.wp.com\/fervent-wiles.82-194-67-113.plesk.page\/home\/wp-content\/uploads\/2017\/01\/P1014822-300x225.jpg?resize=300%2C225&#038;ssl=1\" alt=\"\" width=\"300\" height=\"225\" \/><\/a>Petici\u00f3n del Beso, Muerte de Diego, Lamento de Isabel, Funerales de Diego de Marcilla y una gran Oda a los Amantes como final.<\/strong><\/p>\n<p><strong>\u00abEl Peque\u00f1o Catal\u00e1n\u00bb<\/strong>, coincidiendo con \u00e9ste <strong>800 Aniversario<\/strong>, abre una nueva secci\u00f3n en su tienda. En ella podremos encontrar todo tipo de <strong>Vestimenta Medieval<\/strong>, para \u00c9l y para Ella, con sus accesorios, armas&#8230;<\/p>\n<p><strong>\u00abEl Peque\u00f1o Catal\u00e1n\u00bb<\/strong> es referente en <strong>Trajes Tradicionales y Folcl\u00f3ricos<\/strong>, y en esa l\u00ednea de mantenimiento de la memoria, de la historia, costumbres, tradici\u00f3n y leyendas, comienza su andadura con los <strong>Trajes Medievales<\/strong>.<\/p>\n\n<p>&nbsp;<\/p>\n","protected":false},"excerpt":{"rendered":"<p>Teruel recordar\u00e1 a lo largo de todo el 2017 la historia de sus Amantes a trav\u00e9s de actividades culturales y tur\u00edsticas que evocar\u00e1n esta tr\u00e1gica, maravillosa e id\u00edlica historia de amor, coincidiendo con el 800 aniversario de su origen. El Ayuntamiento de Teruel declara el\u00a02017 como el A\u00f1o de los Amantes. El 800 Aniversario se [&hellip;]<\/p>\n","protected":false},"author":1,"featured_media":0,"comment_status":"closed","ping_status":"closed","sticky":false,"template":"","format":"standard","meta":{"ngg_post_thumbnail":0,"_jetpack_memberships_contains_paid_content":false,"footnotes":""},"categories":[7],"tags":[15,24,48,145,259],"class_list":["post-1121","post","type-post","status-publish","format-standard","hentry","category-medievales","tag-800-aniversario","tag-ano-del-amor","tag-bodas-de-isabel","tag-los-amantes-de-teruel","tag-trajes-medievales"],"jetpack_featured_media_url":"","jetpack_sharing_enabled":true,"_links":{"self":[{"href":"https:\/\/elpequenocatalan.com\/home\/index.php\/wp-json\/wp\/v2\/posts\/1121","targetHints":{"allow":["GET"]}}],"collection":[{"href":"https:\/\/elpequenocatalan.com\/home\/index.php\/wp-json\/wp\/v2\/posts"}],"about":[{"href":"https:\/\/elpequenocatalan.com\/home\/index.php\/wp-json\/wp\/v2\/types\/post"}],"author":[{"embeddable":true,"href":"https:\/\/elpequenocatalan.com\/home\/index.php\/wp-json\/wp\/v2\/users\/1"}],"replies":[{"embeddable":true,"href":"https:\/\/elpequenocatalan.com\/home\/index.php\/wp-json\/wp\/v2\/comments?post=1121"}],"version-history":[{"count":0,"href":"https:\/\/elpequenocatalan.com\/home\/index.php\/wp-json\/wp\/v2\/posts\/1121\/revisions"}],"wp:attachment":[{"href":"https:\/\/elpequenocatalan.com\/home\/index.php\/wp-json\/wp\/v2\/media?parent=1121"}],"wp:term":[{"taxonomy":"category","embeddable":true,"href":"https:\/\/elpequenocatalan.com\/home\/index.php\/wp-json\/wp\/v2\/categories?post=1121"},{"taxonomy":"post_tag","embeddable":true,"href":"https:\/\/elpequenocatalan.com\/home\/index.php\/wp-json\/wp\/v2\/tags?post=1121"}],"curies":[{"name":"wp","href":"https:\/\/api.w.org\/{rel}","templated":true}]}}