{"id":1247,"date":"2017-03-01T07:57:11","date_gmt":"2017-03-01T07:57:11","guid":{"rendered":"http:\/\/www.elpequenocatalan.com\/wp\/?p=1247"},"modified":"2017-03-01T07:57:11","modified_gmt":"2017-03-01T07:57:11","slug":"baturros-baturras-y-baturrillos","status":"publish","type":"post","link":"https:\/\/elpequenocatalan.com\/home\/index.php\/2017\/03\/01\/baturros-baturras-y-baturrillos\/","title":{"rendered":"Baturros, Baturras y Baturrillos"},"content":{"rendered":"<p>&nbsp;<\/p>\n<p><a href=\"https:\/\/i0.wp.com\/fervent-wiles.82-194-67-113.plesk.page\/home\/wp-content\/uploads\/2017\/02\/P1014703-1.jpg?ssl=1\"><img data-recalc-dims=\"1\" loading=\"lazy\" decoding=\"async\" class=\"alignleft size-medium wp-image-1250\" src=\"https:\/\/i0.wp.com\/fervent-wiles.82-194-67-113.plesk.page\/home\/wp-content\/uploads\/2017\/02\/P1014703-1-300x225.jpg?resize=300%2C225&#038;ssl=1\" alt=\"\" width=\"300\" height=\"225\" \/><\/a>El apelativo cari\u00f1oso con el que se denominan a los <strong>Aragoneses, Baturros y Baturras<\/strong>, ha perdido por completo la acepci\u00f3n de labriego o r\u00fastico, significado que se le atribu\u00eda hace muchos a\u00f1os. Pasa a ser la f\u00f3rmula\u00a0que se usa para denominar al <strong>\u00abNatural de Arag\u00f3n\u00bb<\/strong>, aport\u00e1ndole ese punto de cercan\u00eda tan caracter\u00edstico de los Aragoneses.<\/p>\n<p>Forma parte de la caricatura del Aragon\u00e9s, la Tozudez, la Nobleza y una cierta <a href=\"https:\/\/i0.wp.com\/fervent-wiles.82-194-67-113.plesk.page\/home\/wp-content\/uploads\/2017\/02\/P1014770.jpg?ssl=1\"><img data-recalc-dims=\"1\" loading=\"lazy\" decoding=\"async\" class=\"alignright size-medium wp-image-1251\" src=\"https:\/\/i0.wp.com\/fervent-wiles.82-194-67-113.plesk.page\/home\/wp-content\/uploads\/2017\/02\/P1014770-300x225.jpg?resize=300%2C225&#038;ssl=1\" alt=\"\" width=\"300\" height=\"225\" \/><\/a>Candidez o Ingenuidad. Todo ello, define a los Aragoneses, como gente buena, fuerte y sin doblez; cargados de vivacidad natural, juicio s\u00f3lido y una buena dosis de imaginaci\u00f3n.<\/p>\n<p>En el lado positivo de su\u00a0testarudez, los Baturros no titubean ni retroceden en su empe\u00f1o, pudiendo entenderse \u00e9sto, como constancia y firmeza. A pesar de ser gentes graves y laboriosas, en su temperamento encontraremos notas fisgonas y divertidas.<\/p>\n<p>\u00c9ste breve retrato corresponder\u00eda a las gentes m\u00e1s sencillas, hombres y mujeres modestos, reflexivos hasta la reserva, prudentes, l\u00f3gicos y realistas, enamorados de la Verdad y la Justicia, que habitan en una tierra de Libertad.<\/p>\n<p><a href=\"https:\/\/i0.wp.com\/fervent-wiles.82-194-67-113.plesk.page\/home\/wp-content\/uploads\/2017\/02\/P1014701-1.jpg?ssl=1\"><img data-recalc-dims=\"1\" loading=\"lazy\" decoding=\"async\" class=\"alignright size-large wp-image-1249\" src=\"https:\/\/i0.wp.com\/fervent-wiles.82-194-67-113.plesk.page\/home\/wp-content\/uploads\/2017\/02\/P1014701-1-1024x768.jpg?resize=640%2C480&#038;ssl=1\" alt=\"\" width=\"640\" height=\"480\" \/><\/a><\/p>\n<p>&nbsp;<\/p>\n","protected":false},"excerpt":{"rendered":"<p>&nbsp; El apelativo cari\u00f1oso con el que se denominan a los Aragoneses, Baturros y Baturras, ha perdido por completo la acepci\u00f3n de labriego o r\u00fastico, significado que se le atribu\u00eda hace muchos a\u00f1os. Pasa a ser la f\u00f3rmula\u00a0que se usa para denominar al \u00abNatural de Arag\u00f3n\u00bb, aport\u00e1ndole ese punto de cercan\u00eda tan caracter\u00edstico de los [&hellip;]<\/p>\n","protected":false},"author":1,"featured_media":0,"comment_status":"closed","ping_status":"closed","sticky":false,"template":"","format":"standard","meta":{"ngg_post_thumbnail":0,"_jetpack_memberships_contains_paid_content":false,"footnotes":""},"categories":[12],"tags":[253,257],"class_list":["post-1247","post","type-post","status-publish","format-standard","hentry","category-traje-regional","tag-traje-regional-aragones","tag-traje-tipico-aragones"],"jetpack_featured_media_url":"","jetpack_sharing_enabled":true,"_links":{"self":[{"href":"https:\/\/elpequenocatalan.com\/home\/index.php\/wp-json\/wp\/v2\/posts\/1247","targetHints":{"allow":["GET"]}}],"collection":[{"href":"https:\/\/elpequenocatalan.com\/home\/index.php\/wp-json\/wp\/v2\/posts"}],"about":[{"href":"https:\/\/elpequenocatalan.com\/home\/index.php\/wp-json\/wp\/v2\/types\/post"}],"author":[{"embeddable":true,"href":"https:\/\/elpequenocatalan.com\/home\/index.php\/wp-json\/wp\/v2\/users\/1"}],"replies":[{"embeddable":true,"href":"https:\/\/elpequenocatalan.com\/home\/index.php\/wp-json\/wp\/v2\/comments?post=1247"}],"version-history":[{"count":0,"href":"https:\/\/elpequenocatalan.com\/home\/index.php\/wp-json\/wp\/v2\/posts\/1247\/revisions"}],"wp:attachment":[{"href":"https:\/\/elpequenocatalan.com\/home\/index.php\/wp-json\/wp\/v2\/media?parent=1247"}],"wp:term":[{"taxonomy":"category","embeddable":true,"href":"https:\/\/elpequenocatalan.com\/home\/index.php\/wp-json\/wp\/v2\/categories?post=1247"},{"taxonomy":"post_tag","embeddable":true,"href":"https:\/\/elpequenocatalan.com\/home\/index.php\/wp-json\/wp\/v2\/tags?post=1247"}],"curies":[{"name":"wp","href":"https:\/\/api.w.org\/{rel}","templated":true}]}}