{"id":1294,"date":"2017-03-31T06:45:57","date_gmt":"2017-03-31T06:45:57","guid":{"rendered":"http:\/\/www.elpequenocatalan.com\/wp\/?p=1294"},"modified":"2017-03-31T06:45:57","modified_gmt":"2017-03-31T06:45:57","slug":"laboral-hosteleria-llega-la-primavera","status":"publish","type":"post","link":"https:\/\/elpequenocatalan.com\/home\/index.php\/2017\/03\/31\/laboral-hosteleria-llega-la-primavera\/","title":{"rendered":"Laboral Hosteler\u00eda, llega la Primavera"},"content":{"rendered":"<p><a href=\"https:\/\/i0.wp.com\/fervent-wiles.82-194-67-113.plesk.page\/home\/wp-content\/uploads\/2017\/03\/P1015270.jpg?ssl=1\"><img data-recalc-dims=\"1\" loading=\"lazy\" decoding=\"async\" class=\"alignleft size-medium wp-image-1297\" src=\"https:\/\/i0.wp.com\/fervent-wiles.82-194-67-113.plesk.page\/home\/wp-content\/uploads\/2017\/03\/P1015270-300x225.jpg?resize=300%2C225&#038;ssl=1\" alt=\"\" width=\"300\" height=\"225\" \/><\/a>Llega la Primavera, el color y la luz, tambi\u00e9n a las <strong>prendas laborales para Hosteler\u00eda<\/strong>. <strong>Delantales, Chaquetillas, gorros<\/strong> y todo lo que necesites con un nuevo aire&#8230; el de la Primavera.<\/p>\n<p>Muchos colores, llenos de vida y de alegr\u00eda, dise\u00f1os variados y simp\u00e1ticos. La comodidad que siempre est\u00e1 presente para poder desarrollar tu trabajo, adem\u00e1s es bonita, optimista y luminosa.<\/p>\n<p>Cambia tu imagen con la nueva estaci\u00f3n. <strong>\u00abEl Peque\u00f1o Catal\u00e1n\u00bb<\/strong> te ofrece muchas posibilidades y te ayudar\u00e1 a elegir lo mejor para ti.<\/p>\n\n<p>Tambi\u00e9n encontrar\u00e1s el <strong>calzado de trabajo<\/strong> adecuado. El que te ayuda a llevar mejor una jornada de trabajo intensa con confort, para terminar el d\u00eda con la sensaci\u00f3n de haber hecho lo que mejor sabes, con el mayor bienestar.<\/p>\n\n","protected":false},"excerpt":{"rendered":"<p>Llega la Primavera, el color y la luz, tambi\u00e9n a las prendas laborales para Hosteler\u00eda. Delantales, Chaquetillas, gorros y todo lo que necesites con un nuevo aire&#8230; el de la Primavera. Muchos colores, llenos de vida y de alegr\u00eda, dise\u00f1os variados y simp\u00e1ticos. La comodidad que siempre est\u00e1 presente para poder desarrollar tu trabajo, adem\u00e1s [&hellip;]<\/p>\n","protected":false},"author":1,"featured_media":0,"comment_status":"closed","ping_status":"closed","sticky":false,"template":"","format":"standard","meta":{"ngg_post_thumbnail":0,"_jetpack_memberships_contains_paid_content":false,"footnotes":""},"categories":[6],"tags":[55,213,220,266,281],"class_list":["post-1294","post","type-post","status-publish","format-standard","hentry","category-laboral","tag-calzado-laboral","tag-ropa-de-trabajo","tag-ropa-laboral","tag-uniforme-hostelera","tag-zapatos-de-trabajo"],"jetpack_featured_media_url":"","jetpack_sharing_enabled":true,"_links":{"self":[{"href":"https:\/\/elpequenocatalan.com\/home\/index.php\/wp-json\/wp\/v2\/posts\/1294","targetHints":{"allow":["GET"]}}],"collection":[{"href":"https:\/\/elpequenocatalan.com\/home\/index.php\/wp-json\/wp\/v2\/posts"}],"about":[{"href":"https:\/\/elpequenocatalan.com\/home\/index.php\/wp-json\/wp\/v2\/types\/post"}],"author":[{"embeddable":true,"href":"https:\/\/elpequenocatalan.com\/home\/index.php\/wp-json\/wp\/v2\/users\/1"}],"replies":[{"embeddable":true,"href":"https:\/\/elpequenocatalan.com\/home\/index.php\/wp-json\/wp\/v2\/comments?post=1294"}],"version-history":[{"count":0,"href":"https:\/\/elpequenocatalan.com\/home\/index.php\/wp-json\/wp\/v2\/posts\/1294\/revisions"}],"wp:attachment":[{"href":"https:\/\/elpequenocatalan.com\/home\/index.php\/wp-json\/wp\/v2\/media?parent=1294"}],"wp:term":[{"taxonomy":"category","embeddable":true,"href":"https:\/\/elpequenocatalan.com\/home\/index.php\/wp-json\/wp\/v2\/categories?post=1294"},{"taxonomy":"post_tag","embeddable":true,"href":"https:\/\/elpequenocatalan.com\/home\/index.php\/wp-json\/wp\/v2\/tags?post=1294"}],"curies":[{"name":"wp","href":"https:\/\/api.w.org\/{rel}","templated":true}]}}