{"id":1323,"date":"2017-04-05T06:46:02","date_gmt":"2017-04-05T06:46:02","guid":{"rendered":"http:\/\/www.elpequenocatalan.com\/wp\/?p=1323"},"modified":"2017-04-05T06:46:02","modified_gmt":"2017-04-05T06:46:02","slug":"el-sonido-de-la-semana-santa-de-zaragoza","status":"publish","type":"post","link":"https:\/\/elpequenocatalan.com\/home\/index.php\/2017\/04\/05\/el-sonido-de-la-semana-santa-de-zaragoza\/","title":{"rendered":"El sonido de la Semana Santa de Zaragoza"},"content":{"rendered":"<p><a href=\"https:\/\/i0.wp.com\/fervent-wiles.82-194-67-113.plesk.page\/home\/wp-content\/uploads\/2017\/04\/cartelsemanasanta17.jpg?ssl=1\"><img data-recalc-dims=\"1\" loading=\"lazy\" decoding=\"async\" class=\"alignleft size-full wp-image-1326\" src=\"https:\/\/i0.wp.com\/fervent-wiles.82-194-67-113.plesk.page\/home\/wp-content\/uploads\/2017\/04\/cartelsemanasanta17.jpg?resize=215%2C295&#038;ssl=1\" alt=\"\" width=\"215\" height=\"295\" \/><\/a>El sonido de la Semana Santa de Zaragoza lo componen 7.000 bombos y tambores que acompa\u00f1an a pasos y procesiones por\u00a0toda la ciudad. Un sonido que retumba en nuestras calles y que hacen de \u00e9ste espectacular acontecimiento, un momento \u00fanico y peculiar.<\/p>\n<p>M\u00e1s\u00a0de 16.000 cofrades hacen posible \u00e9stos eventos, que con m\u00e1s de 700 a\u00f1os de historia es Declarada de Inter\u00e9s Tur\u00edstico Internacional desde el a\u00f1o 2014, por sus\u00a0\u00abrelevantes circunstancias en cuanto a la promoci\u00f3n tur\u00edstica de Espa\u00f1a en el exterior\u00bb.<\/p>\n<p>Una fiesta que adem\u00e1s de religiosa, es \u00ababsolutamente\u00bb cultural y en la que se vuelca la ciudad.<\/p>\n<p>\u00abEl Peque\u00f1o Catal\u00e1n\u00bb aporta su grano de arena, siendo la empresa que con mayor entusiasmo se \u00a0vuelca con los cofrades y cofrad\u00edas, teniendo a su disposici\u00f3n h\u00e1bitos, estandartes y poniendo todo su af\u00e1n \u00a0y buen trabajo a su alcance.<\/p>\n<p>Programa de la Semana Santa en Zaragoza 2017. Click !\u00a0<a href=\"https:\/\/fervent-wiles.82-194-67-113.plesk.page\/home\/wp-content\/uploads\/2017\/04\/Aqu\u00ed.pdf\">Aqu\u00ed<\/a><\/p>\n<p>&nbsp;<\/p>\n<p>&nbsp;<\/p>\n","protected":false},"excerpt":{"rendered":"<p>El sonido de la Semana Santa de Zaragoza lo componen 7.000 bombos y tambores que acompa\u00f1an a pasos y procesiones por\u00a0toda la ciudad. Un sonido que retumba en nuestras calles y que hacen de \u00e9ste espectacular acontecimiento, un momento \u00fanico y peculiar. M\u00e1s\u00a0de 16.000 cofrades hacen posible \u00e9stos eventos, que con m\u00e1s de 700 a\u00f1os [&hellip;]<\/p>\n","protected":false},"author":1,"featured_media":0,"comment_status":"closed","ping_status":"closed","sticky":false,"template":"","format":"standard","meta":{"ngg_post_thumbnail":0,"_jetpack_memberships_contains_paid_content":false,"footnotes":""},"categories":[1],"tags":[60,127,228,233],"class_list":["post-1323","post","type-post","status-publish","format-standard","hentry","category-sin-categoria","tag-capirotes","tag-habitos","tag-semana-santa","tag-tambores"],"jetpack_featured_media_url":"","jetpack_sharing_enabled":true,"_links":{"self":[{"href":"https:\/\/elpequenocatalan.com\/home\/index.php\/wp-json\/wp\/v2\/posts\/1323","targetHints":{"allow":["GET"]}}],"collection":[{"href":"https:\/\/elpequenocatalan.com\/home\/index.php\/wp-json\/wp\/v2\/posts"}],"about":[{"href":"https:\/\/elpequenocatalan.com\/home\/index.php\/wp-json\/wp\/v2\/types\/post"}],"author":[{"embeddable":true,"href":"https:\/\/elpequenocatalan.com\/home\/index.php\/wp-json\/wp\/v2\/users\/1"}],"replies":[{"embeddable":true,"href":"https:\/\/elpequenocatalan.com\/home\/index.php\/wp-json\/wp\/v2\/comments?post=1323"}],"version-history":[{"count":0,"href":"https:\/\/elpequenocatalan.com\/home\/index.php\/wp-json\/wp\/v2\/posts\/1323\/revisions"}],"wp:attachment":[{"href":"https:\/\/elpequenocatalan.com\/home\/index.php\/wp-json\/wp\/v2\/media?parent=1323"}],"wp:term":[{"taxonomy":"category","embeddable":true,"href":"https:\/\/elpequenocatalan.com\/home\/index.php\/wp-json\/wp\/v2\/categories?post=1323"},{"taxonomy":"post_tag","embeddable":true,"href":"https:\/\/elpequenocatalan.com\/home\/index.php\/wp-json\/wp\/v2\/tags?post=1323"}],"curies":[{"name":"wp","href":"https:\/\/api.w.org\/{rel}","templated":true}]}}