{"id":1347,"date":"2017-04-26T07:31:00","date_gmt":"2017-04-26T07:31:00","guid":{"rendered":"http:\/\/www.elpequenocatalan.com\/wp\/?p=1347"},"modified":"2017-04-26T07:31:00","modified_gmt":"2017-04-26T07:31:00","slug":"orgullosos-de-ser-aragoneses","status":"publish","type":"post","link":"https:\/\/elpequenocatalan.com\/home\/index.php\/2017\/04\/26\/orgullosos-de-ser-aragoneses\/","title":{"rendered":"Orgullosos de ser Aragoneses"},"content":{"rendered":"<p><a href=\"https:\/\/i0.wp.com\/fervent-wiles.82-194-67-113.plesk.page\/home\/wp-content\/uploads\/2017\/04\/P1015376.jpg?ssl=1\"><img data-recalc-dims=\"1\" loading=\"lazy\" decoding=\"async\" class=\"alignleft size-medium wp-image-1348\" src=\"https:\/\/i0.wp.com\/fervent-wiles.82-194-67-113.plesk.page\/home\/wp-content\/uploads\/2017\/04\/P1015376-300x225.jpg?resize=300%2C225&#038;ssl=1\" alt=\"\" width=\"300\" height=\"225\" \/><\/a>Despu\u00e9s de una celebraci\u00f3n tan nuestra, como es <strong>San Jorge<\/strong>, nos sentimos orgullosos de ser Aragoneses.<\/p>\n<p><strong>\u00abEl Peque\u00f1o Catal\u00e1n\u00bb<\/strong> como siempre, nos ofrece unos ejemplos de <strong>Trajes Regionales<\/strong>, <strong>T\u00edpicos<\/strong> y con la gran variedad que encontraremos en su tienda, siempre atendidos por grandes profesionales que nos ayudar\u00e1n de todo coraz\u00f3n a decidirnos por nuestra mejor opci\u00f3n.<\/p>\n<p>Tu <strong>Traje Aragon\u00e9s<\/strong>, como t\u00fa quieras. Sencillos o sofisticados, de Campesina o de <a href=\"https:\/\/i0.wp.com\/fervent-wiles.82-194-67-113.plesk.page\/home\/wp-content\/uploads\/2017\/04\/P1015395.jpg?ssl=1\"><img data-recalc-dims=\"1\" loading=\"lazy\" decoding=\"async\" class=\"alignright size-medium wp-image-1351\" src=\"https:\/\/i0.wp.com\/fervent-wiles.82-194-67-113.plesk.page\/home\/wp-content\/uploads\/2017\/04\/P1015395-300x225.jpg?resize=300%2C225&#038;ssl=1\" alt=\"\" width=\"300\" height=\"225\" \/><\/a>Gala. Para toda la familia. Todos los complementos para ir perfectamente vestido de pies a cabeza.<\/p>\n<p><strong>Faldas, refajos, delantales, blusas y camisas, delantales, misales, chalecos, corpi\u00f1os, pa\u00f1uelos, mantones, medias, atapiernas, alpargatas, albarcas, agujas, pendientes, redecillas&#8230;<\/strong> un largo etc\u00e9tera y mucho d\u00f3nde elegir.<\/p>\n<p><a href=\"https:\/\/i0.wp.com\/fervent-wiles.82-194-67-113.plesk.page\/home\/wp-content\/uploads\/2017\/04\/P1015392.jpg?ssl=1\"><img data-recalc-dims=\"1\" loading=\"lazy\" decoding=\"async\" class=\"aligncenter size-full wp-image-1349\" src=\"https:\/\/i0.wp.com\/fervent-wiles.82-194-67-113.plesk.page\/home\/wp-content\/uploads\/2017\/04\/P1015392.jpg?resize=640%2C480&#038;ssl=1\" alt=\"\" width=\"640\" height=\"480\" \/><\/a><\/p>\n","protected":false},"excerpt":{"rendered":"<p>Despu\u00e9s de una celebraci\u00f3n tan nuestra, como es San Jorge, nos sentimos orgullosos de ser Aragoneses. \u00abEl Peque\u00f1o Catal\u00e1n\u00bb como siempre, nos ofrece unos ejemplos de Trajes Regionales, T\u00edpicos y con la gran variedad que encontraremos en su tienda, siempre atendidos por grandes profesionales que nos ayudar\u00e1n de todo coraz\u00f3n a decidirnos por nuestra mejor [&hellip;]<\/p>\n","protected":false},"author":1,"featured_media":0,"comment_status":"closed","ping_status":"closed","sticky":false,"template":"","format":"standard","meta":{"ngg_post_thumbnail":0,"_jetpack_memberships_contains_paid_content":false,"footnotes":""},"categories":[12],"tags":[136,241,246,252],"class_list":["post-1347","post","type-post","status-publish","format-standard","hentry","category-traje-regional","tag-indumentaria-tradicional","tag-traje-baturro","tag-traje-folclorico-aragones","tag-traje-regional"],"jetpack_featured_media_url":"","jetpack_sharing_enabled":true,"_links":{"self":[{"href":"https:\/\/elpequenocatalan.com\/home\/index.php\/wp-json\/wp\/v2\/posts\/1347","targetHints":{"allow":["GET"]}}],"collection":[{"href":"https:\/\/elpequenocatalan.com\/home\/index.php\/wp-json\/wp\/v2\/posts"}],"about":[{"href":"https:\/\/elpequenocatalan.com\/home\/index.php\/wp-json\/wp\/v2\/types\/post"}],"author":[{"embeddable":true,"href":"https:\/\/elpequenocatalan.com\/home\/index.php\/wp-json\/wp\/v2\/users\/1"}],"replies":[{"embeddable":true,"href":"https:\/\/elpequenocatalan.com\/home\/index.php\/wp-json\/wp\/v2\/comments?post=1347"}],"version-history":[{"count":0,"href":"https:\/\/elpequenocatalan.com\/home\/index.php\/wp-json\/wp\/v2\/posts\/1347\/revisions"}],"wp:attachment":[{"href":"https:\/\/elpequenocatalan.com\/home\/index.php\/wp-json\/wp\/v2\/media?parent=1347"}],"wp:term":[{"taxonomy":"category","embeddable":true,"href":"https:\/\/elpequenocatalan.com\/home\/index.php\/wp-json\/wp\/v2\/categories?post=1347"},{"taxonomy":"post_tag","embeddable":true,"href":"https:\/\/elpequenocatalan.com\/home\/index.php\/wp-json\/wp\/v2\/tags?post=1347"}],"curies":[{"name":"wp","href":"https:\/\/api.w.org\/{rel}","templated":true}]}}