{"id":1358,"date":"2017-05-03T06:41:10","date_gmt":"2017-05-03T06:41:10","guid":{"rendered":"http:\/\/www.elpequenocatalan.com\/wp\/?p=1358"},"modified":"2017-05-03T06:41:10","modified_gmt":"2017-05-03T06:41:10","slug":"espectaculos","status":"publish","type":"post","link":"https:\/\/elpequenocatalan.com\/home\/index.php\/2017\/05\/03\/espectaculos\/","title":{"rendered":"Espect\u00e1culos"},"content":{"rendered":"<p><strong><a href=\"https:\/\/i0.wp.com\/fervent-wiles.82-194-67-113.plesk.page\/home\/wp-content\/uploads\/2017\/05\/P1015482.jpg?ssl=1\"><img data-recalc-dims=\"1\" loading=\"lazy\" decoding=\"async\" class=\"alignleft size-medium wp-image-1359\" src=\"https:\/\/i0.wp.com\/fervent-wiles.82-194-67-113.plesk.page\/home\/wp-content\/uploads\/2017\/05\/P1015482-300x225.jpg?resize=300%2C225&#038;ssl=1\" alt=\"\" width=\"300\" height=\"225\" \/><\/a>Bandas de M\u00fasica, Corales y Espect\u00e1culos<\/strong> se uniforman. Es un reto a la imaginaci\u00f3n en el que <strong>\u00abEl Peque\u00f1o Catal\u00e1n\u00bb<\/strong> puede ayudar con su experiencia, su diversidad de opciones y por su puesto con vuestras necesidades y gustos.<\/p>\n<p>\u00c9ste tipo de uniformidad tiene poco en com\u00fan con la forma de vestir de otros sectores laborales y es necesario recurrir a empresas profesionales conocedoras de sus peculiaridades.<\/p>\n<p>No es una tarea f\u00e1cil, ya que en una <strong>Banda Musical, Coral o Agrupaci\u00f3n<\/strong> <strong>de <a href=\"https:\/\/i0.wp.com\/fervent-wiles.82-194-67-113.plesk.page\/home\/wp-content\/uploads\/2017\/05\/P1015494.jpg?ssl=1\"><img data-recalc-dims=\"1\" loading=\"lazy\" decoding=\"async\" class=\"alignright size-medium wp-image-1362\" src=\"https:\/\/i0.wp.com\/fervent-wiles.82-194-67-113.plesk.page\/home\/wp-content\/uploads\/2017\/05\/P1015494-300x225.jpg?resize=300%2C225&#038;ssl=1\" alt=\"\" width=\"300\" height=\"225\" \/><\/a>Espect\u00e1culos<\/strong>, nos encontramos a hombres, mujeres y adolescentes, por lo que la talla y tambi\u00e9n su disponibilidad a lo largo del tiempo es importante y siempre sin dejar de lado la parte est\u00e9tica, ya que a fin de cuentas tratamos de la imagen de la agrupaci\u00f3n.<\/p>\n<p><strong>\u00abEl Peque\u00f1o Catal\u00e1n\u00bb<\/strong> con su dilatada experiencia, har\u00e1 de \u00e9sta tarea algo muy f\u00e1cil y satisfactorio.<\/p>\n\n<p>&nbsp;<\/p>\n","protected":false},"excerpt":{"rendered":"<p>Bandas de M\u00fasica, Corales y Espect\u00e1culos se uniforman. Es un reto a la imaginaci\u00f3n en el que \u00abEl Peque\u00f1o Catal\u00e1n\u00bb puede ayudar con su experiencia, su diversidad de opciones y por su puesto con vuestras necesidades y gustos. \u00c9ste tipo de uniformidad tiene poco en com\u00fan con la forma de vestir de otros sectores laborales [&hellip;]<\/p>\n","protected":false},"author":1,"featured_media":0,"comment_status":"closed","ping_status":"closed","sticky":false,"template":"","format":"standard","meta":{"ngg_post_thumbnail":0,"_jetpack_memberships_contains_paid_content":false,"footnotes":""},"categories":[2],"tags":[31,83,271],"class_list":["post-1358","post","type-post","status-publish","format-standard","hentry","category-bandas-de-musica","tag-bandas-de-musica","tag-corales","tag-uniformes-espectaculos"],"jetpack_featured_media_url":"","jetpack_sharing_enabled":true,"_links":{"self":[{"href":"https:\/\/elpequenocatalan.com\/home\/index.php\/wp-json\/wp\/v2\/posts\/1358","targetHints":{"allow":["GET"]}}],"collection":[{"href":"https:\/\/elpequenocatalan.com\/home\/index.php\/wp-json\/wp\/v2\/posts"}],"about":[{"href":"https:\/\/elpequenocatalan.com\/home\/index.php\/wp-json\/wp\/v2\/types\/post"}],"author":[{"embeddable":true,"href":"https:\/\/elpequenocatalan.com\/home\/index.php\/wp-json\/wp\/v2\/users\/1"}],"replies":[{"embeddable":true,"href":"https:\/\/elpequenocatalan.com\/home\/index.php\/wp-json\/wp\/v2\/comments?post=1358"}],"version-history":[{"count":0,"href":"https:\/\/elpequenocatalan.com\/home\/index.php\/wp-json\/wp\/v2\/posts\/1358\/revisions"}],"wp:attachment":[{"href":"https:\/\/elpequenocatalan.com\/home\/index.php\/wp-json\/wp\/v2\/media?parent=1358"}],"wp:term":[{"taxonomy":"category","embeddable":true,"href":"https:\/\/elpequenocatalan.com\/home\/index.php\/wp-json\/wp\/v2\/categories?post=1358"},{"taxonomy":"post_tag","embeddable":true,"href":"https:\/\/elpequenocatalan.com\/home\/index.php\/wp-json\/wp\/v2\/tags?post=1358"}],"curies":[{"name":"wp","href":"https:\/\/api.w.org\/{rel}","templated":true}]}}