{"id":1365,"date":"2017-05-05T06:42:49","date_gmt":"2017-05-05T06:42:49","guid":{"rendered":"http:\/\/www.elpequenocatalan.com\/wp\/?p=1365"},"modified":"2017-05-05T06:42:49","modified_gmt":"2017-05-05T06:42:49","slug":"el-yelmo-medieval","status":"publish","type":"post","link":"https:\/\/elpequenocatalan.com\/home\/index.php\/2017\/05\/05\/el-yelmo-medieval\/","title":{"rendered":"El Yelmo Medieval"},"content":{"rendered":"<p><a href=\"https:\/\/i0.wp.com\/fervent-wiles.82-194-67-113.plesk.page\/home\/wp-content\/uploads\/2017\/05\/P1015433.jpg?ssl=1\"><img data-recalc-dims=\"1\" loading=\"lazy\" decoding=\"async\" class=\"alignleft wp-image-1366\" src=\"https:\/\/i0.wp.com\/fervent-wiles.82-194-67-113.plesk.page\/home\/wp-content\/uploads\/2017\/05\/P1015433-300x225.jpg?resize=449%2C337&#038;ssl=1\" alt=\"\" width=\"449\" height=\"337\" \/><\/a>El <strong>Yelmo Medieval<\/strong> fue un elemento fundamental en la <strong>Baja Edad Media<\/strong> y formaba\u00a0parte de la armadura.\u00a0Llamado as\u00ed por su origen germ\u00e1nico <strong>\u00abHelm\u00bb<\/strong> y que proteg\u00eda la cabeza y el rostro de los guerreros y eran, l\u00f3gicamente, piezas imprescindibles en su indumentaria.<\/p>\n<p>Con el paso del tiempo y con su aspecto original, se han seguido utilizando en desfiles y torneos ambientados, por motivos de seguridad al igual que se usaban en su germen. As\u00ed mismo, se fabrican como elemento ornamental o decorativo.<\/p>\n<p>Sin embargo, de ese origen antiguo y con las mismas funciones, aunque con distinto aspecto, hoy en d\u00eda encontraremos cascos y protectores como pueden ser los cascos deportivos (motos, esgrima, etc&#8230;) o los cascos que portan algunas unidades policiales.<\/p>\n<p>Pero si deseas poseer una pieza de \u00e9stas caracter\u00edsticas, bien para completar tu <strong>Traje Medieval de Guerrero<\/strong>, como gran colof\u00f3n o como pieza de decoraci\u00f3n para proporcionar una atm\u00f3sfera especial a un espacio en tu hogar o tu negocio, simplemente ac\u00e9rcate a ver \u00e9stas maravillosas piezas a <strong>\u00abEl Peque\u00f1o Catal\u00e1n\u00bb.<\/strong><\/p>\n<p><a href=\"https:\/\/i0.wp.com\/fervent-wiles.82-194-67-113.plesk.page\/home\/wp-content\/uploads\/2017\/05\/P1015515.jpg?ssl=1\"><img data-recalc-dims=\"1\" loading=\"lazy\" decoding=\"async\" class=\"aligncenter size-large wp-image-1367\" src=\"https:\/\/i0.wp.com\/fervent-wiles.82-194-67-113.plesk.page\/home\/wp-content\/uploads\/2017\/05\/P1015515-1024x768.jpg?resize=640%2C480&#038;ssl=1\" alt=\"\" width=\"640\" height=\"480\" \/><\/a><\/p>\n<p>&nbsp;<\/p>\n<p>&nbsp;<\/p>\n","protected":false},"excerpt":{"rendered":"<p>El Yelmo Medieval fue un elemento fundamental en la Baja Edad Media y formaba\u00a0parte de la armadura.\u00a0Llamado as\u00ed por su origen germ\u00e1nico \u00abHelm\u00bb y que proteg\u00eda la cabeza y el rostro de los guerreros y eran, l\u00f3gicamente, piezas imprescindibles en su indumentaria. Con el paso del tiempo y con su aspecto original, se han seguido [&hellip;]<\/p>\n","protected":false},"author":1,"featured_media":0,"comment_status":"closed","ping_status":"closed","sticky":false,"template":"","format":"standard","meta":{"ngg_post_thumbnail":0,"_jetpack_memberships_contains_paid_content":false,"footnotes":""},"categories":[7],"tags":[161,235,250,251,277],"class_list":["post-1365","post","type-post","status-publish","format-standard","hentry","category-medievales","tag-mercado-medieval","tag-torneo-medieval","tag-traje-medieval","tag-traje-medieval-guerrero","tag-yelmo"],"jetpack_featured_media_url":"","jetpack_sharing_enabled":true,"_links":{"self":[{"href":"https:\/\/elpequenocatalan.com\/home\/index.php\/wp-json\/wp\/v2\/posts\/1365","targetHints":{"allow":["GET"]}}],"collection":[{"href":"https:\/\/elpequenocatalan.com\/home\/index.php\/wp-json\/wp\/v2\/posts"}],"about":[{"href":"https:\/\/elpequenocatalan.com\/home\/index.php\/wp-json\/wp\/v2\/types\/post"}],"author":[{"embeddable":true,"href":"https:\/\/elpequenocatalan.com\/home\/index.php\/wp-json\/wp\/v2\/users\/1"}],"replies":[{"embeddable":true,"href":"https:\/\/elpequenocatalan.com\/home\/index.php\/wp-json\/wp\/v2\/comments?post=1365"}],"version-history":[{"count":0,"href":"https:\/\/elpequenocatalan.com\/home\/index.php\/wp-json\/wp\/v2\/posts\/1365\/revisions"}],"wp:attachment":[{"href":"https:\/\/elpequenocatalan.com\/home\/index.php\/wp-json\/wp\/v2\/media?parent=1365"}],"wp:term":[{"taxonomy":"category","embeddable":true,"href":"https:\/\/elpequenocatalan.com\/home\/index.php\/wp-json\/wp\/v2\/categories?post=1365"},{"taxonomy":"post_tag","embeddable":true,"href":"https:\/\/elpequenocatalan.com\/home\/index.php\/wp-json\/wp\/v2\/tags?post=1365"}],"curies":[{"name":"wp","href":"https:\/\/api.w.org\/{rel}","templated":true}]}}