{"id":1380,"date":"2017-05-17T06:49:28","date_gmt":"2017-05-17T06:49:28","guid":{"rendered":"http:\/\/www.elpequenocatalan.com\/wp\/?p=1380"},"modified":"2017-05-17T06:49:28","modified_gmt":"2017-05-17T06:49:28","slug":"1617-y-18-de-junio-mercado-medieval-de-las-tres-culturas-en-zaragoza","status":"publish","type":"post","link":"https:\/\/elpequenocatalan.com\/home\/index.php\/2017\/05\/17\/1617-y-18-de-junio-mercado-medieval-de-las-tres-culturas-en-zaragoza\/","title":{"rendered":"16,17 y 18 de Junio, Mercado Medieval de las tres Culturas en Zaragoza"},"content":{"rendered":"<p>Si a\u00fan no te has preparado para el <strong>Mercado Medieval<\/strong> de las tres Culturas de Zaragoza, no te lo pienses m\u00e1s, ven a <strong>\u00abEl Peque\u00f1o Catal\u00e1n\u00bb.<\/strong><\/p>\n<p>\u00daltimo v\u00eddeo que podr\u00e1s ver en nuestro <a href=\"https:\/\/www.youtube.com\/channel\/UCsFaSggBkNI1quNba4cdV0Q\" target=\"_blank\" rel=\"noopener noreferrer\"><strong>Canal de Youtube<\/strong><\/a>.<\/p>\n<div class=\"jetpack-video-wrapper\"><iframe loading=\"lazy\" title=\"&quot;EL PEQUE\u00d1O CATAL\u00c1N&quot; MEDIEVAL II\" width=\"640\" height=\"360\" src=\"https:\/\/www.youtube.com\/embed\/dlr-OrhLkc8?feature=oembed\" frameborder=\"0\" allow=\"accelerometer; autoplay; clipboard-write; encrypted-media; gyroscope; picture-in-picture; web-share\" referrerpolicy=\"strict-origin-when-cross-origin\" allowfullscreen><\/iframe><\/div>\n","protected":false},"excerpt":{"rendered":"<p>Si a\u00fan no te has preparado para el Mercado Medieval de las tres Culturas de Zaragoza, no te lo pienses m\u00e1s, ven a \u00abEl Peque\u00f1o Catal\u00e1n\u00bb. \u00daltimo v\u00eddeo que podr\u00e1s ver en nuestro Canal de Youtube.<\/p>\n","protected":false},"author":1,"featured_media":0,"comment_status":"closed","ping_status":"closed","sticky":false,"template":"","format":"standard","meta":{"ngg_post_thumbnail":0,"_jetpack_memberships_contains_paid_content":false,"footnotes":""},"categories":[7],"tags":[85,102,104,161,250],"class_list":["post-1380","post","type-post","status-publish","format-standard","hentry","category-medievales","tag-cota-de-malla","tag-escudos","tag-espadas-medievales","tag-mercado-medieval","tag-traje-medieval"],"jetpack_featured_media_url":"","jetpack_sharing_enabled":true,"_links":{"self":[{"href":"https:\/\/elpequenocatalan.com\/home\/index.php\/wp-json\/wp\/v2\/posts\/1380","targetHints":{"allow":["GET"]}}],"collection":[{"href":"https:\/\/elpequenocatalan.com\/home\/index.php\/wp-json\/wp\/v2\/posts"}],"about":[{"href":"https:\/\/elpequenocatalan.com\/home\/index.php\/wp-json\/wp\/v2\/types\/post"}],"author":[{"embeddable":true,"href":"https:\/\/elpequenocatalan.com\/home\/index.php\/wp-json\/wp\/v2\/users\/1"}],"replies":[{"embeddable":true,"href":"https:\/\/elpequenocatalan.com\/home\/index.php\/wp-json\/wp\/v2\/comments?post=1380"}],"version-history":[{"count":0,"href":"https:\/\/elpequenocatalan.com\/home\/index.php\/wp-json\/wp\/v2\/posts\/1380\/revisions"}],"wp:attachment":[{"href":"https:\/\/elpequenocatalan.com\/home\/index.php\/wp-json\/wp\/v2\/media?parent=1380"}],"wp:term":[{"taxonomy":"category","embeddable":true,"href":"https:\/\/elpequenocatalan.com\/home\/index.php\/wp-json\/wp\/v2\/categories?post=1380"},{"taxonomy":"post_tag","embeddable":true,"href":"https:\/\/elpequenocatalan.com\/home\/index.php\/wp-json\/wp\/v2\/tags?post=1380"}],"curies":[{"name":"wp","href":"https:\/\/api.w.org\/{rel}","templated":true}]}}