{"id":1388,"date":"2017-05-26T07:17:43","date_gmt":"2017-05-26T07:17:43","guid":{"rendered":"http:\/\/www.elpequenocatalan.com\/wp\/?p=1388"},"modified":"2017-05-26T07:17:43","modified_gmt":"2017-05-26T07:17:43","slug":"vestirse-de-baturro-y-donde-llevar-el-movil","status":"publish","type":"post","link":"https:\/\/elpequenocatalan.com\/home\/index.php\/2017\/05\/26\/vestirse-de-baturro-y-donde-llevar-el-movil\/","title":{"rendered":"Vestirse de Baturro y d\u00f3nde llevar el m\u00f3vil"},"content":{"rendered":"<p><strong><a href=\"https:\/\/i0.wp.com\/fervent-wiles.82-194-67-113.plesk.page\/home\/wp-content\/uploads\/2017\/05\/P1015674.jpg?ssl=1\"><img data-recalc-dims=\"1\" loading=\"lazy\" decoding=\"async\" class=\"alignleft size-medium wp-image-1392\" src=\"https:\/\/i0.wp.com\/fervent-wiles.82-194-67-113.plesk.page\/home\/wp-content\/uploads\/2017\/05\/P1015674-300x225.jpg?resize=300%2C225&#038;ssl=1\" alt=\"\" width=\"300\" height=\"225\" \/><\/a>Vestirse de Baturro o Baturra<\/strong> es sin duda una de esas cosas que mejor sabemos hacer los Aragoneses y desde luego, una de las que m\u00e1s nos gusta en seg\u00fan que fechas y ocasiones. Pero siempre nos surge un peque\u00f1o inconveniente&#8230; d\u00f3nde llevo el m\u00f3vil? las llaves? o un pa\u00f1uelo?<\/p>\n<p>Seguramente nos sentimos aut\u00e9nticos y cargados de esas ra\u00edces que nos hacen cabezotas, nobles y divertidos.<\/p>\n<p>Vestirse con nuestro <strong>Traje t\u00edpico Aragon\u00e9s<\/strong> es todo un honor y &#8230; por qu\u00e9 no <a href=\"https:\/\/i0.wp.com\/fervent-wiles.82-194-67-113.plesk.page\/home\/wp-content\/uploads\/2017\/05\/P1015681.jpg?ssl=1\"><img data-recalc-dims=\"1\" loading=\"lazy\" decoding=\"async\" class=\"alignright size-medium wp-image-1395\" src=\"https:\/\/i0.wp.com\/fervent-wiles.82-194-67-113.plesk.page\/home\/wp-content\/uploads\/2017\/05\/P1015681-300x225.jpg?resize=300%2C225&#038;ssl=1\" alt=\"\" width=\"300\" height=\"225\" \/><\/a>decirlo un reto a nuestra actual forma de vida. As\u00ed es, porque quien m\u00e1s o quien menos, tiene que portar las llaves de casa, el D.N.I., algo de dinero y por supuesto el m\u00f3vil, pieza indispensable para comunicarse con la familia y amigos.<\/p>\n<p><strong>\u00abEl peque\u00f1o Catal\u00e1n\u00bb\u00a0<\/strong>te propone soluciones, aunque seguramente has solucionado \u00e9ste inconveniente en otras ocasiones utilizando un poquito de imaginaci\u00f3n.<\/p>\n<p>La alforja, el delantal, un peque\u00f1o bolso, un falso bolsillo oculto en el interior de la falda, son las soluciones m\u00e1s socorridas y m\u00e1s efectivas.<\/p>\n\n<p>&nbsp;<\/p>\n","protected":false},"excerpt":{"rendered":"<p>Vestirse de Baturro o Baturra es sin duda una de esas cosas que mejor sabemos hacer los Aragoneses y desde luego, una de las que m\u00e1s nos gusta en seg\u00fan que fechas y ocasiones. Pero siempre nos surge un peque\u00f1o inconveniente&#8230; d\u00f3nde llevo el m\u00f3vil? las llaves? o un pa\u00f1uelo? Seguramente nos sentimos aut\u00e9nticos y [&hellip;]<\/p>\n","protected":false},"author":1,"featured_media":0,"comment_status":"closed","ping_status":"closed","sticky":false,"template":"","format":"standard","meta":{"ngg_post_thumbnail":0,"_jetpack_memberships_contains_paid_content":false,"footnotes":""},"categories":[12],"tags":[241,246,253,257],"class_list":["post-1388","post","type-post","status-publish","format-standard","hentry","category-traje-regional","tag-traje-baturro","tag-traje-folclorico-aragones","tag-traje-regional-aragones","tag-traje-tipico-aragones"],"jetpack_featured_media_url":"","jetpack_sharing_enabled":true,"_links":{"self":[{"href":"https:\/\/elpequenocatalan.com\/home\/index.php\/wp-json\/wp\/v2\/posts\/1388","targetHints":{"allow":["GET"]}}],"collection":[{"href":"https:\/\/elpequenocatalan.com\/home\/index.php\/wp-json\/wp\/v2\/posts"}],"about":[{"href":"https:\/\/elpequenocatalan.com\/home\/index.php\/wp-json\/wp\/v2\/types\/post"}],"author":[{"embeddable":true,"href":"https:\/\/elpequenocatalan.com\/home\/index.php\/wp-json\/wp\/v2\/users\/1"}],"replies":[{"embeddable":true,"href":"https:\/\/elpequenocatalan.com\/home\/index.php\/wp-json\/wp\/v2\/comments?post=1388"}],"version-history":[{"count":0,"href":"https:\/\/elpequenocatalan.com\/home\/index.php\/wp-json\/wp\/v2\/posts\/1388\/revisions"}],"wp:attachment":[{"href":"https:\/\/elpequenocatalan.com\/home\/index.php\/wp-json\/wp\/v2\/media?parent=1388"}],"wp:term":[{"taxonomy":"category","embeddable":true,"href":"https:\/\/elpequenocatalan.com\/home\/index.php\/wp-json\/wp\/v2\/categories?post=1388"},{"taxonomy":"post_tag","embeddable":true,"href":"https:\/\/elpequenocatalan.com\/home\/index.php\/wp-json\/wp\/v2\/tags?post=1388"}],"curies":[{"name":"wp","href":"https:\/\/api.w.org\/{rel}","templated":true}]}}