{"id":1400,"date":"2017-05-31T06:54:07","date_gmt":"2017-05-31T06:54:07","guid":{"rendered":"http:\/\/www.elpequenocatalan.com\/wp\/?p=1400"},"modified":"2017-05-31T06:54:07","modified_gmt":"2017-05-31T06:54:07","slug":"traje-regional-grandes-descuentos-hasta-fin-de-existencias","status":"publish","type":"post","link":"https:\/\/elpequenocatalan.com\/home\/index.php\/2017\/05\/31\/traje-regional-grandes-descuentos-hasta-fin-de-existencias\/","title":{"rendered":"Traje Regional, Grandes Descuentos hasta Fin de Existencias"},"content":{"rendered":"<p><strong>\u00abEl Peque\u00f1o Catal\u00e1n\u00bb<\/strong> comienza sus grandes <strong>Descuentos en Traje Regional<\/strong>, con magn\u00edficas <strong>Ofertas<\/strong> dif\u00edciles de pasar por alto.<\/p>\n<p><span style=\"color: #00ffff;\"><em><strong>-\u00daltima Unidad !!! Traje de Baturra TOP<\/strong><\/em> :<\/span><\/p>\n<p>ANTES 549.90 \u20ac<\/p>\n<p>AHORA 365 \u20ac<\/p>\n<p><strong>Ahorra\u00a0\u00a0175 \u20ac<\/strong> y ll\u00e9vate \u00e9sta preciosa Oportunidad.<\/p>\n<p><a href=\"https:\/\/i0.wp.com\/fervent-wiles.82-194-67-113.plesk.page\/home\/wp-content\/uploads\/2017\/05\/P1015620.jpg?ssl=1\"><img data-recalc-dims=\"1\" loading=\"lazy\" decoding=\"async\" class=\"aligncenter size-large wp-image-1405\" src=\"https:\/\/i0.wp.com\/fervent-wiles.82-194-67-113.plesk.page\/home\/wp-content\/uploads\/2017\/05\/P1015620-1024x768.jpg?resize=640%2C480&#038;ssl=1\" alt=\"\" width=\"640\" height=\"480\" \/><\/a><\/p>\n<p><span style=\"color: #00ffff;\"><em><strong>-Excelente\u00a0Blusa Bucanera:<\/strong> <\/em>\u00a0<\/span><\/p>\n<p>ANTES : 146.10 \u20ac<\/p>\n<p>AHORA 116.88 \u20ac<\/p>\n<p>Un espectacular<strong> 20 % de Descuento<\/strong> hasta Fin de Existencias.<\/p>\n<p><a href=\"https:\/\/i0.wp.com\/fervent-wiles.82-194-67-113.plesk.page\/home\/wp-content\/uploads\/2017\/05\/P1015572.jpg?ssl=1\"><img data-recalc-dims=\"1\" loading=\"lazy\" decoding=\"async\" class=\"aligncenter size-large wp-image-1406\" src=\"https:\/\/i0.wp.com\/fervent-wiles.82-194-67-113.plesk.page\/home\/wp-content\/uploads\/2017\/05\/P1015572-1024x768.jpg?resize=640%2C480&#038;ssl=1\" alt=\"\" width=\"640\" height=\"480\" \/><\/a><\/p>\n<p><span style=\"color: #00ffff;\"><em><strong>&#8211; Mant\u00f3n Merino T-100 :<\/strong> <\/em><\/span><\/p>\n<p>ANTES: 40 \u20ac<\/p>\n<p>AHORA 20 \u20ac (50% de Descuento)<\/p>\n<p>Otro fant\u00e1stico<strong> 50 % de Descuento<\/strong> hasta Fin de Existencias.<\/p>\n<p><a href=\"https:\/\/i0.wp.com\/fervent-wiles.82-194-67-113.plesk.page\/home\/wp-content\/uploads\/2017\/05\/P1015583-e1496046505726.jpg?ssl=1\"><img data-recalc-dims=\"1\" loading=\"lazy\" decoding=\"async\" class=\"aligncenter size-large wp-image-1407\" src=\"https:\/\/i0.wp.com\/fervent-wiles.82-194-67-113.plesk.page\/home\/wp-content\/uploads\/2017\/05\/P1015583-e1496046505726-768x1024.jpg?resize=640%2C853&#038;ssl=1\" alt=\"\" width=\"640\" height=\"853\" \/><\/a><\/p>\n<p><span style=\"color: #00ffff;\"><em><strong>-Faldas Premium para ni\u00f1a T-30 :<\/strong> <\/em><\/span><\/p>\n<p>TAN SOLO 49.90 \u20ac<\/p>\n<p>(Confeccionada con telas de m\u00e1xima calidad, los mismos tejidos que se emplean para la elaboraci\u00f3n\u00a0de las faldas de gala del <strong>Traje Regional<\/strong> de mujer).<\/p>\n\n<p><span style=\"color: #a83434;\"><em><span style=\"color: #00ffff;\"><strong>&#8211; Corpi\u00f1o Jaspeado:<\/strong>\u00a0 \u00a0<\/span> \u00a0 \u00a0 \u00a0 \u00a0 \u00a0 \u00a0 \u00a0 \u00a0 \u00a0 \u00a0 \u00a0 \u00a0 \u00a0 \u00a0 \u00a0 \u00a0 \u00a0 \u00a0 \u00a0 \u00a0 \u00a0<\/em><\/span><\/p>\n<p>DESCUENTO de 50%<\/p>\n<p>Hasta Fin de Existencias.<\/p>\n<p><a href=\"https:\/\/i0.wp.com\/fervent-wiles.82-194-67-113.plesk.page\/home\/wp-content\/uploads\/2017\/05\/P1015595.jpg?ssl=1\"><img data-recalc-dims=\"1\" loading=\"lazy\" decoding=\"async\" class=\"aligncenter size-large wp-image-1410\" src=\"https:\/\/i0.wp.com\/fervent-wiles.82-194-67-113.plesk.page\/home\/wp-content\/uploads\/2017\/05\/P1015595-1024x768.jpg?resize=640%2C480&#038;ssl=1\" alt=\"\" width=\"640\" height=\"480\" \/><\/a><\/p>\n<p><span style=\"color: #00ffff;\"><em><strong>-Delantal Mujer: \u00a0<\/strong><\/em><\/span><\/p>\n<p>ANTES 25.90<\/p>\n<p>AHORA 20.72 \u20ac (20% Dto.)<\/p>\n<p>Hasta Fin de Existencias.<\/p>\n\n<p>&nbsp;<\/p>\n<p>&nbsp;<\/p>\n","protected":false},"excerpt":{"rendered":"<p>\u00abEl Peque\u00f1o Catal\u00e1n\u00bb comienza sus grandes Descuentos en Traje Regional, con magn\u00edficas Ofertas dif\u00edciles de pasar por alto. -\u00daltima Unidad !!! Traje de Baturra TOP : ANTES 549.90 \u20ac AHORA 365 \u20ac Ahorra\u00a0\u00a0175 \u20ac y ll\u00e9vate \u00e9sta preciosa Oportunidad. -Excelente\u00a0Blusa Bucanera: \u00a0 ANTES : 146.10 \u20ac AHORA 116.88 \u20ac Un espectacular 20 % de Descuento [&hellip;]<\/p>\n","protected":false},"author":1,"featured_media":0,"comment_status":"closed","ping_status":"closed","sticky":false,"template":"","format":"standard","meta":{"ngg_post_thumbnail":0,"_jetpack_memberships_contains_paid_content":false,"footnotes":""},"categories":[8,12],"tags":[45,84,153,240,247,252,257],"class_list":["post-1400","post","type-post","status-publish","format-standard","hentry","category-ofertas-y-promociones","category-traje-regional","tag-blusa-bucanera","tag-corpino","tag-manton-merino","tag-traje-baturra","tag-traje-folclorico-de-aragon","tag-traje-regional","tag-traje-tipico-aragones"],"jetpack_featured_media_url":"","jetpack_sharing_enabled":true,"_links":{"self":[{"href":"https:\/\/elpequenocatalan.com\/home\/index.php\/wp-json\/wp\/v2\/posts\/1400","targetHints":{"allow":["GET"]}}],"collection":[{"href":"https:\/\/elpequenocatalan.com\/home\/index.php\/wp-json\/wp\/v2\/posts"}],"about":[{"href":"https:\/\/elpequenocatalan.com\/home\/index.php\/wp-json\/wp\/v2\/types\/post"}],"author":[{"embeddable":true,"href":"https:\/\/elpequenocatalan.com\/home\/index.php\/wp-json\/wp\/v2\/users\/1"}],"replies":[{"embeddable":true,"href":"https:\/\/elpequenocatalan.com\/home\/index.php\/wp-json\/wp\/v2\/comments?post=1400"}],"version-history":[{"count":0,"href":"https:\/\/elpequenocatalan.com\/home\/index.php\/wp-json\/wp\/v2\/posts\/1400\/revisions"}],"wp:attachment":[{"href":"https:\/\/elpequenocatalan.com\/home\/index.php\/wp-json\/wp\/v2\/media?parent=1400"}],"wp:term":[{"taxonomy":"category","embeddable":true,"href":"https:\/\/elpequenocatalan.com\/home\/index.php\/wp-json\/wp\/v2\/categories?post=1400"},{"taxonomy":"post_tag","embeddable":true,"href":"https:\/\/elpequenocatalan.com\/home\/index.php\/wp-json\/wp\/v2\/tags?post=1400"}],"curies":[{"name":"wp","href":"https:\/\/api.w.org\/{rel}","templated":true}]}}