{"id":1429,"date":"2017-06-07T06:40:53","date_gmt":"2017-06-07T06:40:53","guid":{"rendered":"http:\/\/www.elpequenocatalan.com\/wp\/?p=1429"},"modified":"2017-06-07T06:40:53","modified_gmt":"2017-06-07T06:40:53","slug":"los-tejidos-medievales-en-el-pequeno-catalan","status":"publish","type":"post","link":"https:\/\/elpequenocatalan.com\/home\/index.php\/2017\/06\/07\/los-tejidos-medievales-en-el-pequeno-catalan\/","title":{"rendered":"Los Tejidos Medievales en \u00abEl Peque\u00f1o Catal\u00e1n\u00bb"},"content":{"rendered":"<p><a href=\"https:\/\/i0.wp.com\/fervent-wiles.82-194-67-113.plesk.page\/home\/wp-content\/uploads\/2017\/06\/IMG_0156-e1496814391600.jpg?ssl=1\"><img data-recalc-dims=\"1\" loading=\"lazy\" decoding=\"async\" class=\"alignleft size-medium wp-image-1430\" src=\"https:\/\/i0.wp.com\/fervent-wiles.82-194-67-113.plesk.page\/home\/wp-content\/uploads\/2017\/06\/IMG_0156-e1496814391600-200x300.jpg?resize=200%2C300&#038;ssl=1\" alt=\"\" width=\"200\" height=\"300\" \/><\/a>Los Tejidos <strong>Medievales<\/strong> en <strong>\u00abEl Peque\u00f1o Catal\u00e1n\u00bb<\/strong> son de gran importancia. Aportan realidad, a los <strong>Trajes Medievales<\/strong>, adem\u00e1s de una belleza y calidad inusitada.<\/p>\n<p>Tan importante es el Tejido,como en ocasiones una buena confecci\u00f3n, as\u00ed como una gama de colores acorde con el momento hist\u00f3rico que se representa. El uso de determinados elementos, como por ejemplo, una cremallera, restan veracidad a una prenda de la <strong>Edad Media<\/strong>, cuyos medios eran limitados.<\/p>\n<p>Los diferentes Trajes tienen un dise\u00f1o apropiado, seg\u00fan el estatus de la persona <a href=\"https:\/\/i0.wp.com\/fervent-wiles.82-194-67-113.plesk.page\/home\/wp-content\/uploads\/2017\/06\/IMG_0159.jpg?ssl=1\"><img data-recalc-dims=\"1\" loading=\"lazy\" decoding=\"async\" class=\"alignright size-medium wp-image-1431\" src=\"https:\/\/i0.wp.com\/fervent-wiles.82-194-67-113.plesk.page\/home\/wp-content\/uploads\/2017\/06\/IMG_0159-300x200.jpg?resize=300%2C200&#038;ssl=1\" alt=\"\" width=\"300\" height=\"200\" \/><\/a>que la hubiera llevado y de la misma manera los Tejidos son acordes, puesto que un terciopelo habr\u00eda sido llevado por un personaje de alta alcurnia, no debe ser aplicado a una prenda cualquiera.<\/p>\n<p>En Trajes Medievales, <strong>\u00abEl Peque\u00f1o Catal\u00e1n\u00bb<\/strong> tiene mucho que mostrarte.<\/p>\n<p><a href=\"https:\/\/i0.wp.com\/fervent-wiles.82-194-67-113.plesk.page\/home\/wp-content\/uploads\/2017\/06\/IMG_0168-e1496814448694.jpg?ssl=1\"><img data-recalc-dims=\"1\" loading=\"lazy\" decoding=\"async\" class=\"aligncenter size-large wp-image-1433\" src=\"https:\/\/i0.wp.com\/fervent-wiles.82-194-67-113.plesk.page\/home\/wp-content\/uploads\/2017\/06\/IMG_0168-e1496814448694-683x1024.jpg?resize=640%2C960&#038;ssl=1\" alt=\"\" width=\"640\" height=\"960\" \/><\/a><\/p>\n","protected":false},"excerpt":{"rendered":"<p>Los Tejidos Medievales en \u00abEl Peque\u00f1o Catal\u00e1n\u00bb son de gran importancia. Aportan realidad, a los Trajes Medievales, adem\u00e1s de una belleza y calidad inusitada. Tan importante es el Tejido,como en ocasiones una buena confecci\u00f3n, as\u00ed como una gama de colores acorde con el momento hist\u00f3rico que se representa. El uso de determinados elementos, como por [&hellip;]<\/p>\n","protected":false},"author":1,"featured_media":0,"comment_status":"closed","ping_status":"closed","sticky":false,"template":"","format":"standard","meta":{"ngg_post_thumbnail":0,"_jetpack_memberships_contains_paid_content":false,"footnotes":""},"categories":[7],"tags":[61,85,103,106,161,235,259],"class_list":["post-1429","post","type-post","status-publish","format-standard","hentry","category-medievales","tag-casco-medieval","tag-cota-de-malla","tag-espada-medieval","tag-estandarte-medieval","tag-mercado-medieval","tag-torneo-medieval","tag-trajes-medievales"],"jetpack_featured_media_url":"","jetpack_sharing_enabled":true,"_links":{"self":[{"href":"https:\/\/elpequenocatalan.com\/home\/index.php\/wp-json\/wp\/v2\/posts\/1429","targetHints":{"allow":["GET"]}}],"collection":[{"href":"https:\/\/elpequenocatalan.com\/home\/index.php\/wp-json\/wp\/v2\/posts"}],"about":[{"href":"https:\/\/elpequenocatalan.com\/home\/index.php\/wp-json\/wp\/v2\/types\/post"}],"author":[{"embeddable":true,"href":"https:\/\/elpequenocatalan.com\/home\/index.php\/wp-json\/wp\/v2\/users\/1"}],"replies":[{"embeddable":true,"href":"https:\/\/elpequenocatalan.com\/home\/index.php\/wp-json\/wp\/v2\/comments?post=1429"}],"version-history":[{"count":0,"href":"https:\/\/elpequenocatalan.com\/home\/index.php\/wp-json\/wp\/v2\/posts\/1429\/revisions"}],"wp:attachment":[{"href":"https:\/\/elpequenocatalan.com\/home\/index.php\/wp-json\/wp\/v2\/media?parent=1429"}],"wp:term":[{"taxonomy":"category","embeddable":true,"href":"https:\/\/elpequenocatalan.com\/home\/index.php\/wp-json\/wp\/v2\/categories?post=1429"},{"taxonomy":"post_tag","embeddable":true,"href":"https:\/\/elpequenocatalan.com\/home\/index.php\/wp-json\/wp\/v2\/tags?post=1429"}],"curies":[{"name":"wp","href":"https:\/\/api.w.org\/{rel}","templated":true}]}}