{"id":163,"date":"2015-07-23T10:51:52","date_gmt":"2015-07-23T10:51:52","guid":{"rendered":"http:\/\/www.elpequenocatalan.com\/wp\/?p=163"},"modified":"2015-07-23T10:51:52","modified_gmt":"2015-07-23T10:51:52","slug":"las-fiestas-en-verano","status":"publish","type":"post","link":"https:\/\/elpequenocatalan.com\/home\/index.php\/2015\/07\/23\/las-fiestas-en-verano\/","title":{"rendered":"Las fiestas en verano"},"content":{"rendered":"<p>Qu\u00e9 maravillosas son<strong> las fiestas en verano<\/strong>, en cada pueblo y en cada barrio; se disfruta de la m\u00fasica y el buen tiempo. Se engalanan los balcones y fachadas con <strong>banderas , banderines y balconeras<\/strong>, para hacer brillar la celebraci\u00f3n como se merece.<\/p>\n<p>&nbsp;<\/p>\n<p><a href=\"https:\/\/i0.wp.com\/fervent-wiles.82-194-67-113.plesk.page\/home\/wp-content\/uploads\/2015\/07\/balconadas.jpg?ssl=1\"><img data-recalc-dims=\"1\" loading=\"lazy\" decoding=\"async\" class=\"alignleft size-medium wp-image-768\" src=\"https:\/\/i0.wp.com\/fervent-wiles.82-194-67-113.plesk.page\/home\/wp-content\/uploads\/2015\/07\/balconadas-300x150.jpg?resize=300%2C150&#038;ssl=1\" alt=\"balconadas\" width=\"300\" height=\"150\" \/><\/a>Y qu\u00e9 guapas son las reinas de las fiestas, que representan a toda la comunidad con su belleza, simpat\u00eda e inteligencia. Vestidas con sus mejores galas y con sus <strong>bandas de honor<\/strong>.<\/p>\n<p>Tambi\u00e9n el alcalde y los concejales vestir\u00e1n con sus <strong>bandas honor\u00edficas<\/strong>, en los d\u00edas m\u00e1s representativos de su localidad, momento en el que reciben m\u00e1s visitas \u00a0y en el que demostrar con orgullo que su poblaci\u00f3n es la mejor, y ellos como buenos anfitriones, son los m\u00e1s hospitalarios.<\/p>\n<p>&nbsp;<\/p>\n<p><a href=\"https:\/\/i0.wp.com\/fervent-wiles.82-194-67-113.plesk.page\/home\/wp-content\/uploads\/2015\/07\/bandas-de-honor.jpg?ssl=1\"><img data-recalc-dims=\"1\" loading=\"lazy\" decoding=\"async\" class=\"alignright size-medium wp-image-769\" src=\"https:\/\/i0.wp.com\/fervent-wiles.82-194-67-113.plesk.page\/home\/wp-content\/uploads\/2015\/07\/bandas-de-honor-300x150.jpg?resize=300%2C150&#038;ssl=1\" alt=\"bandas de honor\" width=\"300\" height=\"150\" \/><\/a>Pero&#8230; \u00bfd\u00f3nde encontrar esas banderas, banderines, balconeras y bandas de honor, tan bonitas y que hacen resplandecer las fiestas? Pues es muy sencillo, s\u00f3lo hay que ponerse en contacto con <strong>\u00abEl Peque\u00f1o Catal\u00e1n\u00bb<\/strong> y tendr\u00e1s todo lo que buscas, de forma f\u00e1cil y con un magn\u00edfico asesoramiento. No dudes en llamar o mandar un correo y obt\u00e9n la respuesta que necesitas.<\/p>\n","protected":false},"excerpt":{"rendered":"<p>Qu\u00e9 maravillosas son las fiestas en verano, en cada pueblo y en cada barrio; se disfruta de la m\u00fasica y el buen tiempo. Se engalanan los balcones y fachadas con banderas , banderines y balconeras, para hacer brillar la celebraci\u00f3n como se merece. &nbsp; Y qu\u00e9 guapas son las reinas de las fiestas, que representan [&hellip;]<\/p>\n","protected":false},"author":1,"featured_media":0,"comment_status":"closed","ping_status":"closed","sticky":false,"template":"","format":"standard","meta":{"ngg_post_thumbnail":0,"_jetpack_memberships_contains_paid_content":false,"footnotes":""},"categories":[2,3],"tags":[29,30,35],"class_list":["post-163","post","type-post","status-publish","format-standard","hentry","category-bandas-de-musica","category-banderas","tag-balconadas","tag-bandas-de-honor","tag-banderines"],"jetpack_featured_media_url":"","jetpack_sharing_enabled":true,"_links":{"self":[{"href":"https:\/\/elpequenocatalan.com\/home\/index.php\/wp-json\/wp\/v2\/posts\/163","targetHints":{"allow":["GET"]}}],"collection":[{"href":"https:\/\/elpequenocatalan.com\/home\/index.php\/wp-json\/wp\/v2\/posts"}],"about":[{"href":"https:\/\/elpequenocatalan.com\/home\/index.php\/wp-json\/wp\/v2\/types\/post"}],"author":[{"embeddable":true,"href":"https:\/\/elpequenocatalan.com\/home\/index.php\/wp-json\/wp\/v2\/users\/1"}],"replies":[{"embeddable":true,"href":"https:\/\/elpequenocatalan.com\/home\/index.php\/wp-json\/wp\/v2\/comments?post=163"}],"version-history":[{"count":0,"href":"https:\/\/elpequenocatalan.com\/home\/index.php\/wp-json\/wp\/v2\/posts\/163\/revisions"}],"wp:attachment":[{"href":"https:\/\/elpequenocatalan.com\/home\/index.php\/wp-json\/wp\/v2\/media?parent=163"}],"wp:term":[{"taxonomy":"category","embeddable":true,"href":"https:\/\/elpequenocatalan.com\/home\/index.php\/wp-json\/wp\/v2\/categories?post=163"},{"taxonomy":"post_tag","embeddable":true,"href":"https:\/\/elpequenocatalan.com\/home\/index.php\/wp-json\/wp\/v2\/tags?post=163"}],"curies":[{"name":"wp","href":"https:\/\/api.w.org\/{rel}","templated":true}]}}