{"id":197,"date":"2015-08-25T08:19:02","date_gmt":"2015-08-25T08:19:02","guid":{"rendered":"http:\/\/www.elpequenocatalan.com\/wp\/?p=197"},"modified":"2015-08-25T08:19:02","modified_gmt":"2015-08-25T08:19:02","slug":"oferta-parkas-escolares-al-25","status":"publish","type":"post","link":"https:\/\/elpequenocatalan.com\/home\/index.php\/2015\/08\/25\/oferta-parkas-escolares-al-25\/","title":{"rendered":"Oferta, Parkas escolares al 25 %"},"content":{"rendered":"<p><a href=\"https:\/\/i0.wp.com\/fervent-wiles.82-194-67-113.plesk.page\/home\/wp-content\/uploads\/2015\/08\/dibujos-escolares-3.jpg?ssl=1\"><img data-recalc-dims=\"1\" loading=\"lazy\" decoding=\"async\" class=\"alignleft size-medium wp-image-198\" src=\"https:\/\/i0.wp.com\/fervent-wiles.82-194-67-113.plesk.page\/home\/wp-content\/uploads\/2015\/08\/dibujos-escolares-3-300x170.jpg?resize=300%2C170&#038;ssl=1\" alt=\"dibujos-escolares-3\" width=\"300\" height=\"170\" \/><\/a>No hay que descuidarse, que el tiempo vuela y aunque los ni\u00f1@s a\u00fan no han terminado sus vacaciones, hay que ir pensando en su regreso a las aulas. Quedan unos d\u00edas para organizarse y dejar todo preparado.<\/p>\n<p><strong>\u00abEl Peque\u00f1o Catal\u00e1n\u00bb<\/strong> tambi\u00e9n est\u00e1 pensando en ese momento, la famosa <strong>\u00abvuelta al cole\u00bb<\/strong>, as\u00ed que para los escolares, tenemos las <strong>Parkas al 25 %<\/strong> de descuento, de 59,90 Euros a 44,90 Euros hasta el 12 de Septiembre; un buen descuento en una prenda <strong>realmente bonita, c\u00f3moda y muy , muy calentita<\/strong>, para que nuestros chic@s pasen el invierno sin darse cuenta.<\/p>\n<p><a href=\"https:\/\/i0.wp.com\/fervent-wiles.82-194-67-113.plesk.page\/home\/wp-content\/uploads\/2015\/08\/imagen-dibujo-ninios-inclusion-educativa-web.jpg?ssl=1\"><img data-recalc-dims=\"1\" loading=\"lazy\" decoding=\"async\" class=\"aligncenter size-full wp-image-199\" src=\"https:\/\/i0.wp.com\/fervent-wiles.82-194-67-113.plesk.page\/home\/wp-content\/uploads\/2015\/08\/imagen-dibujo-ninios-inclusion-educativa-web.jpg?resize=570%2C259&#038;ssl=1\" alt=\"imagen-dibujo-ninios-inclusion-educativa-web\" width=\"570\" height=\"259\" \/><\/a><\/p>\n","protected":false},"excerpt":{"rendered":"<p>No hay que descuidarse, que el tiempo vuela y aunque los ni\u00f1@s a\u00fan no han terminado sus vacaciones, hay que ir pensando en su regreso a las aulas. Quedan unos d\u00edas para organizarse y dejar todo preparado. \u00abEl Peque\u00f1o Catal\u00e1n\u00bb tambi\u00e9n est\u00e1 pensando en ese momento, la famosa \u00abvuelta al cole\u00bb, as\u00ed que para los [&hellip;]<\/p>\n","protected":false},"author":1,"featured_media":0,"comment_status":"closed","ping_status":"closed","sticky":false,"template":"","format":"standard","meta":{"ngg_post_thumbnail":0,"_jetpack_memberships_contains_paid_content":false,"footnotes":""},"categories":[4,8],"tags":[79,174,276],"class_list":["post-197","post","type-post","status-publish","format-standard","hentry","category-colegiosguarderias","category-ofertas-y-promociones","tag-colegios","tag-ofertas","tag-vuelta-al-cole"],"jetpack_featured_media_url":"","jetpack_sharing_enabled":true,"_links":{"self":[{"href":"https:\/\/elpequenocatalan.com\/home\/index.php\/wp-json\/wp\/v2\/posts\/197","targetHints":{"allow":["GET"]}}],"collection":[{"href":"https:\/\/elpequenocatalan.com\/home\/index.php\/wp-json\/wp\/v2\/posts"}],"about":[{"href":"https:\/\/elpequenocatalan.com\/home\/index.php\/wp-json\/wp\/v2\/types\/post"}],"author":[{"embeddable":true,"href":"https:\/\/elpequenocatalan.com\/home\/index.php\/wp-json\/wp\/v2\/users\/1"}],"replies":[{"embeddable":true,"href":"https:\/\/elpequenocatalan.com\/home\/index.php\/wp-json\/wp\/v2\/comments?post=197"}],"version-history":[{"count":0,"href":"https:\/\/elpequenocatalan.com\/home\/index.php\/wp-json\/wp\/v2\/posts\/197\/revisions"}],"wp:attachment":[{"href":"https:\/\/elpequenocatalan.com\/home\/index.php\/wp-json\/wp\/v2\/media?parent=197"}],"wp:term":[{"taxonomy":"category","embeddable":true,"href":"https:\/\/elpequenocatalan.com\/home\/index.php\/wp-json\/wp\/v2\/categories?post=197"},{"taxonomy":"post_tag","embeddable":true,"href":"https:\/\/elpequenocatalan.com\/home\/index.php\/wp-json\/wp\/v2\/tags?post=197"}],"curies":[{"name":"wp","href":"https:\/\/api.w.org\/{rel}","templated":true}]}}