{"id":2488,"date":"2017-08-02T07:56:31","date_gmt":"2017-08-02T07:56:31","guid":{"rendered":"http:\/\/www.elpequenocatalan.com\/?p=2488"},"modified":"2017-08-02T07:56:31","modified_gmt":"2017-08-02T07:56:31","slug":"video-de-la-sesion-fotografica-medievales","status":"publish","type":"post","link":"https:\/\/elpequenocatalan.com\/home\/index.php\/2017\/08\/02\/video-de-la-sesion-fotografica-medievales\/","title":{"rendered":"Video de la sesi\u00f3n Fotogr\u00e1fica \u00abMedievales\u00bb"},"content":{"rendered":"<p><strong>\u00abEl Peque\u00f1o Catal\u00e1n\u00bb<\/strong> comparte con vosotros la sesi\u00f3n fotogr\u00e1fica realizada en el Pirineo, para mostrar sus maravillosos <strong>Trajes Medievales<\/strong>.&nbsp;<\/p>\n<p><strong>Trajes Medievales<\/strong> realizados con todos los detalles y accesorios, con tejidos acordes a la <strong>\u00c9poca Medieval<\/strong>. En busca de la autenticidad y en un entorno natural, muestra variedad y belleza.&nbsp;<\/p>\n<div class=\"jetpack-video-wrapper\"><iframe loading=\"lazy\" title=\"Medieval &quot;El Peque\u00f1o Catal\u00e1n&quot; sesi\u00f3n Fotogr\u00e1fica en el Pirineo\" width=\"640\" height=\"360\" src=\"https:\/\/www.youtube.com\/embed\/WKAvxbvfVKI?feature=oembed\" frameborder=\"0\" allow=\"accelerometer; autoplay; clipboard-write; encrypted-media; gyroscope; picture-in-picture; web-share\" referrerpolicy=\"strict-origin-when-cross-origin\" allowfullscreen><\/iframe><\/div>\n","protected":false},"excerpt":{"rendered":"<p>\u00abEl Peque\u00f1o Catal\u00e1n\u00bb comparte con vosotros la sesi\u00f3n fotogr\u00e1fica realizada en el Pirineo, para mostrar sus maravillosos Trajes Medievales.&nbsp; Trajes Medievales realizados con todos los detalles y accesorios, con tejidos acordes a la \u00c9poca Medieval. En busca de la autenticidad y en un entorno natural, muestra variedad y belleza.&nbsp;<\/p>\n","protected":false},"author":1,"featured_media":2493,"comment_status":"closed","ping_status":"closed","sticky":false,"template":"","format":"standard","meta":{"ngg_post_thumbnail":0,"_jetpack_memberships_contains_paid_content":false,"footnotes":""},"categories":[7],"tags":[305,103,161,235,259],"class_list":["post-2488","post","type-post","status-publish","format-standard","has-post-thumbnail","hentry","category-medievales","tag-ballesta-medieval","tag-espada-medieval","tag-mercado-medieval","tag-torneo-medieval","tag-trajes-medievales"],"jetpack_featured_media_url":"https:\/\/i0.wp.com\/elpequenocatalan.com\/home\/wp-content\/uploads\/2017\/08\/P1017479.jpg?fit=2736%2C3648&ssl=1","jetpack_sharing_enabled":true,"_links":{"self":[{"href":"https:\/\/elpequenocatalan.com\/home\/index.php\/wp-json\/wp\/v2\/posts\/2488","targetHints":{"allow":["GET"]}}],"collection":[{"href":"https:\/\/elpequenocatalan.com\/home\/index.php\/wp-json\/wp\/v2\/posts"}],"about":[{"href":"https:\/\/elpequenocatalan.com\/home\/index.php\/wp-json\/wp\/v2\/types\/post"}],"author":[{"embeddable":true,"href":"https:\/\/elpequenocatalan.com\/home\/index.php\/wp-json\/wp\/v2\/users\/1"}],"replies":[{"embeddable":true,"href":"https:\/\/elpequenocatalan.com\/home\/index.php\/wp-json\/wp\/v2\/comments?post=2488"}],"version-history":[{"count":6,"href":"https:\/\/elpequenocatalan.com\/home\/index.php\/wp-json\/wp\/v2\/posts\/2488\/revisions"}],"predecessor-version":[{"id":2495,"href":"https:\/\/elpequenocatalan.com\/home\/index.php\/wp-json\/wp\/v2\/posts\/2488\/revisions\/2495"}],"wp:featuredmedia":[{"embeddable":true,"href":"https:\/\/elpequenocatalan.com\/home\/index.php\/wp-json\/wp\/v2\/media\/2493"}],"wp:attachment":[{"href":"https:\/\/elpequenocatalan.com\/home\/index.php\/wp-json\/wp\/v2\/media?parent=2488"}],"wp:term":[{"taxonomy":"category","embeddable":true,"href":"https:\/\/elpequenocatalan.com\/home\/index.php\/wp-json\/wp\/v2\/categories?post=2488"},{"taxonomy":"post_tag","embeddable":true,"href":"https:\/\/elpequenocatalan.com\/home\/index.php\/wp-json\/wp\/v2\/tags?post=2488"}],"curies":[{"name":"wp","href":"https:\/\/api.w.org\/{rel}","templated":true}]}}