{"id":2598,"date":"2017-10-04T06:45:57","date_gmt":"2017-10-04T06:45:57","guid":{"rendered":"http:\/\/www.elpequenocatalan.com\/?p=2598"},"modified":"2017-10-04T06:45:57","modified_gmt":"2017-10-04T06:45:57","slug":"para-baturros-guapos","status":"publish","type":"post","link":"https:\/\/elpequenocatalan.com\/home\/index.php\/2017\/10\/04\/para-baturros-guapos\/","title":{"rendered":"Para Baturros guapos"},"content":{"rendered":"<p>Los T<strong>rajes Regionales de Caballero<\/strong>, el <strong>Traje de Baturro<\/strong>, puede llevar muchos complementos y para ir bien guapo, podemos a\u00f1adir a nuestra vestimenta preciosas <strong>Capas de Pa\u00f1o<\/strong>, con diferentes colores de vista interior, que adornan y prestan elegancia, adem\u00e1s de abrigar.<\/p>\n<p><img data-recalc-dims=\"1\" loading=\"lazy\" decoding=\"async\" class=\"aligncenter size-large wp-image-2599\" src=\"https:\/\/i0.wp.com\/fervent-wiles.82-194-67-113.plesk.page\/home\/wp-content\/uploads\/2017\/09\/P1017787-768x1024.jpg?resize=640%2C853&#038;ssl=1\" alt=\"\" width=\"640\" height=\"853\" srcset=\"https:\/\/i0.wp.com\/elpequenocatalan.com\/home\/wp-content\/uploads\/2017\/09\/P1017787.jpg?resize=768%2C1024&amp;ssl=1 768w, https:\/\/i0.wp.com\/elpequenocatalan.com\/home\/wp-content\/uploads\/2017\/09\/P1017787.jpg?resize=225%2C300&amp;ssl=1 225w, https:\/\/i0.wp.com\/elpequenocatalan.com\/home\/wp-content\/uploads\/2017\/09\/P1017787.jpg?resize=600%2C800&amp;ssl=1 600w, https:\/\/i0.wp.com\/elpequenocatalan.com\/home\/wp-content\/uploads\/2017\/09\/P1017787.jpg?resize=660%2C880&amp;ssl=1 660w, https:\/\/i0.wp.com\/elpequenocatalan.com\/home\/wp-content\/uploads\/2017\/09\/P1017787.jpg?w=1280&amp;ssl=1 1280w, https:\/\/i0.wp.com\/elpequenocatalan.com\/home\/wp-content\/uploads\/2017\/09\/P1017787.jpg?w=1920&amp;ssl=1 1920w\" sizes=\"auto, (max-width: 640px) 100vw, 640px\" \/><\/p>\n<p>Adem\u00e1s, si deseas renovar tu traje, ahora el <strong>Traje completo de caballero (chaleco + pantal\u00f3n) con un 10 % de Dto<\/strong>. en ambas prendas.<\/p>\n<p><strong>Y si lo que deseas es renovar el chaleco, ahora puedes hacer a mejor precio. Un 25 % de Dto.<\/strong> en chaleco recto de caballero.<\/p>\n<p><img data-recalc-dims=\"1\" loading=\"lazy\" decoding=\"async\" class=\"aligncenter size-large wp-image-2600\" src=\"https:\/\/i0.wp.com\/fervent-wiles.82-194-67-113.plesk.page\/home\/wp-content\/uploads\/2017\/09\/P1017784-768x1024.jpg?resize=640%2C853&#038;ssl=1\" alt=\"\" width=\"640\" height=\"853\" srcset=\"https:\/\/i0.wp.com\/elpequenocatalan.com\/home\/wp-content\/uploads\/2017\/09\/P1017784.jpg?resize=768%2C1024&amp;ssl=1 768w, https:\/\/i0.wp.com\/elpequenocatalan.com\/home\/wp-content\/uploads\/2017\/09\/P1017784.jpg?resize=225%2C300&amp;ssl=1 225w, https:\/\/i0.wp.com\/elpequenocatalan.com\/home\/wp-content\/uploads\/2017\/09\/P1017784.jpg?resize=600%2C800&amp;ssl=1 600w, https:\/\/i0.wp.com\/elpequenocatalan.com\/home\/wp-content\/uploads\/2017\/09\/P1017784.jpg?resize=660%2C880&amp;ssl=1 660w, https:\/\/i0.wp.com\/elpequenocatalan.com\/home\/wp-content\/uploads\/2017\/09\/P1017784.jpg?w=1280&amp;ssl=1 1280w, https:\/\/i0.wp.com\/elpequenocatalan.com\/home\/wp-content\/uploads\/2017\/09\/P1017784.jpg?w=1920&amp;ssl=1 1920w\" sizes=\"auto, (max-width: 640px) 100vw, 640px\" \/><\/p>\n<p>Y adem\u00e1s Alforjas, la peque\u00f1a pieza que no puede faltar y que nos ayuda a transportar esas peque\u00f1as cosas que no sabemos d\u00f3nde llevar en el momento de vestirnos con el<strong> Traje de Baturro<\/strong>. Lleva c\u00f3modamente tus llaves, el m\u00f3vil o un rico almuerzo !! Peque\u00f1os Tics que te aconsejar\u00e1 <strong>\u00abEl Peque\u00f1o Catal\u00e1n\u00bb<\/strong> por su larga experiencia. Vis\u00edtanos !!<\/p>\n<p><img data-recalc-dims=\"1\" loading=\"lazy\" decoding=\"async\" class=\"aligncenter size-large wp-image-2601\" src=\"https:\/\/i0.wp.com\/fervent-wiles.82-194-67-113.plesk.page\/home\/wp-content\/uploads\/2017\/09\/P1017785-768x1024.jpg?resize=640%2C853&#038;ssl=1\" alt=\"\" width=\"640\" height=\"853\" srcset=\"https:\/\/i0.wp.com\/elpequenocatalan.com\/home\/wp-content\/uploads\/2017\/09\/P1017785.jpg?resize=768%2C1024&amp;ssl=1 768w, https:\/\/i0.wp.com\/elpequenocatalan.com\/home\/wp-content\/uploads\/2017\/09\/P1017785.jpg?resize=225%2C300&amp;ssl=1 225w, https:\/\/i0.wp.com\/elpequenocatalan.com\/home\/wp-content\/uploads\/2017\/09\/P1017785.jpg?resize=600%2C800&amp;ssl=1 600w, https:\/\/i0.wp.com\/elpequenocatalan.com\/home\/wp-content\/uploads\/2017\/09\/P1017785.jpg?resize=660%2C880&amp;ssl=1 660w, https:\/\/i0.wp.com\/elpequenocatalan.com\/home\/wp-content\/uploads\/2017\/09\/P1017785.jpg?w=1280&amp;ssl=1 1280w, https:\/\/i0.wp.com\/elpequenocatalan.com\/home\/wp-content\/uploads\/2017\/09\/P1017785.jpg?w=1920&amp;ssl=1 1920w\" sizes=\"auto, (max-width: 640px) 100vw, 640px\" \/><\/p>\n<p>Lo \u00faltimo en pantal\u00f3n para ni\u00f1o, un nuevo color a vuestra disposici\u00f3n. El <strong>Traje Regional,<\/strong> sigue evolucionando y <strong>\u00abEl Peque\u00f1o Catal\u00e1n\u00bb<\/strong> sigue ofreciendo todas las posibilidades.<\/p>\n<p><img data-recalc-dims=\"1\" loading=\"lazy\" decoding=\"async\" class=\"aligncenter size-large wp-image-2606\" src=\"https:\/\/i0.wp.com\/fervent-wiles.82-194-67-113.plesk.page\/home\/wp-content\/uploads\/2017\/09\/P1017815-1024x768.jpg?resize=640%2C480&#038;ssl=1\" alt=\"\" width=\"640\" height=\"480\" srcset=\"https:\/\/i0.wp.com\/elpequenocatalan.com\/home\/wp-content\/uploads\/2017\/09\/P1017815.jpg?resize=1024%2C768&amp;ssl=1 1024w, https:\/\/i0.wp.com\/elpequenocatalan.com\/home\/wp-content\/uploads\/2017\/09\/P1017815.jpg?resize=300%2C225&amp;ssl=1 300w, https:\/\/i0.wp.com\/elpequenocatalan.com\/home\/wp-content\/uploads\/2017\/09\/P1017815.jpg?resize=768%2C576&amp;ssl=1 768w, https:\/\/i0.wp.com\/elpequenocatalan.com\/home\/wp-content\/uploads\/2017\/09\/P1017815.jpg?resize=600%2C450&amp;ssl=1 600w, https:\/\/i0.wp.com\/elpequenocatalan.com\/home\/wp-content\/uploads\/2017\/09\/P1017815.jpg?resize=660%2C495&amp;ssl=1 660w, https:\/\/i0.wp.com\/elpequenocatalan.com\/home\/wp-content\/uploads\/2017\/09\/P1017815.jpg?w=1280&amp;ssl=1 1280w, https:\/\/i0.wp.com\/elpequenocatalan.com\/home\/wp-content\/uploads\/2017\/09\/P1017815.jpg?w=1920&amp;ssl=1 1920w\" sizes=\"auto, (max-width: 640px) 100vw, 640px\" \/><\/p>\n<p><strong>Pantal\u00f3n de Baturro de pa\u00f1o para ni\u00f1o, en color Granate<\/strong>. Estilo y autenticidad en una sola pieza.&nbsp;<\/p>\n<p>Y no olvides la promoci\u00f3n: <strong>Traje completo para ni\u00f1o (chaleco + pantal\u00f3n) al 10 % de Dto. en ambas prendas. Misma promoci\u00f3n para el traje de Baturro de Caballero.<\/strong><\/p>\n","protected":false},"excerpt":{"rendered":"<p>Los Trajes Regionales de Caballero, el Traje de Baturro, puede llevar muchos complementos y para ir bien guapo, podemos a\u00f1adir a nuestra vestimenta preciosas Capas de Pa\u00f1o, con diferentes colores de vista interior, que adornan y prestan elegancia, adem\u00e1s de abrigar. Adem\u00e1s, si deseas renovar tu traje, ahora el Traje completo de caballero (chaleco + [&hellip;]<\/p>\n","protected":false},"author":1,"featured_media":2602,"comment_status":"closed","ping_status":"closed","sticky":false,"template":"","format":"standard","meta":{"ngg_post_thumbnail":0,"_jetpack_memberships_contains_paid_content":false,"footnotes":""},"categories":[8,12],"tags":[238,241,246,249],"class_list":["post-2598","post","type-post","status-publish","format-standard","has-post-thumbnail","hentry","category-ofertas-y-promociones","category-traje-regional","tag-traje-aragones","tag-traje-baturro","tag-traje-folclorico-aragones","tag-traje-jotero"],"jetpack_featured_media_url":"https:\/\/i0.wp.com\/elpequenocatalan.com\/home\/wp-content\/uploads\/2017\/09\/P1017791.jpg?fit=3648%2C2736&ssl=1","jetpack_sharing_enabled":true,"_links":{"self":[{"href":"https:\/\/elpequenocatalan.com\/home\/index.php\/wp-json\/wp\/v2\/posts\/2598","targetHints":{"allow":["GET"]}}],"collection":[{"href":"https:\/\/elpequenocatalan.com\/home\/index.php\/wp-json\/wp\/v2\/posts"}],"about":[{"href":"https:\/\/elpequenocatalan.com\/home\/index.php\/wp-json\/wp\/v2\/types\/post"}],"author":[{"embeddable":true,"href":"https:\/\/elpequenocatalan.com\/home\/index.php\/wp-json\/wp\/v2\/users\/1"}],"replies":[{"embeddable":true,"href":"https:\/\/elpequenocatalan.com\/home\/index.php\/wp-json\/wp\/v2\/comments?post=2598"}],"version-history":[{"count":2,"href":"https:\/\/elpequenocatalan.com\/home\/index.php\/wp-json\/wp\/v2\/posts\/2598\/revisions"}],"predecessor-version":[{"id":2612,"href":"https:\/\/elpequenocatalan.com\/home\/index.php\/wp-json\/wp\/v2\/posts\/2598\/revisions\/2612"}],"wp:featuredmedia":[{"embeddable":true,"href":"https:\/\/elpequenocatalan.com\/home\/index.php\/wp-json\/wp\/v2\/media\/2602"}],"wp:attachment":[{"href":"https:\/\/elpequenocatalan.com\/home\/index.php\/wp-json\/wp\/v2\/media?parent=2598"}],"wp:term":[{"taxonomy":"category","embeddable":true,"href":"https:\/\/elpequenocatalan.com\/home\/index.php\/wp-json\/wp\/v2\/categories?post=2598"},{"taxonomy":"post_tag","embeddable":true,"href":"https:\/\/elpequenocatalan.com\/home\/index.php\/wp-json\/wp\/v2\/tags?post=2598"}],"curies":[{"name":"wp","href":"https:\/\/api.w.org\/{rel}","templated":true}]}}