{"id":2618,"date":"2017-10-05T11:16:22","date_gmt":"2017-10-05T11:16:22","guid":{"rendered":"http:\/\/www.elpequenocatalan.com\/?p=2618"},"modified":"2017-10-05T11:16:22","modified_gmt":"2017-10-05T11:16:22","slug":"el-pequeno-catalan-y-las-banderas","status":"publish","type":"post","link":"https:\/\/elpequenocatalan.com\/home\/index.php\/2017\/10\/05\/el-pequeno-catalan-y-las-banderas\/","title":{"rendered":"\u00abEl Peque\u00f1o Catal\u00e1n\u00bb y las Banderas"},"content":{"rendered":"<h4>Hoy en <strong>\u00abEl Pa\u00eds\u00bb<\/strong> se publica un interesante art\u00edculo sobre la centenaria tienda Zaragozana:<\/h4>\n<h3 class=\"articulo-subtitulo\">La centenaria tienda zaragozana fue una de las favoritas para comprar ense\u00f1as contrarias al refer\u00e9ndum.<\/h3>\n<p><img data-recalc-dims=\"1\" loading=\"lazy\" decoding=\"async\" class=\"aligncenter size-full wp-image-2619\" src=\"https:\/\/i0.wp.com\/fervent-wiles.82-194-67-113.plesk.page\/home\/wp-content\/uploads\/2017\/10\/1506959239_239462_1506959374_noticia_normal.jpg?resize=640%2C426&#038;ssl=1\" alt=\"\" width=\"640\" height=\"426\" srcset=\"https:\/\/i0.wp.com\/elpequenocatalan.com\/home\/wp-content\/uploads\/2017\/10\/1506959239_239462_1506959374_noticia_normal.jpg?w=980&amp;ssl=1 980w, https:\/\/i0.wp.com\/elpequenocatalan.com\/home\/wp-content\/uploads\/2017\/10\/1506959239_239462_1506959374_noticia_normal.jpg?resize=300%2C200&amp;ssl=1 300w, https:\/\/i0.wp.com\/elpequenocatalan.com\/home\/wp-content\/uploads\/2017\/10\/1506959239_239462_1506959374_noticia_normal.jpg?resize=768%2C512&amp;ssl=1 768w, https:\/\/i0.wp.com\/elpequenocatalan.com\/home\/wp-content\/uploads\/2017\/10\/1506959239_239462_1506959374_noticia_normal.jpg?resize=600%2C400&amp;ssl=1 600w, https:\/\/i0.wp.com\/elpequenocatalan.com\/home\/wp-content\/uploads\/2017\/10\/1506959239_239462_1506959374_noticia_normal.jpg?resize=200%2C133&amp;ssl=1 200w, https:\/\/i0.wp.com\/elpequenocatalan.com\/home\/wp-content\/uploads\/2017\/10\/1506959239_239462_1506959374_noticia_normal.jpg?resize=660%2C440&amp;ssl=1 660w\" sizes=\"auto, (max-width: 640px) 100vw, 640px\" \/><\/p>\n<p><a href=\"https:\/\/fervent-wiles.82-194-67-113.plesk.page\/home\/\" target=\"_blank\" rel=\"noopener\">El Peque\u00f1o Catal\u00e1n<\/a>&nbsp;nunca hab\u00eda vendido tantos metros de bandera de Espa\u00f1a. \u00abNi en los mundiales hubo tanta demanda como ante el refer\u00e9ndum del 1-O\u00bb, dice Alfonso Pomar, encargado del marketing en esta centenaria tienda de Zaragoza. \u00abNosotros no nos metemos en pol\u00edtica, simplemente vendemos lo que pide el p\u00fablico, as\u00ed es como un comercio sobrevive 150 a\u00f1os\u00bb, afirma el tataranieto del primer Pomar que entr\u00f3 a trabajar en <strong>\u00abEl Peque\u00f1o Catal\u00e1n\u00bb<\/strong>.<\/p>\n<p>Ver art\u00edculo original <a href=\"https:\/\/politica.elpais.com\/politica\/2017\/10\/02\/diario_de_espana\/1506959239_239462.amp.html\" target=\"_blank\" rel=\"noopener\">aqu\u00ed<\/a>.<\/p>\n<p><strong>\u00abEl Peque\u00f1o Catal\u00e1n\u00bb<\/strong>&nbsp;tienda zaragozana, es una empresa familiar fundada en <strong>1860<\/strong>, han sido<strong> 6 generaciones<\/strong> atendiendo al p\u00fablico y las nuevas que vienen.<\/p>\n<p>&nbsp;<\/p>\n<p>&nbsp;<\/p>\n<p>&nbsp;<\/p>\n","protected":false},"excerpt":{"rendered":"<p>Hoy en \u00abEl Pa\u00eds\u00bb se publica un interesante art\u00edculo sobre la centenaria tienda Zaragozana: La centenaria tienda zaragozana fue una de las favoritas para comprar ense\u00f1as contrarias al refer\u00e9ndum. El Peque\u00f1o Catal\u00e1n&nbsp;nunca hab\u00eda vendido tantos metros de bandera de Espa\u00f1a. \u00abNi en los mundiales hubo tanta demanda como ante el refer\u00e9ndum del 1-O\u00bb, dice Alfonso [&hellip;]<\/p>\n","protected":false},"author":1,"featured_media":2620,"comment_status":"closed","ping_status":"closed","sticky":false,"template":"","format":"standard","meta":{"ngg_post_thumbnail":0,"_jetpack_memberships_contains_paid_content":false,"footnotes":""},"categories":[3],"tags":[334,33,95],"class_list":["post-2618","post","type-post","status-publish","format-standard","has-post-thumbnail","hentry","category-banderas","tag-1-o","tag-banderas","tag-el-pequeno-catalan"],"jetpack_featured_media_url":"https:\/\/i0.wp.com\/elpequenocatalan.com\/home\/wp-content\/uploads\/2017\/10\/BANDERA.jpg?fit=275%2C183&ssl=1","jetpack_sharing_enabled":true,"_links":{"self":[{"href":"https:\/\/elpequenocatalan.com\/home\/index.php\/wp-json\/wp\/v2\/posts\/2618","targetHints":{"allow":["GET"]}}],"collection":[{"href":"https:\/\/elpequenocatalan.com\/home\/index.php\/wp-json\/wp\/v2\/posts"}],"about":[{"href":"https:\/\/elpequenocatalan.com\/home\/index.php\/wp-json\/wp\/v2\/types\/post"}],"author":[{"embeddable":true,"href":"https:\/\/elpequenocatalan.com\/home\/index.php\/wp-json\/wp\/v2\/users\/1"}],"replies":[{"embeddable":true,"href":"https:\/\/elpequenocatalan.com\/home\/index.php\/wp-json\/wp\/v2\/comments?post=2618"}],"version-history":[{"count":1,"href":"https:\/\/elpequenocatalan.com\/home\/index.php\/wp-json\/wp\/v2\/posts\/2618\/revisions"}],"predecessor-version":[{"id":2621,"href":"https:\/\/elpequenocatalan.com\/home\/index.php\/wp-json\/wp\/v2\/posts\/2618\/revisions\/2621"}],"wp:featuredmedia":[{"embeddable":true,"href":"https:\/\/elpequenocatalan.com\/home\/index.php\/wp-json\/wp\/v2\/media\/2620"}],"wp:attachment":[{"href":"https:\/\/elpequenocatalan.com\/home\/index.php\/wp-json\/wp\/v2\/media?parent=2618"}],"wp:term":[{"taxonomy":"category","embeddable":true,"href":"https:\/\/elpequenocatalan.com\/home\/index.php\/wp-json\/wp\/v2\/categories?post=2618"},{"taxonomy":"post_tag","embeddable":true,"href":"https:\/\/elpequenocatalan.com\/home\/index.php\/wp-json\/wp\/v2\/tags?post=2618"}],"curies":[{"name":"wp","href":"https:\/\/api.w.org\/{rel}","templated":true}]}}