{"id":2629,"date":"2017-10-18T08:42:42","date_gmt":"2017-10-18T08:42:42","guid":{"rendered":"http:\/\/www.elpequenocatalan.com\/?p=2629"},"modified":"2017-10-18T08:42:42","modified_gmt":"2017-10-18T08:42:42","slug":"trucos-de-limpieza-para-nuestros-trajes-regionales","status":"publish","type":"post","link":"https:\/\/elpequenocatalan.com\/home\/index.php\/2017\/10\/18\/trucos-de-limpieza-para-nuestros-trajes-regionales\/","title":{"rendered":"Trucos de Limpieza para nuestros Trajes Regionales"},"content":{"rendered":"<p>Como cada a\u00f1o, <strong>\u00abEl Peque\u00f1o Catal\u00e1n\u00bb<\/strong>nos recuerda unos f\u00e1ciles Trucos de Limpieza para nuestros <strong>Trajes Regionales.<\/strong><\/p>\n<p>Despu\u00e9s de pasarlo bien en las <strong>Fiestas del Pilar<\/strong>, toca limpiar y recoger \u00e9stos preciosos <strong>Trajes de Baturr@<\/strong>, y en ocasiones desconocemos c\u00f3mo hacerlo.&nbsp;<\/p>\n<p><a href=\"https:\/\/fervent-wiles.82-194-67-113.plesk.page\/home\/index.php\/2015\/11\/13\/consejo-de-mantenimiento-para-los-flecos-de-tu-manton\/\" target=\"_blank\" rel=\"noopener\"><strong>Aqu\u00ed<\/strong><\/a> encontrar\u00e1s un sencillo consejo de mantenimiento para los <strong>flecos de tu<\/strong> <strong>mant\u00f3n<\/strong>.<\/p>\n<p><img data-recalc-dims=\"1\" loading=\"lazy\" decoding=\"async\" class=\"aligncenter size-large wp-image-2631\" src=\"https:\/\/i0.wp.com\/fervent-wiles.82-194-67-113.plesk.page\/home\/wp-content\/uploads\/2017\/10\/P1014153-1024x768.jpg?resize=640%2C480&#038;ssl=1\" alt=\"\" width=\"640\" height=\"480\" srcset=\"https:\/\/i0.wp.com\/elpequenocatalan.com\/home\/wp-content\/uploads\/2017\/10\/P1014153.jpg?resize=1024%2C768&amp;ssl=1 1024w, https:\/\/i0.wp.com\/elpequenocatalan.com\/home\/wp-content\/uploads\/2017\/10\/P1014153.jpg?resize=300%2C225&amp;ssl=1 300w, https:\/\/i0.wp.com\/elpequenocatalan.com\/home\/wp-content\/uploads\/2017\/10\/P1014153.jpg?resize=768%2C576&amp;ssl=1 768w, https:\/\/i0.wp.com\/elpequenocatalan.com\/home\/wp-content\/uploads\/2017\/10\/P1014153.jpg?resize=600%2C450&amp;ssl=1 600w, https:\/\/i0.wp.com\/elpequenocatalan.com\/home\/wp-content\/uploads\/2017\/10\/P1014153.jpg?resize=660%2C495&amp;ssl=1 660w, https:\/\/i0.wp.com\/elpequenocatalan.com\/home\/wp-content\/uploads\/2017\/10\/P1014153.jpg?w=1280&amp;ssl=1 1280w, https:\/\/i0.wp.com\/elpequenocatalan.com\/home\/wp-content\/uploads\/2017\/10\/P1014153.jpg?w=1920&amp;ssl=1 1920w\" sizes=\"auto, (max-width: 640px) 100vw, 640px\" \/><\/p>\n<p>Pinchando <a href=\"https:\/\/fervent-wiles.82-194-67-113.plesk.page\/home\/index.php\/2015\/11\/07\/truco-lavar-los-mantones-de-rayon\/\" target=\"_blank\" rel=\"noopener\"><strong>aqu\u00ed<\/strong><\/a>, un truco para lavar los <strong>mantones de Ray\u00f3n<\/strong>.<\/p>\n<p><img data-recalc-dims=\"1\" loading=\"lazy\" decoding=\"async\" class=\"aligncenter size-large wp-image-2632\" src=\"https:\/\/i0.wp.com\/fervent-wiles.82-194-67-113.plesk.page\/home\/wp-content\/uploads\/2017\/10\/P1014203-1024x768.jpg?resize=640%2C480&#038;ssl=1\" alt=\"\" width=\"640\" height=\"480\" srcset=\"https:\/\/i0.wp.com\/elpequenocatalan.com\/home\/wp-content\/uploads\/2017\/10\/P1014203.jpg?resize=1024%2C768&amp;ssl=1 1024w, https:\/\/i0.wp.com\/elpequenocatalan.com\/home\/wp-content\/uploads\/2017\/10\/P1014203.jpg?resize=300%2C225&amp;ssl=1 300w, https:\/\/i0.wp.com\/elpequenocatalan.com\/home\/wp-content\/uploads\/2017\/10\/P1014203.jpg?resize=768%2C576&amp;ssl=1 768w, https:\/\/i0.wp.com\/elpequenocatalan.com\/home\/wp-content\/uploads\/2017\/10\/P1014203.jpg?resize=600%2C450&amp;ssl=1 600w, https:\/\/i0.wp.com\/elpequenocatalan.com\/home\/wp-content\/uploads\/2017\/10\/P1014203.jpg?resize=660%2C495&amp;ssl=1 660w, https:\/\/i0.wp.com\/elpequenocatalan.com\/home\/wp-content\/uploads\/2017\/10\/P1014203.jpg?w=1280&amp;ssl=1 1280w, https:\/\/i0.wp.com\/elpequenocatalan.com\/home\/wp-content\/uploads\/2017\/10\/P1014203.jpg?w=1920&amp;ssl=1 1920w\" sizes=\"auto, (max-width: 640px) 100vw, 640px\" \/><\/p>\n<p>Y <a href=\"https:\/\/fervent-wiles.82-194-67-113.plesk.page\/home\/index.php\/2016\/01\/23\/truco-traje-regional-como-limpiar-y-mantener-bonito-el-terciopelo-de-los-chalecos-y-calzones\/\" target=\"_blank\" rel=\"noopener\"><strong>aqu\u00ed<\/strong><\/a>, c\u00f3mo limpiar y mantener bonito el terciopelo de <strong>Chalecos y Calzones<\/strong>.<\/p>\n<p><img data-recalc-dims=\"1\" loading=\"lazy\" decoding=\"async\" class=\"aligncenter size-large wp-image-2630\" src=\"https:\/\/i0.wp.com\/fervent-wiles.82-194-67-113.plesk.page\/home\/wp-content\/uploads\/2017\/10\/IMG_8390-683x1024.jpg?resize=640%2C960&#038;ssl=1\" alt=\"\" width=\"640\" height=\"960\" srcset=\"https:\/\/i0.wp.com\/elpequenocatalan.com\/home\/wp-content\/uploads\/2017\/10\/IMG_8390.jpg?resize=683%2C1024&amp;ssl=1 683w, https:\/\/i0.wp.com\/elpequenocatalan.com\/home\/wp-content\/uploads\/2017\/10\/IMG_8390.jpg?resize=200%2C300&amp;ssl=1 200w, https:\/\/i0.wp.com\/elpequenocatalan.com\/home\/wp-content\/uploads\/2017\/10\/IMG_8390.jpg?resize=768%2C1152&amp;ssl=1 768w, https:\/\/i0.wp.com\/elpequenocatalan.com\/home\/wp-content\/uploads\/2017\/10\/IMG_8390.jpg?resize=600%2C900&amp;ssl=1 600w, https:\/\/i0.wp.com\/elpequenocatalan.com\/home\/wp-content\/uploads\/2017\/10\/IMG_8390.jpg?resize=660%2C990&amp;ssl=1 660w, https:\/\/i0.wp.com\/elpequenocatalan.com\/home\/wp-content\/uploads\/2017\/10\/IMG_8390.jpg?w=1280&amp;ssl=1 1280w, https:\/\/i0.wp.com\/elpequenocatalan.com\/home\/wp-content\/uploads\/2017\/10\/IMG_8390.jpg?w=1920&amp;ssl=1 1920w\" sizes=\"auto, (max-width: 640px) 100vw, 640px\" \/><\/p>\n<p>&nbsp;<\/p>\n","protected":false},"excerpt":{"rendered":"<p>Como cada a\u00f1o, \u00abEl Peque\u00f1o Catal\u00e1n\u00bbnos recuerda unos f\u00e1ciles Trucos de Limpieza para nuestros Trajes Regionales. Despu\u00e9s de pasarlo bien en las Fiestas del Pilar, toca limpiar y recoger \u00e9stos preciosos Trajes de Baturr@, y en ocasiones desconocemos c\u00f3mo hacerlo.&nbsp; Aqu\u00ed encontrar\u00e1s un sencillo consejo de mantenimiento para los flecos de tu mant\u00f3n. Pinchando aqu\u00ed, [&hellip;]<\/p>\n","protected":false},"author":1,"featured_media":2634,"comment_status":"closed","ping_status":"closed","sticky":false,"template":"","format":"standard","meta":{"ngg_post_thumbnail":0,"_jetpack_memberships_contains_paid_content":false,"footnotes":""},"categories":[12],"tags":[337,336,338,335,241,252,257],"class_list":["post-2629","post","type-post","status-publish","format-standard","has-post-thumbnail","hentry","category-traje-regional","tag-como-limpiar-flecos-manton","tag-como-limpiar-manton","tag-como-limpiar-terciopelo","tag-como-limpiar-traje-regional","tag-traje-baturro","tag-traje-regional","tag-traje-tipico-aragones"],"jetpack_featured_media_url":"https:\/\/i0.wp.com\/elpequenocatalan.com\/home\/wp-content\/uploads\/2017\/10\/imgres.jpg?fit=183%2C275&ssl=1","jetpack_sharing_enabled":true,"_links":{"self":[{"href":"https:\/\/elpequenocatalan.com\/home\/index.php\/wp-json\/wp\/v2\/posts\/2629","targetHints":{"allow":["GET"]}}],"collection":[{"href":"https:\/\/elpequenocatalan.com\/home\/index.php\/wp-json\/wp\/v2\/posts"}],"about":[{"href":"https:\/\/elpequenocatalan.com\/home\/index.php\/wp-json\/wp\/v2\/types\/post"}],"author":[{"embeddable":true,"href":"https:\/\/elpequenocatalan.com\/home\/index.php\/wp-json\/wp\/v2\/users\/1"}],"replies":[{"embeddable":true,"href":"https:\/\/elpequenocatalan.com\/home\/index.php\/wp-json\/wp\/v2\/comments?post=2629"}],"version-history":[{"count":1,"href":"https:\/\/elpequenocatalan.com\/home\/index.php\/wp-json\/wp\/v2\/posts\/2629\/revisions"}],"predecessor-version":[{"id":2633,"href":"https:\/\/elpequenocatalan.com\/home\/index.php\/wp-json\/wp\/v2\/posts\/2629\/revisions\/2633"}],"wp:featuredmedia":[{"embeddable":true,"href":"https:\/\/elpequenocatalan.com\/home\/index.php\/wp-json\/wp\/v2\/media\/2634"}],"wp:attachment":[{"href":"https:\/\/elpequenocatalan.com\/home\/index.php\/wp-json\/wp\/v2\/media?parent=2629"}],"wp:term":[{"taxonomy":"category","embeddable":true,"href":"https:\/\/elpequenocatalan.com\/home\/index.php\/wp-json\/wp\/v2\/categories?post=2629"},{"taxonomy":"post_tag","embeddable":true,"href":"https:\/\/elpequenocatalan.com\/home\/index.php\/wp-json\/wp\/v2\/tags?post=2629"}],"curies":[{"name":"wp","href":"https:\/\/api.w.org\/{rel}","templated":true}]}}