{"id":2659,"date":"2017-10-31T09:23:01","date_gmt":"2017-10-31T09:23:01","guid":{"rendered":"http:\/\/www.elpequenocatalan.com\/?p=2659"},"modified":"2017-10-31T09:23:01","modified_gmt":"2017-10-31T09:23:01","slug":"batas-personalizadas-para-profes","status":"publish","type":"post","link":"https:\/\/elpequenocatalan.com\/home\/index.php\/2017\/10\/31\/batas-personalizadas-para-profes\/","title":{"rendered":"Batas Personalizadas para Profes"},"content":{"rendered":"<p><strong>\u00abEl Peque\u00f1o Catal\u00e1n\u00bb<\/strong> personaliza prendas de deporte, batas escolares, uniformes y tambi\u00e9n <strong>batas personalizadas<\/strong> para profes. En ocasiones puede ser un bonito regalo, un recuerdo para una profesora que ha cuidado de nuestros peque\u00f1os.<\/p>\n<div class=\"tiled-gallery type-square tiled-gallery-unresized\" data-original-width=\"640\" data-carousel-extra='null' itemscope itemtype=\"http:\/\/schema.org\/ImageGallery\" > <div class=\"gallery-row\" style=\"width: 640px; height: 320px;\" data-original-width=\"640\" data-original-height=\"320\" > <div class=\"gallery-group\" style=\"width: 320px; height: 320px;\" data-original-width=\"320\" data-original-height=\"320\" > <div class=\"tiled-gallery-item \" itemprop=\"associatedMedia\" itemscope itemtype=\"http:\/\/schema.org\/ImageObject\"> <a href=\"https:\/\/elpequenocatalan.com\/home\/index.php\/2017\/10\/31\/batas-personalizadas-para-profes\/bata-profe\/\" border=\"0\" itemprop=\"url\"> <meta itemprop=\"width\" content=\"316\"> <meta itemprop=\"height\" content=\"316\"> <img decoding=\"async\" class=\"\" data-attachment-id=\"2661\" data-orig-file=\"https:\/\/elpequenocatalan.com\/home\/wp-content\/uploads\/2017\/10\/bata-profe.jpg\" data-orig-size=\"898,1600\" data-comments-opened=\"\" data-image-meta=\"{&quot;aperture&quot;:&quot;0&quot;,&quot;credit&quot;:&quot;&quot;,&quot;camera&quot;:&quot;&quot;,&quot;caption&quot;:&quot;&quot;,&quot;created_timestamp&quot;:&quot;0&quot;,&quot;copyright&quot;:&quot;&quot;,&quot;focal_length&quot;:&quot;0&quot;,&quot;iso&quot;:&quot;0&quot;,&quot;shutter_speed&quot;:&quot;0&quot;,&quot;title&quot;:&quot;&quot;,&quot;orientation&quot;:&quot;0&quot;}\" data-image-title=\"bata profe\" data-image-description=\"\" data-medium-file=\"https:\/\/i0.wp.com\/elpequenocatalan.com\/home\/wp-content\/uploads\/2017\/10\/bata-profe.jpg?fit=168%2C300&#038;ssl=1\" data-large-file=\"https:\/\/i0.wp.com\/elpequenocatalan.com\/home\/wp-content\/uploads\/2017\/10\/bata-profe.jpg?fit=575%2C1024&#038;ssl=1\" src=\"https:\/\/i0.wp.com\/elpequenocatalan.com\/home\/wp-content\/uploads\/2017\/10\/bata-profe.jpg?w=316&#038;h=316&#038;crop=1&#038;ssl=1\" srcset=\"https:\/\/i0.wp.com\/elpequenocatalan.com\/home\/wp-content\/uploads\/2017\/10\/bata-profe.jpg?resize=150%2C150&amp;ssl=1 150w, https:\/\/i0.wp.com\/elpequenocatalan.com\/home\/wp-content\/uploads\/2017\/10\/bata-profe.jpg?resize=180%2C180&amp;ssl=1 180w, https:\/\/i0.wp.com\/elpequenocatalan.com\/home\/wp-content\/uploads\/2017\/10\/bata-profe.jpg?resize=300%2C300&amp;ssl=1 300w, https:\/\/i0.wp.com\/elpequenocatalan.com\/home\/wp-content\/uploads\/2017\/10\/bata-profe.jpg?resize=600%2C600&amp;ssl=1 600w, https:\/\/i0.wp.com\/elpequenocatalan.com\/home\/wp-content\/uploads\/2017\/10\/bata-profe.jpg?resize=50%2C50&amp;ssl=1 50w\" width=\"316\" height=\"316\" loading=\"lazy\" data-original-width=\"316\" data-original-height=\"316\" itemprop=\"http:\/\/schema.org\/image\" title=\"bata profe\" alt=\"bata profe\" style=\"width: 316px; height: 316px;\" \/> <\/a> <\/div> <\/div> <div class=\"gallery-group\" style=\"width: 320px; height: 320px;\" data-original-width=\"320\" data-original-height=\"320\" > <div class=\"tiled-gallery-item \" itemprop=\"associatedMedia\" itemscope itemtype=\"http:\/\/schema.org\/ImageObject\"> <a href=\"https:\/\/elpequenocatalan.com\/home\/index.php\/2017\/10\/31\/batas-personalizadas-para-profes\/bata-profe-i\/\" border=\"0\" itemprop=\"url\"> <meta itemprop=\"width\" content=\"316\"> <meta itemprop=\"height\" content=\"316\"> <img decoding=\"async\" class=\"\" data-attachment-id=\"2660\" data-orig-file=\"https:\/\/elpequenocatalan.com\/home\/wp-content\/uploads\/2017\/10\/bata-profe-i.jpg\" data-orig-size=\"1600,898\" data-comments-opened=\"\" data-image-meta=\"{&quot;aperture&quot;:&quot;0&quot;,&quot;credit&quot;:&quot;&quot;,&quot;camera&quot;:&quot;&quot;,&quot;caption&quot;:&quot;&quot;,&quot;created_timestamp&quot;:&quot;0&quot;,&quot;copyright&quot;:&quot;&quot;,&quot;focal_length&quot;:&quot;0&quot;,&quot;iso&quot;:&quot;0&quot;,&quot;shutter_speed&quot;:&quot;0&quot;,&quot;title&quot;:&quot;&quot;,&quot;orientation&quot;:&quot;0&quot;}\" data-image-title=\"bata profe i\" data-image-description=\"\" data-medium-file=\"https:\/\/i0.wp.com\/elpequenocatalan.com\/home\/wp-content\/uploads\/2017\/10\/bata-profe-i.jpg?fit=300%2C168&#038;ssl=1\" data-large-file=\"https:\/\/i0.wp.com\/elpequenocatalan.com\/home\/wp-content\/uploads\/2017\/10\/bata-profe-i.jpg?fit=640%2C359&#038;ssl=1\" src=\"https:\/\/i0.wp.com\/elpequenocatalan.com\/home\/wp-content\/uploads\/2017\/10\/bata-profe-i.jpg?w=316&#038;h=316&#038;crop=1&#038;ssl=1\" srcset=\"https:\/\/i0.wp.com\/elpequenocatalan.com\/home\/wp-content\/uploads\/2017\/10\/bata-profe-i.jpg?resize=150%2C150&amp;ssl=1 150w, https:\/\/i0.wp.com\/elpequenocatalan.com\/home\/wp-content\/uploads\/2017\/10\/bata-profe-i.jpg?resize=180%2C180&amp;ssl=1 180w, https:\/\/i0.wp.com\/elpequenocatalan.com\/home\/wp-content\/uploads\/2017\/10\/bata-profe-i.jpg?resize=300%2C300&amp;ssl=1 300w, https:\/\/i0.wp.com\/elpequenocatalan.com\/home\/wp-content\/uploads\/2017\/10\/bata-profe-i.jpg?resize=600%2C600&amp;ssl=1 600w, https:\/\/i0.wp.com\/elpequenocatalan.com\/home\/wp-content\/uploads\/2017\/10\/bata-profe-i.jpg?resize=50%2C50&amp;ssl=1 50w, https:\/\/i0.wp.com\/elpequenocatalan.com\/home\/wp-content\/uploads\/2017\/10\/bata-profe-i.jpg?zoom=3&amp;resize=316%2C316&amp;ssl=1 948w\" width=\"316\" height=\"316\" loading=\"lazy\" data-original-width=\"316\" data-original-height=\"316\" itemprop=\"http:\/\/schema.org\/image\" title=\"bata profe i\" alt=\"bata profe i\" style=\"width: 316px; height: 316px;\" \/> <\/a> <\/div> <\/div> <\/div> <\/div>\n<p>Es posible<strong> elegir el modelo de bata<\/strong>, con cintas para atar a la cintura o con cremalleras, <strong>el dise\u00f1o<\/strong> del estampado de la tela y sus colores, pudiendo elegir entre<strong> los colores<\/strong> de dos amplias cartas, una en colores brillantes y otra en colores soft, y siendo posible combinar ambas.&nbsp;<\/p>\n<p><img data-recalc-dims=\"1\" loading=\"lazy\" decoding=\"async\" class=\"aligncenter size-large wp-image-2662\" src=\"https:\/\/i0.wp.com\/fervent-wiles.82-194-67-113.plesk.page\/home\/wp-content\/uploads\/2017\/10\/bata-1024x768.jpg?resize=640%2C480&#038;ssl=1\" alt=\"\" width=\"640\" height=\"480\" srcset=\"https:\/\/i0.wp.com\/elpequenocatalan.com\/home\/wp-content\/uploads\/2017\/10\/bata.jpg?resize=1024%2C768&amp;ssl=1 1024w, https:\/\/i0.wp.com\/elpequenocatalan.com\/home\/wp-content\/uploads\/2017\/10\/bata.jpg?resize=300%2C225&amp;ssl=1 300w, https:\/\/i0.wp.com\/elpequenocatalan.com\/home\/wp-content\/uploads\/2017\/10\/bata.jpg?resize=768%2C576&amp;ssl=1 768w, https:\/\/i0.wp.com\/elpequenocatalan.com\/home\/wp-content\/uploads\/2017\/10\/bata.jpg?resize=600%2C450&amp;ssl=1 600w, https:\/\/i0.wp.com\/elpequenocatalan.com\/home\/wp-content\/uploads\/2017\/10\/bata.jpg?resize=660%2C495&amp;ssl=1 660w, https:\/\/i0.wp.com\/elpequenocatalan.com\/home\/wp-content\/uploads\/2017\/10\/bata.jpg?w=1280&amp;ssl=1 1280w, https:\/\/i0.wp.com\/elpequenocatalan.com\/home\/wp-content\/uploads\/2017\/10\/bata.jpg?w=1920&amp;ssl=1 1920w\" sizes=\"auto, (max-width: 640px) 100vw, 640px\" \/><\/p>\n<p>Pero la <strong>personalizaci\u00f3n<\/strong> llega mucho m\u00e1s all\u00e1, ya que admite , adem\u00e1s,<strong>dibujos, letras, im\u00e1genes y nombres.<\/strong>&nbsp;&nbsp;<\/p>\n<p>\u00c9stas<strong> batas<\/strong>, tienen un precio fant\u00e1stico, y su <strong>personalizaci\u00f3n<\/strong> no supone un coste extra. Solo hay que pensar un poco, echarle imaginaci\u00f3n y encargarlas con un poquito de tiempo para su confecci\u00f3n, ya que es un producto muy especial por sus caracter\u00edsticas.<\/p>\n<p><img data-recalc-dims=\"1\" loading=\"lazy\" decoding=\"async\" class=\"aligncenter size-large wp-image-2663\" src=\"https:\/\/i0.wp.com\/fervent-wiles.82-194-67-113.plesk.page\/home\/wp-content\/uploads\/2017\/10\/pichis-1024x768.jpg?resize=640%2C480&#038;ssl=1\" alt=\"\" width=\"640\" height=\"480\" srcset=\"https:\/\/i0.wp.com\/elpequenocatalan.com\/home\/wp-content\/uploads\/2017\/10\/pichis.jpg?resize=1024%2C768&amp;ssl=1 1024w, https:\/\/i0.wp.com\/elpequenocatalan.com\/home\/wp-content\/uploads\/2017\/10\/pichis.jpg?resize=300%2C225&amp;ssl=1 300w, https:\/\/i0.wp.com\/elpequenocatalan.com\/home\/wp-content\/uploads\/2017\/10\/pichis.jpg?resize=768%2C576&amp;ssl=1 768w, https:\/\/i0.wp.com\/elpequenocatalan.com\/home\/wp-content\/uploads\/2017\/10\/pichis.jpg?resize=600%2C450&amp;ssl=1 600w, https:\/\/i0.wp.com\/elpequenocatalan.com\/home\/wp-content\/uploads\/2017\/10\/pichis.jpg?resize=660%2C495&amp;ssl=1 660w, https:\/\/i0.wp.com\/elpequenocatalan.com\/home\/wp-content\/uploads\/2017\/10\/pichis.jpg?w=1280&amp;ssl=1 1280w, https:\/\/i0.wp.com\/elpequenocatalan.com\/home\/wp-content\/uploads\/2017\/10\/pichis.jpg?w=1920&amp;ssl=1 1920w\" sizes=\"auto, (max-width: 640px) 100vw, 640px\" \/><\/p>\n<p><strong>\u00abEl Peque\u00f1o Catal\u00e1n\u00bb<\/strong> siempre a vuestro servicio y siempre pensando en lo mejor ara sus clientes.<\/p>\n<p>&nbsp;<\/p>\n","protected":false},"excerpt":{"rendered":"<p>\u00abEl Peque\u00f1o Catal\u00e1n\u00bb personaliza prendas de deporte, batas escolares, uniformes y tambi\u00e9n batas personalizadas para profes. En ocasiones puede ser un bonito regalo, un recuerdo para una profesora que ha cuidado de nuestros peque\u00f1os. Es posible elegir el modelo de bata, con cintas para atar a la cintura o con cremalleras, el dise\u00f1o del estampado [&hellip;]<\/p>\n","protected":false},"author":1,"featured_media":2661,"comment_status":"closed","ping_status":"closed","sticky":false,"template":"","format":"standard","meta":{"ngg_post_thumbnail":0,"_jetpack_memberships_contains_paid_content":false,"footnotes":""},"categories":[4,6],"tags":[347,346,343,344,345],"class_list":["post-2659","post","type-post","status-publish","format-standard","has-post-thumbnail","hentry","category-colegiosguarderias","category-laboral","tag-bata-personalizada","tag-bata-profesora","tag-batas-personalzadas","tag-batas-profes","tag-pichis-profes"],"jetpack_featured_media_url":"https:\/\/i0.wp.com\/elpequenocatalan.com\/home\/wp-content\/uploads\/2017\/10\/bata-profe.jpg?fit=898%2C1600&ssl=1","jetpack_sharing_enabled":true,"_links":{"self":[{"href":"https:\/\/elpequenocatalan.com\/home\/index.php\/wp-json\/wp\/v2\/posts\/2659","targetHints":{"allow":["GET"]}}],"collection":[{"href":"https:\/\/elpequenocatalan.com\/home\/index.php\/wp-json\/wp\/v2\/posts"}],"about":[{"href":"https:\/\/elpequenocatalan.com\/home\/index.php\/wp-json\/wp\/v2\/types\/post"}],"author":[{"embeddable":true,"href":"https:\/\/elpequenocatalan.com\/home\/index.php\/wp-json\/wp\/v2\/users\/1"}],"replies":[{"embeddable":true,"href":"https:\/\/elpequenocatalan.com\/home\/index.php\/wp-json\/wp\/v2\/comments?post=2659"}],"version-history":[{"count":2,"href":"https:\/\/elpequenocatalan.com\/home\/index.php\/wp-json\/wp\/v2\/posts\/2659\/revisions"}],"predecessor-version":[{"id":2665,"href":"https:\/\/elpequenocatalan.com\/home\/index.php\/wp-json\/wp\/v2\/posts\/2659\/revisions\/2665"}],"wp:featuredmedia":[{"embeddable":true,"href":"https:\/\/elpequenocatalan.com\/home\/index.php\/wp-json\/wp\/v2\/media\/2661"}],"wp:attachment":[{"href":"https:\/\/elpequenocatalan.com\/home\/index.php\/wp-json\/wp\/v2\/media?parent=2659"}],"wp:term":[{"taxonomy":"category","embeddable":true,"href":"https:\/\/elpequenocatalan.com\/home\/index.php\/wp-json\/wp\/v2\/categories?post=2659"},{"taxonomy":"post_tag","embeddable":true,"href":"https:\/\/elpequenocatalan.com\/home\/index.php\/wp-json\/wp\/v2\/tags?post=2659"}],"curies":[{"name":"wp","href":"https:\/\/api.w.org\/{rel}","templated":true}]}}