{"id":2676,"date":"2017-11-09T11:50:43","date_gmt":"2017-11-09T11:50:43","guid":{"rendered":"http:\/\/www.elpequenocatalan.com\/?p=2676"},"modified":"2017-11-09T11:50:43","modified_gmt":"2017-11-09T11:50:43","slug":"templarios","status":"publish","type":"post","link":"https:\/\/elpequenocatalan.com\/home\/index.php\/2017\/11\/09\/templarios\/","title":{"rendered":"Templarios"},"content":{"rendered":"<p><strong>\u00abEl Peque\u00f1o Catal\u00e1n\u00bb<\/strong> hace una nueva selecci\u00f3n exclusiva en la secci\u00f3n de <strong>Medievales<\/strong>; los <strong>Templarios<\/strong> toman fuerza con toda una recopilaci\u00f3n de Cruces de las diferentes <strong>Ordenes Templarias Medievales<\/strong>.<\/p>\n<p>La <strong>\u00abCruz Patriarcal\u00bb<\/strong> fue portada por los <strong>Caballeros de la Orden del Temple<\/strong> en 1.118 por primera vez, aunque su historia comienza en el a\u00f1o 326, siendo la madre del Emperador Constantino, la que acompa\u00f1ada de un ermita\u00f1o recupera trozos de la madera Sagrada, de la crucifixsi\u00f3n de Cristo.<\/p>\n<p>Entre las <strong>Cruces Templarias<\/strong> m\u00e1s conocidas est\u00e1n:<\/p>\n<article>\n<p class=\"post-body entry-content\"><span style=\"color: #800000;\"><b>La Cruz de las Ocho Beatitudes:<\/b><\/span><br \/>\n<img data-recalc-dims=\"1\" loading=\"lazy\" decoding=\"async\" class=\"aligncenter size-large wp-image-2677\" src=\"https:\/\/i0.wp.com\/fervent-wiles.82-194-67-113.plesk.page\/home\/wp-content\/uploads\/2017\/11\/P1017873-1024x768.jpg?resize=640%2C480&#038;ssl=1\" alt=\"\" width=\"640\" height=\"480\" srcset=\"https:\/\/i0.wp.com\/elpequenocatalan.com\/home\/wp-content\/uploads\/2017\/11\/P1017873.jpg?resize=1024%2C768&amp;ssl=1 1024w, https:\/\/i0.wp.com\/elpequenocatalan.com\/home\/wp-content\/uploads\/2017\/11\/P1017873.jpg?resize=300%2C225&amp;ssl=1 300w, https:\/\/i0.wp.com\/elpequenocatalan.com\/home\/wp-content\/uploads\/2017\/11\/P1017873.jpg?resize=768%2C576&amp;ssl=1 768w, https:\/\/i0.wp.com\/elpequenocatalan.com\/home\/wp-content\/uploads\/2017\/11\/P1017873.jpg?resize=600%2C450&amp;ssl=1 600w, https:\/\/i0.wp.com\/elpequenocatalan.com\/home\/wp-content\/uploads\/2017\/11\/P1017873.jpg?resize=660%2C495&amp;ssl=1 660w, https:\/\/i0.wp.com\/elpequenocatalan.com\/home\/wp-content\/uploads\/2017\/11\/P1017873.jpg?w=1280&amp;ssl=1 1280w, https:\/\/i0.wp.com\/elpequenocatalan.com\/home\/wp-content\/uploads\/2017\/11\/P1017873.jpg?w=1920&amp;ssl=1 1920w\" sizes=\"auto, (max-width: 640px) 100vw, 640px\" \/><\/p>\n<div class=\"separator\">&nbsp;Es la Cruz de la \u00abMeditaci\u00f3n\u00bb con su aspecto completamente geom\u00e9trico.<br \/>\nServ\u00eda como clave para la construcci\u00f3n y desciframiento del alfabeto secreto de los <strong>Templarios<\/strong>.<\/div>\n<p class=\"post-body entry-content\"><b><\/b><span style=\"color: #800000;\"><b>La Cruz Pat\u00e9:<\/b><\/span><br \/>\n<img data-recalc-dims=\"1\" loading=\"lazy\" decoding=\"async\" class=\"aligncenter size-large wp-image-2678\" src=\"https:\/\/i0.wp.com\/fervent-wiles.82-194-67-113.plesk.page\/home\/wp-content\/uploads\/2017\/11\/P1017877-1024x768.jpg?resize=640%2C480&#038;ssl=1\" alt=\"\" width=\"640\" height=\"480\" srcset=\"https:\/\/i0.wp.com\/elpequenocatalan.com\/home\/wp-content\/uploads\/2017\/11\/P1017877.jpg?resize=1024%2C768&amp;ssl=1 1024w, https:\/\/i0.wp.com\/elpequenocatalan.com\/home\/wp-content\/uploads\/2017\/11\/P1017877.jpg?resize=300%2C225&amp;ssl=1 300w, https:\/\/i0.wp.com\/elpequenocatalan.com\/home\/wp-content\/uploads\/2017\/11\/P1017877.jpg?resize=768%2C576&amp;ssl=1 768w, https:\/\/i0.wp.com\/elpequenocatalan.com\/home\/wp-content\/uploads\/2017\/11\/P1017877.jpg?resize=600%2C450&amp;ssl=1 600w, https:\/\/i0.wp.com\/elpequenocatalan.com\/home\/wp-content\/uploads\/2017\/11\/P1017877.jpg?resize=660%2C495&amp;ssl=1 660w, https:\/\/i0.wp.com\/elpequenocatalan.com\/home\/wp-content\/uploads\/2017\/11\/P1017877.jpg?w=1280&amp;ssl=1 1280w, https:\/\/i0.wp.com\/elpequenocatalan.com\/home\/wp-content\/uploads\/2017\/11\/P1017877.jpg?w=1920&amp;ssl=1 1920w\" sizes=\"auto, (max-width: 640px) 100vw, 640px\" \/><\/p>\n<div class=\"separator\">&nbsp;Es una Cruz que abre sus extremos a los 4 puntos cardinales: Norte, Sur, Este y Oeste. Abierta al mundo al universo.<br \/>\nLa Cruz Pat\u00e9 con sus cuatro brazos iguales evoca a las cuatro estaciones y a los cuatro elementos: Aire, Tierra, Fuego y agua.<\/div>\n<div>\n<div class=\"tiled-gallery type-square tiled-gallery-unresized\" data-original-width=\"640\" data-carousel-extra='null' itemscope itemtype=\"http:\/\/schema.org\/ImageGallery\" > <div class=\"gallery-row\" style=\"width: 640px; height: 320px;\" data-original-width=\"640\" data-original-height=\"320\" > <div class=\"gallery-group\" style=\"width: 320px; height: 320px;\" data-original-width=\"320\" data-original-height=\"320\" > <div class=\"tiled-gallery-item \" itemprop=\"associatedMedia\" itemscope itemtype=\"http:\/\/schema.org\/ImageObject\"> <a href=\"https:\/\/elpequenocatalan.com\/home\/index.php\/2017\/11\/09\/templarios\/olympus-digital-camera-124\/\" border=\"0\" itemprop=\"url\"> <meta itemprop=\"width\" content=\"316\"> <meta itemprop=\"height\" content=\"316\"> <img decoding=\"async\" class=\"\" data-attachment-id=\"2684\" data-orig-file=\"https:\/\/elpequenocatalan.com\/home\/wp-content\/uploads\/2017\/11\/P1017871-1.jpg\" data-orig-size=\"3648,2736\" data-comments-opened=\"\" data-image-meta=\"{&quot;aperture&quot;:&quot;4&quot;,&quot;credit&quot;:&quot;&quot;,&quot;camera&quot;:&quot;E-520&quot;,&quot;caption&quot;:&quot;OLYMPUS DIGITAL CAMERA&quot;,&quot;created_timestamp&quot;:&quot;-62169984000&quot;,&quot;copyright&quot;:&quot;&quot;,&quot;focal_length&quot;:&quot;14&quot;,&quot;iso&quot;:&quot;100&quot;,&quot;shutter_speed&quot;:&quot;0.16666666666667&quot;,&quot;title&quot;:&quot;OLYMPUS DIGITAL CAMERA&quot;,&quot;orientation&quot;:&quot;1&quot;}\" data-image-title=\"caballeros templarios medievales\" data-image-description=\"\" data-medium-file=\"https:\/\/i0.wp.com\/elpequenocatalan.com\/home\/wp-content\/uploads\/2017\/11\/P1017871-1.jpg?fit=300%2C225&#038;ssl=1\" data-large-file=\"https:\/\/i0.wp.com\/elpequenocatalan.com\/home\/wp-content\/uploads\/2017\/11\/P1017871-1.jpg?fit=640%2C480&#038;ssl=1\" src=\"https:\/\/i0.wp.com\/elpequenocatalan.com\/home\/wp-content\/uploads\/2017\/11\/P1017871-1.jpg?w=316&#038;h=316&#038;crop=1&#038;ssl=1\" srcset=\"https:\/\/i0.wp.com\/elpequenocatalan.com\/home\/wp-content\/uploads\/2017\/11\/P1017871-1.jpg?resize=150%2C150&amp;ssl=1 150w, https:\/\/i0.wp.com\/elpequenocatalan.com\/home\/wp-content\/uploads\/2017\/11\/P1017871-1.jpg?resize=180%2C180&amp;ssl=1 180w, https:\/\/i0.wp.com\/elpequenocatalan.com\/home\/wp-content\/uploads\/2017\/11\/P1017871-1.jpg?resize=300%2C300&amp;ssl=1 300w, https:\/\/i0.wp.com\/elpequenocatalan.com\/home\/wp-content\/uploads\/2017\/11\/P1017871-1.jpg?resize=600%2C600&amp;ssl=1 600w, https:\/\/i0.wp.com\/elpequenocatalan.com\/home\/wp-content\/uploads\/2017\/11\/P1017871-1.jpg?resize=50%2C50&amp;ssl=1 50w, https:\/\/i0.wp.com\/elpequenocatalan.com\/home\/wp-content\/uploads\/2017\/11\/P1017871-1.jpg?zoom=3&amp;resize=316%2C316&amp;ssl=1 948w\" width=\"316\" height=\"316\" loading=\"lazy\" data-original-width=\"316\" data-original-height=\"316\" itemprop=\"http:\/\/schema.org\/image\" title=\"caballeros templarios medievales\" alt=\"caballeros templarios medievales\" style=\"width: 316px; height: 316px;\" \/> <\/a> <\/div> <\/div> <div class=\"gallery-group\" style=\"width: 320px; height: 320px;\" data-original-width=\"320\" data-original-height=\"320\" > <div class=\"tiled-gallery-item \" itemprop=\"associatedMedia\" itemscope itemtype=\"http:\/\/schema.org\/ImageObject\"> <a href=\"https:\/\/elpequenocatalan.com\/home\/index.php\/2017\/11\/09\/templarios\/olympus-digital-camera-123\/\" border=\"0\" itemprop=\"url\"> <meta itemprop=\"width\" content=\"316\"> <meta itemprop=\"height\" content=\"316\"> <img decoding=\"async\" class=\"\" data-attachment-id=\"2682\" data-orig-file=\"https:\/\/elpequenocatalan.com\/home\/wp-content\/uploads\/2017\/11\/P1017897.jpg\" data-orig-size=\"3648,2736\" data-comments-opened=\"\" data-image-meta=\"{&quot;aperture&quot;:&quot;4&quot;,&quot;credit&quot;:&quot;&quot;,&quot;camera&quot;:&quot;E-520&quot;,&quot;caption&quot;:&quot;OLYMPUS DIGITAL CAMERA&quot;,&quot;created_timestamp&quot;:&quot;-62169984000&quot;,&quot;copyright&quot;:&quot;&quot;,&quot;focal_length&quot;:&quot;14&quot;,&quot;iso&quot;:&quot;100&quot;,&quot;shutter_speed&quot;:&quot;0.33333333333333&quot;,&quot;title&quot;:&quot;OLYMPUS DIGITAL CAMERA&quot;,&quot;orientation&quot;:&quot;1&quot;}\" data-image-title=\"templarios medievales\" data-image-description=\"\" data-medium-file=\"https:\/\/i0.wp.com\/elpequenocatalan.com\/home\/wp-content\/uploads\/2017\/11\/P1017897.jpg?fit=300%2C225&#038;ssl=1\" data-large-file=\"https:\/\/i0.wp.com\/elpequenocatalan.com\/home\/wp-content\/uploads\/2017\/11\/P1017897.jpg?fit=640%2C480&#038;ssl=1\" src=\"https:\/\/i0.wp.com\/elpequenocatalan.com\/home\/wp-content\/uploads\/2017\/11\/P1017897.jpg?w=316&#038;h=316&#038;crop=1&#038;ssl=1\" srcset=\"https:\/\/i0.wp.com\/elpequenocatalan.com\/home\/wp-content\/uploads\/2017\/11\/P1017897.jpg?resize=150%2C150&amp;ssl=1 150w, https:\/\/i0.wp.com\/elpequenocatalan.com\/home\/wp-content\/uploads\/2017\/11\/P1017897.jpg?resize=180%2C180&amp;ssl=1 180w, https:\/\/i0.wp.com\/elpequenocatalan.com\/home\/wp-content\/uploads\/2017\/11\/P1017897.jpg?resize=300%2C300&amp;ssl=1 300w, https:\/\/i0.wp.com\/elpequenocatalan.com\/home\/wp-content\/uploads\/2017\/11\/P1017897.jpg?resize=600%2C600&amp;ssl=1 600w, https:\/\/i0.wp.com\/elpequenocatalan.com\/home\/wp-content\/uploads\/2017\/11\/P1017897.jpg?resize=50%2C50&amp;ssl=1 50w, https:\/\/i0.wp.com\/elpequenocatalan.com\/home\/wp-content\/uploads\/2017\/11\/P1017897.jpg?zoom=3&amp;resize=316%2C316&amp;ssl=1 948w\" width=\"316\" height=\"316\" loading=\"lazy\" data-original-width=\"316\" data-original-height=\"316\" itemprop=\"http:\/\/schema.org\/image\" title=\"templarios medievales\" alt=\"templarios medievales\" style=\"width: 316px; height: 316px;\" \/> <\/a> <\/div> <\/div> <\/div> <div class=\"gallery-row\" style=\"width: 640px; height: 320px;\" data-original-width=\"640\" data-original-height=\"320\" > <div class=\"gallery-group\" style=\"width: 320px; height: 320px;\" data-original-width=\"320\" data-original-height=\"320\" > <div class=\"tiled-gallery-item \" itemprop=\"associatedMedia\" itemscope itemtype=\"http:\/\/schema.org\/ImageObject\"> <a href=\"https:\/\/elpequenocatalan.com\/home\/index.php\/2017\/11\/09\/templarios\/olympus-digital-camera-122\/\" border=\"0\" itemprop=\"url\"> <meta itemprop=\"width\" content=\"316\"> <meta itemprop=\"height\" content=\"316\"> <img decoding=\"async\" class=\"\" data-attachment-id=\"2681\" data-orig-file=\"https:\/\/elpequenocatalan.com\/home\/wp-content\/uploads\/2017\/11\/P1017895.jpg\" data-orig-size=\"3648,2736\" data-comments-opened=\"\" data-image-meta=\"{&quot;aperture&quot;:&quot;8&quot;,&quot;credit&quot;:&quot;&quot;,&quot;camera&quot;:&quot;E-520&quot;,&quot;caption&quot;:&quot;OLYMPUS DIGITAL CAMERA&quot;,&quot;created_timestamp&quot;:&quot;-62169984000&quot;,&quot;copyright&quot;:&quot;&quot;,&quot;focal_length&quot;:&quot;14&quot;,&quot;iso&quot;:&quot;100&quot;,&quot;shutter_speed&quot;:&quot;2&quot;,&quot;title&quot;:&quot;OLYMPUS DIGITAL CAMERA&quot;,&quot;orientation&quot;:&quot;1&quot;}\" data-image-title=\"caballeros templarios\" data-image-description=\"\" data-medium-file=\"https:\/\/i0.wp.com\/elpequenocatalan.com\/home\/wp-content\/uploads\/2017\/11\/P1017895.jpg?fit=300%2C225&#038;ssl=1\" data-large-file=\"https:\/\/i0.wp.com\/elpequenocatalan.com\/home\/wp-content\/uploads\/2017\/11\/P1017895.jpg?fit=640%2C480&#038;ssl=1\" src=\"https:\/\/i0.wp.com\/elpequenocatalan.com\/home\/wp-content\/uploads\/2017\/11\/P1017895.jpg?w=316&#038;h=316&#038;crop=1&#038;ssl=1\" srcset=\"https:\/\/i0.wp.com\/elpequenocatalan.com\/home\/wp-content\/uploads\/2017\/11\/P1017895.jpg?resize=150%2C150&amp;ssl=1 150w, https:\/\/i0.wp.com\/elpequenocatalan.com\/home\/wp-content\/uploads\/2017\/11\/P1017895.jpg?resize=180%2C180&amp;ssl=1 180w, https:\/\/i0.wp.com\/elpequenocatalan.com\/home\/wp-content\/uploads\/2017\/11\/P1017895.jpg?resize=300%2C300&amp;ssl=1 300w, https:\/\/i0.wp.com\/elpequenocatalan.com\/home\/wp-content\/uploads\/2017\/11\/P1017895.jpg?resize=600%2C600&amp;ssl=1 600w, https:\/\/i0.wp.com\/elpequenocatalan.com\/home\/wp-content\/uploads\/2017\/11\/P1017895.jpg?resize=50%2C50&amp;ssl=1 50w, https:\/\/i0.wp.com\/elpequenocatalan.com\/home\/wp-content\/uploads\/2017\/11\/P1017895.jpg?zoom=3&amp;resize=316%2C316&amp;ssl=1 948w\" width=\"316\" height=\"316\" loading=\"lazy\" data-original-width=\"316\" data-original-height=\"316\" itemprop=\"http:\/\/schema.org\/image\" title=\"caballeros templarios\" alt=\"caballeros templarios\" style=\"width: 316px; height: 316px;\" \/> <\/a> <\/div> <\/div> <div class=\"gallery-group\" style=\"width: 320px; height: 320px;\" data-original-width=\"320\" data-original-height=\"320\" > <div class=\"tiled-gallery-item \" itemprop=\"associatedMedia\" itemscope itemtype=\"http:\/\/schema.org\/ImageObject\"> <a href=\"https:\/\/elpequenocatalan.com\/home\/index.php\/2017\/11\/09\/templarios\/olympus-digital-camera-121\/\" border=\"0\" itemprop=\"url\"> <meta itemprop=\"width\" content=\"316\"> <meta itemprop=\"height\" content=\"316\"> <img decoding=\"async\" class=\"\" data-attachment-id=\"2680\" data-orig-file=\"https:\/\/elpequenocatalan.com\/home\/wp-content\/uploads\/2017\/11\/P1017881.jpg\" data-orig-size=\"3648,2736\" data-comments-opened=\"\" data-image-meta=\"{&quot;aperture&quot;:&quot;8&quot;,&quot;credit&quot;:&quot;&quot;,&quot;camera&quot;:&quot;E-520&quot;,&quot;caption&quot;:&quot;OLYMPUS DIGITAL CAMERA&quot;,&quot;created_timestamp&quot;:&quot;-62169984000&quot;,&quot;copyright&quot;:&quot;&quot;,&quot;focal_length&quot;:&quot;14&quot;,&quot;iso&quot;:&quot;200&quot;,&quot;shutter_speed&quot;:&quot;0.625&quot;,&quot;title&quot;:&quot;OLYMPUS DIGITAL CAMERA&quot;,&quot;orientation&quot;:&quot;1&quot;}\" data-image-title=\"orden templaria\" data-image-description=\"\" data-medium-file=\"https:\/\/i0.wp.com\/elpequenocatalan.com\/home\/wp-content\/uploads\/2017\/11\/P1017881.jpg?fit=300%2C225&#038;ssl=1\" data-large-file=\"https:\/\/i0.wp.com\/elpequenocatalan.com\/home\/wp-content\/uploads\/2017\/11\/P1017881.jpg?fit=640%2C480&#038;ssl=1\" src=\"https:\/\/i0.wp.com\/elpequenocatalan.com\/home\/wp-content\/uploads\/2017\/11\/P1017881.jpg?w=316&#038;h=316&#038;crop=1&#038;ssl=1\" srcset=\"https:\/\/i0.wp.com\/elpequenocatalan.com\/home\/wp-content\/uploads\/2017\/11\/P1017881.jpg?resize=150%2C150&amp;ssl=1 150w, https:\/\/i0.wp.com\/elpequenocatalan.com\/home\/wp-content\/uploads\/2017\/11\/P1017881.jpg?resize=180%2C180&amp;ssl=1 180w, https:\/\/i0.wp.com\/elpequenocatalan.com\/home\/wp-content\/uploads\/2017\/11\/P1017881.jpg?resize=300%2C300&amp;ssl=1 300w, https:\/\/i0.wp.com\/elpequenocatalan.com\/home\/wp-content\/uploads\/2017\/11\/P1017881.jpg?resize=600%2C600&amp;ssl=1 600w, https:\/\/i0.wp.com\/elpequenocatalan.com\/home\/wp-content\/uploads\/2017\/11\/P1017881.jpg?resize=50%2C50&amp;ssl=1 50w, https:\/\/i0.wp.com\/elpequenocatalan.com\/home\/wp-content\/uploads\/2017\/11\/P1017881.jpg?zoom=3&amp;resize=316%2C316&amp;ssl=1 948w\" width=\"316\" height=\"316\" loading=\"lazy\" data-original-width=\"316\" data-original-height=\"316\" itemprop=\"http:\/\/schema.org\/image\" title=\"orden templaria\" alt=\"orden templaria\" style=\"width: 316px; height: 316px;\" \/> <\/a> <\/div> <\/div> <\/div> <\/div>\n<\/div>\n<p>&nbsp;<\/p>\n<\/article>\n","protected":false},"excerpt":{"rendered":"<p>\u00abEl Peque\u00f1o Catal\u00e1n\u00bb hace una nueva selecci\u00f3n exclusiva en la secci\u00f3n de Medievales; los Templarios toman fuerza con toda una recopilaci\u00f3n de Cruces de las diferentes Ordenes Templarias Medievales. La \u00abCruz Patriarcal\u00bb fue portada por los Caballeros de la Orden del Temple en 1.118 por primera vez, aunque su historia comienza en el a\u00f1o 326, [&hellip;]<\/p>\n","protected":false},"author":1,"featured_media":2684,"comment_status":"closed","ping_status":"closed","sticky":false,"template":"","format":"standard","meta":{"ngg_post_thumbnail":0,"_jetpack_memberships_contains_paid_content":false,"footnotes":""},"categories":[7],"tags":[352,112,159,161,351,235],"class_list":["post-2676","post","type-post","status-publish","format-standard","has-post-thumbnail","hentry","category-medievales","tag-caballeros-templarios","tag-feria-medieval","tag-medievales","tag-mercado-medieval","tag-templarios-medievales","tag-torneo-medieval"],"jetpack_featured_media_url":"https:\/\/i0.wp.com\/elpequenocatalan.com\/home\/wp-content\/uploads\/2017\/11\/P1017871-1.jpg?fit=3648%2C2736&ssl=1","jetpack_sharing_enabled":true,"_links":{"self":[{"href":"https:\/\/elpequenocatalan.com\/home\/index.php\/wp-json\/wp\/v2\/posts\/2676","targetHints":{"allow":["GET"]}}],"collection":[{"href":"https:\/\/elpequenocatalan.com\/home\/index.php\/wp-json\/wp\/v2\/posts"}],"about":[{"href":"https:\/\/elpequenocatalan.com\/home\/index.php\/wp-json\/wp\/v2\/types\/post"}],"author":[{"embeddable":true,"href":"https:\/\/elpequenocatalan.com\/home\/index.php\/wp-json\/wp\/v2\/users\/1"}],"replies":[{"embeddable":true,"href":"https:\/\/elpequenocatalan.com\/home\/index.php\/wp-json\/wp\/v2\/comments?post=2676"}],"version-history":[{"count":2,"href":"https:\/\/elpequenocatalan.com\/home\/index.php\/wp-json\/wp\/v2\/posts\/2676\/revisions"}],"predecessor-version":[{"id":2685,"href":"https:\/\/elpequenocatalan.com\/home\/index.php\/wp-json\/wp\/v2\/posts\/2676\/revisions\/2685"}],"wp:featuredmedia":[{"embeddable":true,"href":"https:\/\/elpequenocatalan.com\/home\/index.php\/wp-json\/wp\/v2\/media\/2684"}],"wp:attachment":[{"href":"https:\/\/elpequenocatalan.com\/home\/index.php\/wp-json\/wp\/v2\/media?parent=2676"}],"wp:term":[{"taxonomy":"category","embeddable":true,"href":"https:\/\/elpequenocatalan.com\/home\/index.php\/wp-json\/wp\/v2\/categories?post=2676"},{"taxonomy":"post_tag","embeddable":true,"href":"https:\/\/elpequenocatalan.com\/home\/index.php\/wp-json\/wp\/v2\/tags?post=2676"}],"curies":[{"name":"wp","href":"https:\/\/api.w.org\/{rel}","templated":true}]}}