{"id":278,"date":"2015-09-11T09:45:49","date_gmt":"2015-09-11T09:45:49","guid":{"rendered":"http:\/\/www.elpequenocatalan.com\/wp\/?p=278"},"modified":"2015-09-11T09:45:49","modified_gmt":"2015-09-11T09:45:49","slug":"el-traje-regional-esta-de-moda","status":"publish","type":"post","link":"https:\/\/elpequenocatalan.com\/home\/index.php\/2015\/09\/11\/el-traje-regional-esta-de-moda\/","title":{"rendered":"El Traje Regional, est\u00e1 de moda"},"content":{"rendered":"<p><a href=\"https:\/\/i0.wp.com\/fervent-wiles.82-194-67-113.plesk.page\/home\/wp-content\/uploads\/2015\/09\/IMAG2450.jpg?ssl=1\"><img data-recalc-dims=\"1\" loading=\"lazy\" decoding=\"async\" class=\"alignleft size-full wp-image-288\" src=\"https:\/\/i0.wp.com\/fervent-wiles.82-194-67-113.plesk.page\/home\/wp-content\/uploads\/2015\/09\/IMAG2450.jpg?resize=178%2C178&#038;ssl=1\" alt=\"regional\" width=\"178\" height=\"178\" \/><\/a>Si, el <strong>Traje Regional<\/strong> est\u00e1 de moda, en <strong>\u00abEl Peque\u00f1o Catal\u00e1n\u00bb<\/strong>, siempre encontraremos todo lo que queremos, y siempre podremos contar con la ayuda de las personas que all\u00ed nos atienden. Nos aportar\u00e1n ideas y nos mostrar\u00e1n tantas cosas, que podremos vestirnos <a href=\"https:\/\/i0.wp.com\/fervent-wiles.82-194-67-113.plesk.page\/home\/wp-content\/uploads\/2015\/09\/IMAG2565.jpg?ssl=1\"><img data-recalc-dims=\"1\" loading=\"lazy\" decoding=\"async\" class=\"alignright size-full wp-image-293\" src=\"https:\/\/i0.wp.com\/fervent-wiles.82-194-67-113.plesk.page\/home\/wp-content\/uploads\/2015\/09\/IMAG2565.jpg?resize=178%2C178&#038;ssl=1\" alt=\"IMAG2565\" width=\"178\" height=\"178\" \/><\/a>como nunca habr\u00edamos so\u00f1ado. Adem\u00e1s tambi\u00e9n podemos encontrar buenas ofertas\u00a0de las que aprovecharnos.<\/p>\n<p>&nbsp;<\/p>\n<p><a href=\"https:\/\/i0.wp.com\/fervent-wiles.82-194-67-113.plesk.page\/home\/wp-content\/uploads\/2015\/09\/IMAG2448.jpg?ssl=1\"><img data-recalc-dims=\"1\" loading=\"lazy\" decoding=\"async\" class=\"alignleft size-full wp-image-287\" src=\"https:\/\/i0.wp.com\/fervent-wiles.82-194-67-113.plesk.page\/home\/wp-content\/uploads\/2015\/09\/IMAG2448.jpg?resize=178%2C178&#038;ssl=1\" alt=\"regionalII\" width=\"178\" height=\"178\" \/><\/a>Hay tanto d\u00f3nde elegir, que crear la imagen que buscamos ser\u00e1 muy sencillo. Los profesionales que nos van a asesorar, tienen mucha experiencia y buen gusto, as\u00ed que&#8230; c\u00f3mo no ir a ver todo lo que nos ofrecen all\u00ed.<\/p>\n<p>Ya nos acercamos a las <strong>Fiestas<\/strong> y llega el momento de <a href=\"https:\/\/i0.wp.com\/fervent-wiles.82-194-67-113.plesk.page\/home\/wp-content\/uploads\/2015\/09\/IMAG2567_1.jpg?ssl=1\"><img data-recalc-dims=\"1\" loading=\"lazy\" decoding=\"async\" class=\"alignright size-full wp-image-294\" src=\"https:\/\/i0.wp.com\/fervent-wiles.82-194-67-113.plesk.page\/home\/wp-content\/uploads\/2015\/09\/IMAG2567_1.jpg?resize=178%2C178&#038;ssl=1\" alt=\"IMAG2567_1\" width=\"178\" height=\"178\" \/><\/a>darnos una vueltecita, para que no nos coja desprevenidos. No dej\u00e9is todo para el \u00faltimo momento, pudiendo mirar con calma, disfrutaremos m\u00e1s y mejor de nuestras compras a nuestro gusto.<\/p>\n<p><a href=\"https:\/\/i0.wp.com\/fervent-wiles.82-194-67-113.plesk.page\/home\/wp-content\/uploads\/2015\/09\/IMAG2453.jpg?ssl=1\"><img data-recalc-dims=\"1\" loading=\"lazy\" decoding=\"async\" class=\"alignleft size-full wp-image-289\" src=\"https:\/\/i0.wp.com\/fervent-wiles.82-194-67-113.plesk.page\/home\/wp-content\/uploads\/2015\/09\/IMAG2453.jpg?resize=178%2C178&#038;ssl=1\" alt=\"IMAG2453\" width=\"178\" height=\"178\" \/><\/a>Cualquier d\u00eda es bueno, y seguro que sales satisfec@ de lo que has visto y te han aconsejado. No hay<strong> excusa posible, ven y ver\u00e1s por t\u00ed mism@.<\/strong><\/p>\n<p>&nbsp;<\/p>\n","protected":false},"excerpt":{"rendered":"<p>Si, el Traje Regional est\u00e1 de moda, en \u00abEl Peque\u00f1o Catal\u00e1n\u00bb, siempre encontraremos todo lo que queremos, y siempre podremos contar con la ayuda de las personas que all\u00ed nos atienden. Nos aportar\u00e1n ideas y nos mostrar\u00e1n tantas cosas, que podremos vestirnos como nunca habr\u00edamos so\u00f1ado. Adem\u00e1s tambi\u00e9n podemos encontrar buenas ofertas\u00a0de las que aprovecharnos. [&hellip;]<\/p>\n","protected":false},"author":1,"featured_media":0,"comment_status":"closed","ping_status":"closed","sticky":false,"template":"","format":"standard","meta":{"ngg_post_thumbnail":0,"_jetpack_memberships_contains_paid_content":false,"footnotes":""},"categories":[12],"tags":[252],"class_list":["post-278","post","type-post","status-publish","format-standard","hentry","category-traje-regional","tag-traje-regional"],"jetpack_featured_media_url":"","jetpack_sharing_enabled":true,"_links":{"self":[{"href":"https:\/\/elpequenocatalan.com\/home\/index.php\/wp-json\/wp\/v2\/posts\/278","targetHints":{"allow":["GET"]}}],"collection":[{"href":"https:\/\/elpequenocatalan.com\/home\/index.php\/wp-json\/wp\/v2\/posts"}],"about":[{"href":"https:\/\/elpequenocatalan.com\/home\/index.php\/wp-json\/wp\/v2\/types\/post"}],"author":[{"embeddable":true,"href":"https:\/\/elpequenocatalan.com\/home\/index.php\/wp-json\/wp\/v2\/users\/1"}],"replies":[{"embeddable":true,"href":"https:\/\/elpequenocatalan.com\/home\/index.php\/wp-json\/wp\/v2\/comments?post=278"}],"version-history":[{"count":0,"href":"https:\/\/elpequenocatalan.com\/home\/index.php\/wp-json\/wp\/v2\/posts\/278\/revisions"}],"wp:attachment":[{"href":"https:\/\/elpequenocatalan.com\/home\/index.php\/wp-json\/wp\/v2\/media?parent=278"}],"wp:term":[{"taxonomy":"category","embeddable":true,"href":"https:\/\/elpequenocatalan.com\/home\/index.php\/wp-json\/wp\/v2\/categories?post=278"},{"taxonomy":"post_tag","embeddable":true,"href":"https:\/\/elpequenocatalan.com\/home\/index.php\/wp-json\/wp\/v2\/tags?post=278"}],"curies":[{"name":"wp","href":"https:\/\/api.w.org\/{rel}","templated":true}]}}