{"id":3600,"date":"2018-02-07T09:14:40","date_gmt":"2018-02-07T09:14:40","guid":{"rendered":"http:\/\/www.elpequenocatalan.com\/?p=3600"},"modified":"2018-02-07T09:14:40","modified_gmt":"2018-02-07T09:14:40","slug":"mercado-medieval-de-valencia-del-9-al-11-de-febrero-2018","status":"publish","type":"post","link":"https:\/\/elpequenocatalan.com\/home\/index.php\/2018\/02\/07\/mercado-medieval-de-valencia-del-9-al-11-de-febrero-2018\/","title":{"rendered":"Mercado Medieval de Valencia del 9 al 11 de Febrero 2018"},"content":{"rendered":"<p><img data-recalc-dims=\"1\" loading=\"lazy\" decoding=\"async\" class=\"alignleft size-medium wp-image-3604\" src=\"https:\/\/i0.wp.com\/fervent-wiles.82-194-67-113.plesk.page\/home\/wp-content\/uploads\/2018\/02\/P1018470-225x300.jpg?resize=225%2C300&#038;ssl=1\" alt=\"\" width=\"225\" height=\"300\" srcset=\"https:\/\/i0.wp.com\/elpequenocatalan.com\/home\/wp-content\/uploads\/2018\/02\/P1018470.jpg?resize=225%2C300&amp;ssl=1 225w, https:\/\/i0.wp.com\/elpequenocatalan.com\/home\/wp-content\/uploads\/2018\/02\/P1018470.jpg?resize=768%2C1024&amp;ssl=1 768w, https:\/\/i0.wp.com\/elpequenocatalan.com\/home\/wp-content\/uploads\/2018\/02\/P1018470.jpg?resize=600%2C800&amp;ssl=1 600w, https:\/\/i0.wp.com\/elpequenocatalan.com\/home\/wp-content\/uploads\/2018\/02\/P1018470.jpg?resize=660%2C880&amp;ssl=1 660w, https:\/\/i0.wp.com\/elpequenocatalan.com\/home\/wp-content\/uploads\/2018\/02\/P1018470.jpg?w=1280&amp;ssl=1 1280w, https:\/\/i0.wp.com\/elpequenocatalan.com\/home\/wp-content\/uploads\/2018\/02\/P1018470.jpg?w=1920&amp;ssl=1 1920w\" sizes=\"auto, (max-width: 225px) 100vw, 225px\" \/>Los <strong>Mercados y Ferias Medievales<\/strong> est\u00e1n presentes todo el a\u00f1o. En Orihuela (Alicante), Jodar (Ja\u00e9n) y el<a href=\"http:\/\/valenciabonita.es\/2018\/02\/05\/quesa-celebra-su-gran-fiesta-de-la-reserva-del-9-al-11-de-febrero\/\" target=\"_blank\" rel=\"noopener\"><strong> Mercado Medieval de la Fiesta de la Reserva de la Quesa, en Valencia<\/strong>.<\/a><\/p>\n<p>Si te gusta \u00e9ste ambiente y la vistosidad de una <strong>Fiesta Medieval<\/strong>, con sus escenarios y <strong>Trajes Medievales<\/strong>, \u00e9sta Fiesta declarada de Inter\u00e9s Tur\u00edstico Local, es para ti.<\/p>\n<p>Talleres de Cer\u00e1mica y Esparto, as\u00ed como m\u00fasica en directo y <img data-recalc-dims=\"1\" loading=\"lazy\" decoding=\"async\" class=\"alignright size-medium wp-image-3605\" src=\"https:\/\/i0.wp.com\/fervent-wiles.82-194-67-113.plesk.page\/home\/wp-content\/uploads\/2018\/02\/P1018475-225x300.jpg?resize=225%2C300&#038;ssl=1\" alt=\"\" width=\"225\" height=\"300\" srcset=\"https:\/\/i0.wp.com\/elpequenocatalan.com\/home\/wp-content\/uploads\/2018\/02\/P1018475.jpg?resize=225%2C300&amp;ssl=1 225w, https:\/\/i0.wp.com\/elpequenocatalan.com\/home\/wp-content\/uploads\/2018\/02\/P1018475.jpg?resize=768%2C1024&amp;ssl=1 768w, https:\/\/i0.wp.com\/elpequenocatalan.com\/home\/wp-content\/uploads\/2018\/02\/P1018475.jpg?resize=600%2C800&amp;ssl=1 600w, https:\/\/i0.wp.com\/elpequenocatalan.com\/home\/wp-content\/uploads\/2018\/02\/P1018475.jpg?resize=660%2C880&amp;ssl=1 660w, https:\/\/i0.wp.com\/elpequenocatalan.com\/home\/wp-content\/uploads\/2018\/02\/P1018475.jpg?w=1280&amp;ssl=1 1280w, https:\/\/i0.wp.com\/elpequenocatalan.com\/home\/wp-content\/uploads\/2018\/02\/P1018475.jpg?w=1920&amp;ssl=1 1920w\" sizes=\"auto, (max-width: 225px) 100vw, 225px\" \/>bonito entorno, hacen que en \u00e9ste tipo de fiestas se vivan momentos agradables, singulares y para toda la familia puesto que conmemoran a las familias y la repoblaci\u00f3n del pueblo tras una epidemia acontecida en 1690.<\/p>\n<p>Una bonita historia y una interesante Fiesta de la que <strong>\u00abEl Peque\u00f1o Catal\u00e1n\u00bb<\/strong> se hace eco.&nbsp;<\/p>\n<div class=\"tiled-gallery type-square tiled-gallery-unresized\" data-original-width=\"640\" data-carousel-extra='null' itemscope itemtype=\"http:\/\/schema.org\/ImageGallery\" > <div class=\"gallery-row\" style=\"width: 640px; height: 320px;\" data-original-width=\"640\" data-original-height=\"320\" > <div class=\"gallery-group\" style=\"width: 320px; height: 320px;\" data-original-width=\"320\" data-original-height=\"320\" > <div class=\"tiled-gallery-item \" itemprop=\"associatedMedia\" itemscope itemtype=\"http:\/\/schema.org\/ImageObject\"> <a href=\"https:\/\/elpequenocatalan.com\/home\/index.php\/2018\/02\/07\/mercado-medieval-de-valencia-del-9-al-11-de-febrero-2018\/olympus-digital-camera-202\/\" border=\"0\" itemprop=\"url\"> <meta itemprop=\"width\" content=\"316\"> <meta itemprop=\"height\" content=\"316\"> <img decoding=\"async\" class=\"\" data-attachment-id=\"3607\" data-orig-file=\"https:\/\/elpequenocatalan.com\/home\/wp-content\/uploads\/2018\/02\/P1018493-e1517913648388.jpg\" data-orig-size=\"2736,3648\" data-comments-opened=\"\" data-image-meta=\"{&quot;aperture&quot;:&quot;4.6&quot;,&quot;credit&quot;:&quot;&quot;,&quot;camera&quot;:&quot;E-520&quot;,&quot;caption&quot;:&quot;OLYMPUS DIGITAL CAMERA&quot;,&quot;created_timestamp&quot;:&quot;-62169984000&quot;,&quot;copyright&quot;:&quot;&quot;,&quot;focal_length&quot;:&quot;23&quot;,&quot;iso&quot;:&quot;100&quot;,&quot;shutter_speed&quot;:&quot;0.125&quot;,&quot;title&quot;:&quot;OLYMPUS DIGITAL CAMERA&quot;,&quot;orientation&quot;:&quot;8&quot;}\" data-image-title=\"\" data-image-description=\"\" data-medium-file=\"https:\/\/i0.wp.com\/elpequenocatalan.com\/home\/wp-content\/uploads\/2018\/02\/P1018493-e1517913648388.jpg?fit=225%2C300&#038;ssl=1\" data-large-file=\"https:\/\/i0.wp.com\/elpequenocatalan.com\/home\/wp-content\/uploads\/2018\/02\/P1018493-e1517913648388.jpg?fit=640%2C853&#038;ssl=1\" src=\"https:\/\/i0.wp.com\/elpequenocatalan.com\/home\/wp-content\/uploads\/2018\/02\/P1018493-e1517913648388.jpg?w=316&#038;h=316&#038;crop=1&#038;ssl=1\" srcset=\"https:\/\/i0.wp.com\/elpequenocatalan.com\/home\/wp-content\/uploads\/2018\/02\/P1018493-e1517913648388.jpg?resize=150%2C150&amp;ssl=1 150w, https:\/\/i0.wp.com\/elpequenocatalan.com\/home\/wp-content\/uploads\/2018\/02\/P1018493-e1517913648388.jpg?resize=50%2C50&amp;ssl=1 50w, https:\/\/i0.wp.com\/elpequenocatalan.com\/home\/wp-content\/uploads\/2018\/02\/P1018493-e1517913648388.jpg?zoom=2&amp;resize=316%2C316&amp;ssl=1 632w, https:\/\/i0.wp.com\/elpequenocatalan.com\/home\/wp-content\/uploads\/2018\/02\/P1018493-e1517913648388.jpg?zoom=3&amp;resize=316%2C316&amp;ssl=1 948w\" width=\"316\" height=\"316\" loading=\"lazy\" data-original-width=\"316\" data-original-height=\"316\" itemprop=\"http:\/\/schema.org\/image\" title=\"\" alt=\"\" style=\"width: 316px; height: 316px;\" \/> <\/a> <\/div> <\/div> <div class=\"gallery-group\" style=\"width: 320px; height: 320px;\" data-original-width=\"320\" data-original-height=\"320\" > <div class=\"tiled-gallery-item \" itemprop=\"associatedMedia\" itemscope itemtype=\"http:\/\/schema.org\/ImageObject\"> <a href=\"https:\/\/elpequenocatalan.com\/home\/index.php\/2018\/02\/07\/mercado-medieval-de-valencia-del-9-al-11-de-febrero-2018\/olympus-digital-camera-198\/\" border=\"0\" itemprop=\"url\"> <meta itemprop=\"width\" content=\"316\"> <meta itemprop=\"height\" content=\"316\"> <img decoding=\"async\" class=\"\" data-attachment-id=\"3603\" data-orig-file=\"https:\/\/elpequenocatalan.com\/home\/wp-content\/uploads\/2018\/02\/P1017884-e1517913567699.jpg\" data-orig-size=\"2736,3648\" data-comments-opened=\"\" data-image-meta=\"{&quot;aperture&quot;:&quot;4&quot;,&quot;credit&quot;:&quot;&quot;,&quot;camera&quot;:&quot;E-520&quot;,&quot;caption&quot;:&quot;OLYMPUS DIGITAL CAMERA&quot;,&quot;created_timestamp&quot;:&quot;-62169984000&quot;,&quot;copyright&quot;:&quot;&quot;,&quot;focal_length&quot;:&quot;14&quot;,&quot;iso&quot;:&quot;100&quot;,&quot;shutter_speed&quot;:&quot;0.4&quot;,&quot;title&quot;:&quot;OLYMPUS DIGITAL CAMERA&quot;,&quot;orientation&quot;:&quot;8&quot;}\" data-image-title=\"\" data-image-description=\"\" data-medium-file=\"https:\/\/i0.wp.com\/elpequenocatalan.com\/home\/wp-content\/uploads\/2018\/02\/P1017884-e1517913567699.jpg?fit=225%2C300&#038;ssl=1\" data-large-file=\"https:\/\/i0.wp.com\/elpequenocatalan.com\/home\/wp-content\/uploads\/2018\/02\/P1017884-e1517913567699.jpg?fit=640%2C853&#038;ssl=1\" src=\"https:\/\/i0.wp.com\/elpequenocatalan.com\/home\/wp-content\/uploads\/2018\/02\/P1017884-e1517913567699.jpg?w=316&#038;h=316&#038;crop=1&#038;ssl=1\" srcset=\"https:\/\/i0.wp.com\/elpequenocatalan.com\/home\/wp-content\/uploads\/2018\/02\/P1017884-e1517913567699.jpg?resize=150%2C150&amp;ssl=1 150w, https:\/\/i0.wp.com\/elpequenocatalan.com\/home\/wp-content\/uploads\/2018\/02\/P1017884-e1517913567699.jpg?resize=50%2C50&amp;ssl=1 50w, https:\/\/i0.wp.com\/elpequenocatalan.com\/home\/wp-content\/uploads\/2018\/02\/P1017884-e1517913567699.jpg?zoom=2&amp;resize=316%2C316&amp;ssl=1 632w, https:\/\/i0.wp.com\/elpequenocatalan.com\/home\/wp-content\/uploads\/2018\/02\/P1017884-e1517913567699.jpg?zoom=3&amp;resize=316%2C316&amp;ssl=1 948w\" width=\"316\" height=\"316\" loading=\"lazy\" data-original-width=\"316\" data-original-height=\"316\" itemprop=\"http:\/\/schema.org\/image\" title=\"\" alt=\"\" style=\"width: 316px; height: 316px;\" \/> <\/a> <\/div> <\/div> <\/div> <div class=\"gallery-row\" style=\"width: 640px; height: 320px;\" data-original-width=\"640\" data-original-height=\"320\" > <div class=\"gallery-group\" style=\"width: 320px; height: 320px;\" data-original-width=\"320\" data-original-height=\"320\" > <div class=\"tiled-gallery-item \" itemprop=\"associatedMedia\" itemscope itemtype=\"http:\/\/schema.org\/ImageObject\"> <a href=\"https:\/\/elpequenocatalan.com\/home\/index.php\/2018\/02\/07\/mercado-medieval-de-valencia-del-9-al-11-de-febrero-2018\/olympus-digital-camera-197\/\" border=\"0\" itemprop=\"url\"> <meta itemprop=\"width\" content=\"316\"> <meta itemprop=\"height\" content=\"316\"> <img decoding=\"async\" class=\"\" data-attachment-id=\"3602\" data-orig-file=\"https:\/\/elpequenocatalan.com\/home\/wp-content\/uploads\/2018\/02\/P1016812.jpg\" data-orig-size=\"3648,2736\" data-comments-opened=\"\" data-image-meta=\"{&quot;aperture&quot;:&quot;8&quot;,&quot;credit&quot;:&quot;&quot;,&quot;camera&quot;:&quot;E-520&quot;,&quot;caption&quot;:&quot;OLYMPUS DIGITAL CAMERA&quot;,&quot;created_timestamp&quot;:&quot;-62169984000&quot;,&quot;copyright&quot;:&quot;&quot;,&quot;focal_length&quot;:&quot;14&quot;,&quot;iso&quot;:&quot;100&quot;,&quot;shutter_speed&quot;:&quot;0.4&quot;,&quot;title&quot;:&quot;OLYMPUS DIGITAL CAMERA&quot;,&quot;orientation&quot;:&quot;1&quot;}\" data-image-title=\"\" data-image-description=\"\" data-medium-file=\"https:\/\/i0.wp.com\/elpequenocatalan.com\/home\/wp-content\/uploads\/2018\/02\/P1016812.jpg?fit=300%2C225&#038;ssl=1\" data-large-file=\"https:\/\/i0.wp.com\/elpequenocatalan.com\/home\/wp-content\/uploads\/2018\/02\/P1016812.jpg?fit=640%2C480&#038;ssl=1\" src=\"https:\/\/i0.wp.com\/elpequenocatalan.com\/home\/wp-content\/uploads\/2018\/02\/P1016812.jpg?w=316&#038;h=316&#038;crop=1&#038;ssl=1\" srcset=\"https:\/\/i0.wp.com\/elpequenocatalan.com\/home\/wp-content\/uploads\/2018\/02\/P1016812.jpg?resize=150%2C150&amp;ssl=1 150w, https:\/\/i0.wp.com\/elpequenocatalan.com\/home\/wp-content\/uploads\/2018\/02\/P1016812.jpg?resize=50%2C50&amp;ssl=1 50w, https:\/\/i0.wp.com\/elpequenocatalan.com\/home\/wp-content\/uploads\/2018\/02\/P1016812.jpg?zoom=2&amp;resize=316%2C316&amp;ssl=1 632w, https:\/\/i0.wp.com\/elpequenocatalan.com\/home\/wp-content\/uploads\/2018\/02\/P1016812.jpg?zoom=3&amp;resize=316%2C316&amp;ssl=1 948w\" width=\"316\" height=\"316\" loading=\"lazy\" data-original-width=\"316\" data-original-height=\"316\" itemprop=\"http:\/\/schema.org\/image\" title=\"\" alt=\"\" style=\"width: 316px; height: 316px;\" \/> <\/a> <\/div> <\/div> <div class=\"gallery-group\" style=\"width: 320px; height: 320px;\" data-original-width=\"320\" data-original-height=\"320\" > <div class=\"tiled-gallery-item \" itemprop=\"associatedMedia\" itemscope itemtype=\"http:\/\/schema.org\/ImageObject\"> <a href=\"https:\/\/elpequenocatalan.com\/home\/index.php\/2018\/02\/07\/mercado-medieval-de-valencia-del-9-al-11-de-febrero-2018\/olympus-digital-camera-196\/\" border=\"0\" itemprop=\"url\"> <meta itemprop=\"width\" content=\"316\"> <meta itemprop=\"height\" content=\"316\"> <img decoding=\"async\" class=\"\" data-attachment-id=\"3601\" data-orig-file=\"https:\/\/elpequenocatalan.com\/home\/wp-content\/uploads\/2018\/02\/P1015997.jpg\" data-orig-size=\"3648,2736\" data-comments-opened=\"\" data-image-meta=\"{&quot;aperture&quot;:&quot;4&quot;,&quot;credit&quot;:&quot;&quot;,&quot;camera&quot;:&quot;E-520&quot;,&quot;caption&quot;:&quot;OLYMPUS DIGITAL CAMERA&quot;,&quot;created_timestamp&quot;:&quot;-62169984000&quot;,&quot;copyright&quot;:&quot;&quot;,&quot;focal_length&quot;:&quot;14&quot;,&quot;iso&quot;:&quot;100&quot;,&quot;shutter_speed&quot;:&quot;0.2&quot;,&quot;title&quot;:&quot;OLYMPUS DIGITAL CAMERA&quot;,&quot;orientation&quot;:&quot;1&quot;}\" data-image-title=\"\" data-image-description=\"\" data-medium-file=\"https:\/\/i0.wp.com\/elpequenocatalan.com\/home\/wp-content\/uploads\/2018\/02\/P1015997.jpg?fit=300%2C225&#038;ssl=1\" data-large-file=\"https:\/\/i0.wp.com\/elpequenocatalan.com\/home\/wp-content\/uploads\/2018\/02\/P1015997.jpg?fit=640%2C480&#038;ssl=1\" src=\"https:\/\/i0.wp.com\/elpequenocatalan.com\/home\/wp-content\/uploads\/2018\/02\/P1015997.jpg?w=316&#038;h=316&#038;crop=1&#038;ssl=1\" srcset=\"https:\/\/i0.wp.com\/elpequenocatalan.com\/home\/wp-content\/uploads\/2018\/02\/P1015997.jpg?resize=150%2C150&amp;ssl=1 150w, https:\/\/i0.wp.com\/elpequenocatalan.com\/home\/wp-content\/uploads\/2018\/02\/P1015997.jpg?resize=50%2C50&amp;ssl=1 50w, https:\/\/i0.wp.com\/elpequenocatalan.com\/home\/wp-content\/uploads\/2018\/02\/P1015997.jpg?zoom=2&amp;resize=316%2C316&amp;ssl=1 632w, https:\/\/i0.wp.com\/elpequenocatalan.com\/home\/wp-content\/uploads\/2018\/02\/P1015997.jpg?zoom=3&amp;resize=316%2C316&amp;ssl=1 948w\" width=\"316\" height=\"316\" loading=\"lazy\" data-original-width=\"316\" data-original-height=\"316\" itemprop=\"http:\/\/schema.org\/image\" title=\"\" alt=\"\" style=\"width: 316px; height: 316px;\" \/> <\/a> <\/div> <\/div> <\/div> <\/div>\n<p>&nbsp;<\/p>\n","protected":false},"excerpt":{"rendered":"<p>Los Mercados y Ferias Medievales est\u00e1n presentes todo el a\u00f1o. En Orihuela (Alicante), Jodar (Ja\u00e9n) y el Mercado Medieval de la Fiesta de la Reserva de la Quesa, en Valencia. Si te gusta \u00e9ste ambiente y la vistosidad de una Fiesta Medieval, con sus escenarios y Trajes Medievales, \u00e9sta Fiesta declarada de Inter\u00e9s Tur\u00edstico Local, [&hellip;]<\/p>\n","protected":false},"author":1,"featured_media":3606,"comment_status":"closed","ping_status":"closed","sticky":false,"template":"","format":"standard","meta":{"ngg_post_thumbnail":0,"_jetpack_memberships_contains_paid_content":false,"footnotes":""},"categories":[7],"tags":[112,161,376,259],"class_list":["post-3600","post","type-post","status-publish","format-standard","has-post-thumbnail","hentry","category-medievales","tag-feria-medieval","tag-mercado-medieval","tag-trajes-de-epoca","tag-trajes-medievales"],"jetpack_featured_media_url":"https:\/\/i0.wp.com\/elpequenocatalan.com\/home\/wp-content\/uploads\/2018\/02\/P1018489-e1517913614288.jpg?fit=2736%2C3648&ssl=1","jetpack_sharing_enabled":true,"_links":{"self":[{"href":"https:\/\/elpequenocatalan.com\/home\/index.php\/wp-json\/wp\/v2\/posts\/3600","targetHints":{"allow":["GET"]}}],"collection":[{"href":"https:\/\/elpequenocatalan.com\/home\/index.php\/wp-json\/wp\/v2\/posts"}],"about":[{"href":"https:\/\/elpequenocatalan.com\/home\/index.php\/wp-json\/wp\/v2\/types\/post"}],"author":[{"embeddable":true,"href":"https:\/\/elpequenocatalan.com\/home\/index.php\/wp-json\/wp\/v2\/users\/1"}],"replies":[{"embeddable":true,"href":"https:\/\/elpequenocatalan.com\/home\/index.php\/wp-json\/wp\/v2\/comments?post=3600"}],"version-history":[{"count":5,"href":"https:\/\/elpequenocatalan.com\/home\/index.php\/wp-json\/wp\/v2\/posts\/3600\/revisions"}],"predecessor-version":[{"id":3612,"href":"https:\/\/elpequenocatalan.com\/home\/index.php\/wp-json\/wp\/v2\/posts\/3600\/revisions\/3612"}],"wp:featuredmedia":[{"embeddable":true,"href":"https:\/\/elpequenocatalan.com\/home\/index.php\/wp-json\/wp\/v2\/media\/3606"}],"wp:attachment":[{"href":"https:\/\/elpequenocatalan.com\/home\/index.php\/wp-json\/wp\/v2\/media?parent=3600"}],"wp:term":[{"taxonomy":"category","embeddable":true,"href":"https:\/\/elpequenocatalan.com\/home\/index.php\/wp-json\/wp\/v2\/categories?post=3600"},{"taxonomy":"post_tag","embeddable":true,"href":"https:\/\/elpequenocatalan.com\/home\/index.php\/wp-json\/wp\/v2\/tags?post=3600"}],"curies":[{"name":"wp","href":"https:\/\/api.w.org\/{rel}","templated":true}]}}