{"id":382,"date":"2015-11-23T08:26:35","date_gmt":"2015-11-23T08:26:35","guid":{"rendered":"http:\/\/www.elpequenocatalan.com\/wp\/?p=382"},"modified":"2015-11-23T08:26:35","modified_gmt":"2015-11-23T08:26:35","slug":"producto-estrella-maravilloso-abrigo-y-calentito","status":"publish","type":"post","link":"https:\/\/elpequenocatalan.com\/home\/index.php\/2015\/11\/23\/producto-estrella-maravilloso-abrigo-y-calentito\/","title":{"rendered":"Producto estrella: Maravilloso Abrigo&#8230;y calentito !!!"},"content":{"rendered":"<p><a href=\"https:\/\/i0.wp.com\/fervent-wiles.82-194-67-113.plesk.page\/home\/wp-content\/uploads\/2015\/11\/IMG_9297-e1448213466240.jpg?ssl=1\"><img data-recalc-dims=\"1\" loading=\"lazy\" decoding=\"async\" class=\"alignleft size-medium wp-image-384\" src=\"https:\/\/i0.wp.com\/fervent-wiles.82-194-67-113.plesk.page\/home\/wp-content\/uploads\/2015\/11\/IMG_9297-e1448213466240-200x300.jpg?resize=200%2C300&#038;ssl=1\" alt=\"abrigo\" width=\"200\" height=\"300\" \/><\/a>Llegan los rigores invernales,<strong> el fr\u00edo, el cierzo y el tiempo cambiante de nuestra regi\u00f3n<\/strong>. As\u00ed que en \u00e9sta ocasi\u00f3n el producto estrella que te recomienda <strong>\u00abEl Peque\u00f1o Catal\u00e1n\u00bb<\/strong>, es \u00e9ste <strong>maravilloso abrigo, c\u00e1lido, suave y agradable<\/strong>, que nos proporcionar\u00e1 calor y bienestar.<\/p>\n<p>Tan<strong> suave y delicado<\/strong>, que nos resultar\u00e1 imposible resistirnos al seductor calor que nos ofrece. Un color sutil, neutro y f\u00e1cil de combinar. Ponte el tuyo por 99,90 Euros y disfruta del calor m\u00e1s acogedor y c\u00f3modo de la temporada, con un estilo \u00fanico, que te har\u00e1 sentir la <strong>Reina del Invierno<\/strong>.<\/p>\n<p><a href=\"https:\/\/i0.wp.com\/fervent-wiles.82-194-67-113.plesk.page\/home\/wp-content\/uploads\/2015\/11\/IMG_9298-e1448215866403.jpg?ssl=1\"><img data-recalc-dims=\"1\" loading=\"lazy\" decoding=\"async\" class=\"alignright size-medium wp-image-386\" src=\"https:\/\/i0.wp.com\/fervent-wiles.82-194-67-113.plesk.page\/home\/wp-content\/uploads\/2015\/11\/IMG_9298-e1448215866403-200x300.jpg?resize=200%2C300&#038;ssl=1\" alt=\"americana mujer\" width=\"200\" height=\"300\" \/><\/a><\/p>\n<p>Si adem\u00e1s, quieres dar car\u00e1cter a tu estilo, echa un vistazo a \u00e9sta <strong>americana<\/strong>. Sienta estupendamente, y la puedes llevar con unos vaqueros para un look casual, o con leggins, si quieres un aspecto m\u00e1s sofisticado. Sea cual sea tu estilo, no olvides abrigarte, que hace fr\u00edo !!!<\/p>\n","protected":false},"excerpt":{"rendered":"<p>Llegan los rigores invernales, el fr\u00edo, el cierzo y el tiempo cambiante de nuestra regi\u00f3n. As\u00ed que en \u00e9sta ocasi\u00f3n el producto estrella que te recomienda \u00abEl Peque\u00f1o Catal\u00e1n\u00bb, es \u00e9ste maravilloso abrigo, c\u00e1lido, suave y agradable, que nos proporcionar\u00e1 calor y bienestar. Tan suave y delicado, que nos resultar\u00e1 imposible resistirnos al seductor calor [&hellip;]<\/p>\n","protected":false},"author":1,"featured_media":0,"comment_status":"closed","ping_status":"closed","sticky":false,"template":"","format":"standard","meta":{"ngg_post_thumbnail":0,"_jetpack_memberships_contains_paid_content":false,"footnotes":""},"categories":[10],"tags":[16,23,167,209],"class_list":["post-382","post","type-post","status-publish","format-standard","hentry","category-seccion-moda","tag-abrigo","tag-americana","tag-moda-mujer","tag-ropa"],"jetpack_featured_media_url":"","jetpack_sharing_enabled":true,"_links":{"self":[{"href":"https:\/\/elpequenocatalan.com\/home\/index.php\/wp-json\/wp\/v2\/posts\/382","targetHints":{"allow":["GET"]}}],"collection":[{"href":"https:\/\/elpequenocatalan.com\/home\/index.php\/wp-json\/wp\/v2\/posts"}],"about":[{"href":"https:\/\/elpequenocatalan.com\/home\/index.php\/wp-json\/wp\/v2\/types\/post"}],"author":[{"embeddable":true,"href":"https:\/\/elpequenocatalan.com\/home\/index.php\/wp-json\/wp\/v2\/users\/1"}],"replies":[{"embeddable":true,"href":"https:\/\/elpequenocatalan.com\/home\/index.php\/wp-json\/wp\/v2\/comments?post=382"}],"version-history":[{"count":0,"href":"https:\/\/elpequenocatalan.com\/home\/index.php\/wp-json\/wp\/v2\/posts\/382\/revisions"}],"wp:attachment":[{"href":"https:\/\/elpequenocatalan.com\/home\/index.php\/wp-json\/wp\/v2\/media?parent=382"}],"wp:term":[{"taxonomy":"category","embeddable":true,"href":"https:\/\/elpequenocatalan.com\/home\/index.php\/wp-json\/wp\/v2\/categories?post=382"},{"taxonomy":"post_tag","embeddable":true,"href":"https:\/\/elpequenocatalan.com\/home\/index.php\/wp-json\/wp\/v2\/tags?post=382"}],"curies":[{"name":"wp","href":"https:\/\/api.w.org\/{rel}","templated":true}]}}