{"id":396,"date":"2015-11-30T07:38:07","date_gmt":"2015-11-30T07:38:07","guid":{"rendered":"http:\/\/www.elpequenocatalan.com\/wp\/?p=396"},"modified":"2015-11-30T07:38:07","modified_gmt":"2015-11-30T07:38:07","slug":"20-dto-y-hasta-50-dto-en-indumentaria-regional-en-navidad-regala-baturros","status":"publish","type":"post","link":"https:\/\/elpequenocatalan.com\/home\/index.php\/2015\/11\/30\/20-dto-y-hasta-50-dto-en-indumentaria-regional-en-navidad-regala-baturros\/","title":{"rendered":"20% dto. y hasta 50 % dto., en Indumentaria Regional. En Navidad, regala Baturros."},"content":{"rendered":"<p>Descuentos imposibles!, toda la<strong>\u00a0Indumentaria Regional<\/strong> con el\u00a0<strong>20% de descuento<\/strong>, \u00a1en todos los art\u00edculos!. Pero no queda ah\u00ed&#8230;podemos encontrar descuentos especiales de hasta el <strong>50%<\/strong> algunos en productos. El <strong>Traje Regional<\/strong>, al mejor precio y apto para todos los \u00abReyes Magos\u00bb, <strong>porque en \u00e9sta Navidad&#8230;los \u00abMagos de Oriente\u00bb regalan Baturros.<\/strong><\/p>\n<p><a href=\"https:\/\/i0.wp.com\/fervent-wiles.82-194-67-113.plesk.page\/home\/wp-content\/uploads\/2015\/11\/IMG_9245.jpg?ssl=1\"><img data-recalc-dims=\"1\" loading=\"lazy\" decoding=\"async\" class=\"aligncenter size-large wp-image-398\" src=\"https:\/\/i0.wp.com\/fervent-wiles.82-194-67-113.plesk.page\/home\/wp-content\/uploads\/2015\/11\/IMG_9245-1024x683.jpg?resize=640%2C427&#038;ssl=1\" alt=\"indumentaria aragonesa\" width=\"640\" height=\"427\" \/><\/a><\/p>\n<p>Ven a ver \u00e9stos descuentos a<strong> \u00abEl Peque\u00f1o Catal\u00e1n\u00bb<\/strong>, y ver\u00e1s cuantas cosas encuentras y qu\u00e9 bonitas! y qu\u00e9 precios! No te lo puedes perder. Ac\u00e9rcate y ver\u00e1s la variedad y la calidad en todos los art\u00edculos.<\/p>\n<p><a href=\"https:\/\/i0.wp.com\/fervent-wiles.82-194-67-113.plesk.page\/home\/wp-content\/uploads\/2015\/11\/IMG_9243.jpg?ssl=1\"><img data-recalc-dims=\"1\" loading=\"lazy\" decoding=\"async\" class=\"aligncenter size-large wp-image-397\" src=\"https:\/\/i0.wp.com\/fervent-wiles.82-194-67-113.plesk.page\/home\/wp-content\/uploads\/2015\/11\/IMG_9243-1024x683.jpg?resize=640%2C427&#038;ssl=1\" alt=\"traje baturro\" width=\"640\" height=\"427\" \/><\/a><\/p>\n<p>Oferta v\u00e1lida desde el 01\/12\/15 hasta el 06\/01\/16, las ofertas no son acumulables.<\/p>\n<p><a href=\"https:\/\/i0.wp.com\/fervent-wiles.82-194-67-113.plesk.page\/home\/wp-content\/uploads\/2015\/11\/IMG_9246.jpg?ssl=1\"><img data-recalc-dims=\"1\" loading=\"lazy\" decoding=\"async\" class=\"aligncenter size-large wp-image-399\" src=\"https:\/\/i0.wp.com\/fervent-wiles.82-194-67-113.plesk.page\/home\/wp-content\/uploads\/2015\/11\/IMG_9246-1024x683.jpg?resize=640%2C427&#038;ssl=1\" alt=\"traje regional\" width=\"640\" height=\"427\" \/><\/a><\/p>\n","protected":false},"excerpt":{"rendered":"<p>Descuentos imposibles!, toda la\u00a0Indumentaria Regional con el\u00a020% de descuento, \u00a1en todos los art\u00edculos!. Pero no queda ah\u00ed&#8230;podemos encontrar descuentos especiales de hasta el 50% algunos en productos. El Traje Regional, al mejor precio y apto para todos los \u00abReyes Magos\u00bb, porque en \u00e9sta Navidad&#8230;los \u00abMagos de Oriente\u00bb regalan Baturros. Ven a ver \u00e9stos descuentos a [&hellip;]<\/p>\n","protected":false},"author":1,"featured_media":0,"comment_status":"closed","ping_status":"closed","sticky":false,"template":"","format":"standard","meta":{"ngg_post_thumbnail":0,"_jetpack_memberships_contains_paid_content":false,"footnotes":""},"categories":[8,12],"tags":[39,94,132,135,174,252],"class_list":["post-396","post","type-post","status-publish","format-standard","hentry","category-ofertas-y-promociones","category-traje-regional","tag-baturros","tag-descuentos","tag-indumentaria-aragonesa","tag-indumentaria-regional","tag-ofertas","tag-traje-regional"],"jetpack_featured_media_url":"","jetpack_sharing_enabled":true,"_links":{"self":[{"href":"https:\/\/elpequenocatalan.com\/home\/index.php\/wp-json\/wp\/v2\/posts\/396","targetHints":{"allow":["GET"]}}],"collection":[{"href":"https:\/\/elpequenocatalan.com\/home\/index.php\/wp-json\/wp\/v2\/posts"}],"about":[{"href":"https:\/\/elpequenocatalan.com\/home\/index.php\/wp-json\/wp\/v2\/types\/post"}],"author":[{"embeddable":true,"href":"https:\/\/elpequenocatalan.com\/home\/index.php\/wp-json\/wp\/v2\/users\/1"}],"replies":[{"embeddable":true,"href":"https:\/\/elpequenocatalan.com\/home\/index.php\/wp-json\/wp\/v2\/comments?post=396"}],"version-history":[{"count":0,"href":"https:\/\/elpequenocatalan.com\/home\/index.php\/wp-json\/wp\/v2\/posts\/396\/revisions"}],"wp:attachment":[{"href":"https:\/\/elpequenocatalan.com\/home\/index.php\/wp-json\/wp\/v2\/media?parent=396"}],"wp:term":[{"taxonomy":"category","embeddable":true,"href":"https:\/\/elpequenocatalan.com\/home\/index.php\/wp-json\/wp\/v2\/categories?post=396"},{"taxonomy":"post_tag","embeddable":true,"href":"https:\/\/elpequenocatalan.com\/home\/index.php\/wp-json\/wp\/v2\/tags?post=396"}],"curies":[{"name":"wp","href":"https:\/\/api.w.org\/{rel}","templated":true}]}}