{"id":4142,"date":"2018-05-02T06:46:17","date_gmt":"2018-05-02T06:46:17","guid":{"rendered":"http:\/\/www.elpequenocatalan.com\/?p=4142"},"modified":"2018-05-02T06:46:17","modified_gmt":"2018-05-02T06:46:17","slug":"recreaciones-historicas","status":"publish","type":"post","link":"https:\/\/elpequenocatalan.com\/home\/index.php\/2018\/05\/02\/recreaciones-historicas\/","title":{"rendered":"Recreaciones Hist\u00f3ricas"},"content":{"rendered":"<p>\u00c9ste fin de semana se han llevado a cabo diferentes recreaciones hist\u00f3ricas de \u00abLos Sitios de Zaragoza\u00bb, con multitud de eventos relacionados.<\/p>\n<p><img data-recalc-dims=\"1\" loading=\"lazy\" decoding=\"async\" class=\"alignleft size-medium wp-image-4144\" src=\"https:\/\/i0.wp.com\/fervent-wiles.82-194-67-113.plesk.page\/home\/wp-content\/uploads\/2018\/05\/recreaci%C3%B3n-lossitios-300x184.jpg?resize=300%2C184&#038;ssl=1\" alt=\"\" width=\"300\" height=\"184\" srcset=\"https:\/\/i0.wp.com\/elpequenocatalan.com\/home\/wp-content\/uploads\/2018\/05\/recreaci%C3%B3n-lossitios.jpg?resize=300%2C184&amp;ssl=1 300w, https:\/\/i0.wp.com\/elpequenocatalan.com\/home\/wp-content\/uploads\/2018\/05\/recreaci%C3%B3n-lossitios.jpg?resize=768%2C470&amp;ssl=1 768w, https:\/\/i0.wp.com\/elpequenocatalan.com\/home\/wp-content\/uploads\/2018\/05\/recreaci%C3%B3n-lossitios.jpg?resize=1024%2C627&amp;ssl=1 1024w, https:\/\/i0.wp.com\/elpequenocatalan.com\/home\/wp-content\/uploads\/2018\/05\/recreaci%C3%B3n-lossitios.jpg?resize=600%2C367&amp;ssl=1 600w, https:\/\/i0.wp.com\/elpequenocatalan.com\/home\/wp-content\/uploads\/2018\/05\/recreaci%C3%B3n-lossitios.jpg?resize=660%2C404&amp;ssl=1 660w, https:\/\/i0.wp.com\/elpequenocatalan.com\/home\/wp-content\/uploads\/2018\/05\/recreaci%C3%B3n-lossitios.jpg?w=1280&amp;ssl=1 1280w, https:\/\/i0.wp.com\/elpequenocatalan.com\/home\/wp-content\/uploads\/2018\/05\/recreaci%C3%B3n-lossitios.jpg?w=1920&amp;ssl=1 1920w\" sizes=\"auto, (max-width: 300px) 100vw, 300px\" \/>Un evento que cada vez cobra m\u00e1s fuerza y que en \u00e9sta ocasi\u00f3n reuni\u00f3 a una gran cantidad de p\u00fablico, tanto en el campamento situado en el \u00abParque del T\u00edo Jorge\u00bb, como en las recreaciones del Coso y de la Aljafer\u00eda.<\/p>\n<p>M\u00e1s de 400 participantes, pertenecientes a 20 agrupaciones y representando a 6 pa\u00edses ofrecieron un magn\u00edfico espect\u00e1culo que edici\u00f3n tras edici\u00f3n ha ido creciendo y representando de forma cada vez m\u00e1s espectacular un momento hist\u00f3rico, manteniendo rigor, tanto en la escenificaci\u00f3n como en el atrezzo y vestimenta.<\/p>\n<p><img data-recalc-dims=\"1\" loading=\"lazy\" decoding=\"async\" class=\"aligncenter wp-image-4143 size-full\" src=\"https:\/\/i0.wp.com\/fervent-wiles.82-194-67-113.plesk.page\/home\/wp-content\/uploads\/2018\/05\/recreaciondelossit28087067_0033558a.jpg?resize=640%2C427&#038;ssl=1\" alt=\"\" width=\"640\" height=\"427\" srcset=\"https:\/\/i0.wp.com\/elpequenocatalan.com\/home\/wp-content\/uploads\/2018\/05\/recreaciondelossit28087067_0033558a.jpg?w=640&amp;ssl=1 640w, https:\/\/i0.wp.com\/elpequenocatalan.com\/home\/wp-content\/uploads\/2018\/05\/recreaciondelossit28087067_0033558a.jpg?resize=300%2C200&amp;ssl=1 300w, https:\/\/i0.wp.com\/elpequenocatalan.com\/home\/wp-content\/uploads\/2018\/05\/recreaciondelossit28087067_0033558a.jpg?resize=600%2C400&amp;ssl=1 600w, https:\/\/i0.wp.com\/elpequenocatalan.com\/home\/wp-content\/uploads\/2018\/05\/recreaciondelossit28087067_0033558a.jpg?resize=200%2C133&amp;ssl=1 200w\" sizes=\"auto, (max-width: 640px) 100vw, 640px\" \/><\/p>\n<p>Igualmente&nbsp; y con ocasi\u00f3n de estas celebraciones, se puede contemplar en el edificio de la Capitan\u00eda General de Arag\u00f3n, una exposici\u00f3n de clicks de Playmobil que representa la batalla de los Sitios de Zaragoza durante la Guerra de la Independencia y que podremos visitar hasta el 15 de Mayo.<\/p>\n<p>&nbsp;<\/p>\n","protected":false},"excerpt":{"rendered":"<p>\u00c9ste fin de semana se han llevado a cabo diferentes recreaciones hist\u00f3ricas de \u00abLos Sitios de Zaragoza\u00bb, con multitud de eventos relacionados. Un evento que cada vez cobra m\u00e1s fuerza y que en \u00e9sta ocasi\u00f3n reuni\u00f3 a una gran cantidad de p\u00fablico, tanto en el campamento situado en el \u00abParque del T\u00edo Jorge\u00bb, como en [&hellip;]<\/p>\n","protected":false},"author":1,"featured_media":4145,"comment_status":"closed","ping_status":"closed","sticky":false,"template":"","format":"standard","meta":{"ngg_post_thumbnail":0,"_jetpack_memberships_contains_paid_content":false,"footnotes":""},"categories":[12],"tags":[411,376],"class_list":["post-4142","post","type-post","status-publish","format-standard","has-post-thumbnail","hentry","category-traje-regional","tag-recreaciones-historicas","tag-trajes-de-epoca"],"jetpack_featured_media_url":"https:\/\/i0.wp.com\/elpequenocatalan.com\/home\/wp-content\/uploads\/2018\/05\/Recreacion-Los-Sitios-de-Zaragoza.jpg?fit=745%2C483&ssl=1","jetpack_sharing_enabled":true,"_links":{"self":[{"href":"https:\/\/elpequenocatalan.com\/home\/index.php\/wp-json\/wp\/v2\/posts\/4142","targetHints":{"allow":["GET"]}}],"collection":[{"href":"https:\/\/elpequenocatalan.com\/home\/index.php\/wp-json\/wp\/v2\/posts"}],"about":[{"href":"https:\/\/elpequenocatalan.com\/home\/index.php\/wp-json\/wp\/v2\/types\/post"}],"author":[{"embeddable":true,"href":"https:\/\/elpequenocatalan.com\/home\/index.php\/wp-json\/wp\/v2\/users\/1"}],"replies":[{"embeddable":true,"href":"https:\/\/elpequenocatalan.com\/home\/index.php\/wp-json\/wp\/v2\/comments?post=4142"}],"version-history":[{"count":1,"href":"https:\/\/elpequenocatalan.com\/home\/index.php\/wp-json\/wp\/v2\/posts\/4142\/revisions"}],"predecessor-version":[{"id":4146,"href":"https:\/\/elpequenocatalan.com\/home\/index.php\/wp-json\/wp\/v2\/posts\/4142\/revisions\/4146"}],"wp:featuredmedia":[{"embeddable":true,"href":"https:\/\/elpequenocatalan.com\/home\/index.php\/wp-json\/wp\/v2\/media\/4145"}],"wp:attachment":[{"href":"https:\/\/elpequenocatalan.com\/home\/index.php\/wp-json\/wp\/v2\/media?parent=4142"}],"wp:term":[{"taxonomy":"category","embeddable":true,"href":"https:\/\/elpequenocatalan.com\/home\/index.php\/wp-json\/wp\/v2\/categories?post=4142"},{"taxonomy":"post_tag","embeddable":true,"href":"https:\/\/elpequenocatalan.com\/home\/index.php\/wp-json\/wp\/v2\/tags?post=4142"}],"curies":[{"name":"wp","href":"https:\/\/api.w.org\/{rel}","templated":true}]}}