{"id":417,"date":"2015-12-20T08:50:16","date_gmt":"2015-12-20T08:50:16","guid":{"rendered":"http:\/\/www.elpequenocatalan.com\/wp\/?p=417"},"modified":"2015-12-20T08:50:16","modified_gmt":"2015-12-20T08:50:16","slug":"descuentos-en-ropa-de-abrigo-para-ninos","status":"publish","type":"post","link":"https:\/\/elpequenocatalan.com\/home\/index.php\/2015\/12\/20\/descuentos-en-ropa-de-abrigo-para-ninos\/","title":{"rendered":"Descuentos en ropa de abrigo para ni\u00f1os."},"content":{"rendered":"<p>En <strong>\u00abEl Peque\u00f1o Catal\u00e1n\u00bb<\/strong> encontrar\u00e1s \u00e9sta oferta hasta final de Febrero,\u00a0no la dejes escapar!. \u00c9stos <strong>descuentos en ropa de abrigo para ni\u00f1os<\/strong> es genial!<\/p>\n<p>\u00c9ste abrigo de ni\u00f1o est\u00e1 a un precio realmente interesante, antes costaba 59,90 Euros y ahora nos lo podemos llevar por 44,90 Euros, un<strong> 25 % menos<\/strong>. Es realmente calentito, agradable y sufrido. Lo podr\u00e1s encontrar en tallas de la 4 a la 14.<\/p>\n<p><a href=\"https:\/\/i0.wp.com\/fervent-wiles.82-194-67-113.plesk.page\/home\/wp-content\/uploads\/2015\/12\/P1013850-e1450601114344.jpg?ssl=1\" rel=\"attachment wp-att-419\"><img data-recalc-dims=\"1\" loading=\"lazy\" decoding=\"async\" class=\"aligncenter size-large wp-image-419\" src=\"https:\/\/i0.wp.com\/fervent-wiles.82-194-67-113.plesk.page\/home\/wp-content\/uploads\/2015\/12\/P1013850-e1450601114344-768x1024.jpg?resize=640%2C853&#038;ssl=1\" alt=\"abrigo ni\u00f1o oferta\" width=\"640\" height=\"853\" \/><\/a><\/p>\n<p>Si el estilo que buscas es m\u00e1s informal, tambi\u00e9n podr\u00e1s ver \u00e9sta cazadora con capucha, con un fant\u00e1stico<strong> 50% de descuento<\/strong>., antes costaba 49,90 Euros y ahora la tienes s\u00f3lo por 24,90 Euros en tallas desde la 8 a la 16.<\/p>\n<p><a href=\"https:\/\/i0.wp.com\/fervent-wiles.82-194-67-113.plesk.page\/home\/wp-content\/uploads\/2015\/12\/P1013848-e1450601129694.jpg?ssl=1\" rel=\"attachment wp-att-418\"><img data-recalc-dims=\"1\" loading=\"lazy\" decoding=\"async\" class=\"aligncenter size-large wp-image-418\" src=\"https:\/\/i0.wp.com\/fervent-wiles.82-194-67-113.plesk.page\/home\/wp-content\/uploads\/2015\/12\/P1013848-e1450601129694-768x1024.jpg?resize=640%2C853&#038;ssl=1\" alt=\"cazadora ni\u00f1o capucha\" width=\"640\" height=\"853\" \/><\/a><\/p>\n<p>&nbsp;<\/p>\n","protected":false},"excerpt":{"rendered":"<p>En \u00abEl Peque\u00f1o Catal\u00e1n\u00bb encontrar\u00e1s \u00e9sta oferta hasta final de Febrero,\u00a0no la dejes escapar!. \u00c9stos descuentos en ropa de abrigo para ni\u00f1os es genial! \u00c9ste abrigo de ni\u00f1o est\u00e1 a un precio realmente interesante, antes costaba 59,90 Euros y ahora nos lo podemos llevar por 44,90 Euros, un 25 % menos. Es realmente calentito, agradable [&hellip;]<\/p>\n","protected":false},"author":1,"featured_media":0,"comment_status":"closed","ping_status":"closed","sticky":false,"template":"","format":"standard","meta":{"ngg_post_thumbnail":0,"_jetpack_memberships_contains_paid_content":false,"footnotes":""},"categories":[4],"tags":[17,62,94],"class_list":["post-417","post","type-post","status-publish","format-standard","hentry","category-colegiosguarderias","tag-abrigo-nino","tag-cazadora-nino","tag-descuentos"],"jetpack_featured_media_url":"","jetpack_sharing_enabled":true,"_links":{"self":[{"href":"https:\/\/elpequenocatalan.com\/home\/index.php\/wp-json\/wp\/v2\/posts\/417","targetHints":{"allow":["GET"]}}],"collection":[{"href":"https:\/\/elpequenocatalan.com\/home\/index.php\/wp-json\/wp\/v2\/posts"}],"about":[{"href":"https:\/\/elpequenocatalan.com\/home\/index.php\/wp-json\/wp\/v2\/types\/post"}],"author":[{"embeddable":true,"href":"https:\/\/elpequenocatalan.com\/home\/index.php\/wp-json\/wp\/v2\/users\/1"}],"replies":[{"embeddable":true,"href":"https:\/\/elpequenocatalan.com\/home\/index.php\/wp-json\/wp\/v2\/comments?post=417"}],"version-history":[{"count":0,"href":"https:\/\/elpequenocatalan.com\/home\/index.php\/wp-json\/wp\/v2\/posts\/417\/revisions"}],"wp:attachment":[{"href":"https:\/\/elpequenocatalan.com\/home\/index.php\/wp-json\/wp\/v2\/media?parent=417"}],"wp:term":[{"taxonomy":"category","embeddable":true,"href":"https:\/\/elpequenocatalan.com\/home\/index.php\/wp-json\/wp\/v2\/categories?post=417"},{"taxonomy":"post_tag","embeddable":true,"href":"https:\/\/elpequenocatalan.com\/home\/index.php\/wp-json\/wp\/v2\/tags?post=417"}],"curies":[{"name":"wp","href":"https:\/\/api.w.org\/{rel}","templated":true}]}}