{"id":422,"date":"2015-12-21T08:29:10","date_gmt":"2015-12-21T08:29:10","guid":{"rendered":"http:\/\/www.elpequenocatalan.com\/wp\/?p=422"},"modified":"2015-12-21T08:29:10","modified_gmt":"2015-12-21T08:29:10","slug":"actualidad-y-ofertas-en-ropa-laboral","status":"publish","type":"post","link":"https:\/\/elpequenocatalan.com\/home\/index.php\/2015\/12\/21\/actualidad-y-ofertas-en-ropa-laboral\/","title":{"rendered":"Actualidad y Ofertas en Ropa Laboral"},"content":{"rendered":"<figure id=\"attachment_432\" aria-describedby=\"caption-attachment-432\" style=\"width: 150px\" class=\"wp-caption alignleft\"><a href=\"https:\/\/i0.wp.com\/fervent-wiles.82-194-67-113.plesk.page\/home\/wp-content\/uploads\/2015\/12\/P1013854-e1450603180231.jpg?ssl=1\" rel=\"attachment wp-att-432\"><img data-recalc-dims=\"1\" loading=\"lazy\" decoding=\"async\" class=\"wp-image-432 size-thumbnail\" src=\"https:\/\/i0.wp.com\/fervent-wiles.82-194-67-113.plesk.page\/home\/wp-content\/uploads\/2015\/12\/P1013854-e1450603180231-150x150.jpg?resize=150%2C150&#038;ssl=1\" alt=\"Pichi Profesor\" width=\"150\" height=\"150\" \/><\/a><figcaption id=\"caption-attachment-432\" class=\"wp-caption-text\">Pichi Profesor<\/figcaption><\/figure>\n<figure id=\"attachment_430\" aria-describedby=\"caption-attachment-430\" style=\"width: 150px\" class=\"wp-caption alignright\"><a href=\"https:\/\/i0.wp.com\/fervent-wiles.82-194-67-113.plesk.page\/home\/wp-content\/uploads\/2015\/12\/P1013841-e1450603217733.jpg?ssl=1\" rel=\"attachment wp-att-430\"><img data-recalc-dims=\"1\" loading=\"lazy\" decoding=\"async\" class=\"size-thumbnail wp-image-430\" src=\"https:\/\/i0.wp.com\/fervent-wiles.82-194-67-113.plesk.page\/home\/wp-content\/uploads\/2015\/12\/P1013841-e1450603217733-150x150.jpg?resize=150%2C150&#038;ssl=1\" alt=\"Pichi Profesor\" width=\"150\" height=\"150\" \/><\/a><figcaption id=\"caption-attachment-430\" class=\"wp-caption-text\">Pichi Profesor<\/figcaption><\/figure>\n<p><strong>\u00abEl Peque\u00f1o Catal\u00e1n\u00bb<\/strong> cubre todas\u00a0las necesidades; fabrica con <strong>cualquier dise\u00f1o y patronaje<\/strong>, <strong>todo tipo de ropa laboral<\/strong>. Especialmente nos centraremos en los gremios de Hosteler\u00eda, Centros de Est\u00e9tica, Cl\u00ednicas Dentales, Sanitarios, Veterinarios o incluso Profesores,\u00a0pero cualquier actividad y profesi\u00f3n que requiera vestuario\u00a0para su actividad, se puede fabricar a la medida de sus necesidades y exigencias.<\/p>\n<figure id=\"attachment_425\" aria-describedby=\"caption-attachment-425\" style=\"width: 660px\" class=\"wp-caption aligncenter\"><a href=\"https:\/\/i0.wp.com\/fervent-wiles.82-194-67-113.plesk.page\/home\/wp-content\/uploads\/2015\/12\/P1013823-e1450603325124.jpg?ssl=1\" rel=\"attachment wp-att-425\"><img data-recalc-dims=\"1\" loading=\"lazy\" decoding=\"async\" class=\"size-large wp-image-425\" src=\"https:\/\/i0.wp.com\/fervent-wiles.82-194-67-113.plesk.page\/home\/wp-content\/uploads\/2015\/12\/P1013823-e1450603325124-768x1024.jpg?resize=640%2C853&#038;ssl=1\" alt=\"Ropa Laboral Hosteler\u00eda\" width=\"640\" height=\"853\" \/><\/a><figcaption id=\"caption-attachment-425\" class=\"wp-caption-text\">Ropa Laboral Hosteler\u00eda<\/figcaption><\/figure>\n<p>Adem\u00e1s de poder dise\u00f1ar la est\u00e9tica que m\u00e1s se ajuste a su imagen de empresa o que m\u00e1s se diferencie del resto de empresas, puesto que\u00a0no\u00a0\u00a0le\u00a0ponemos\u00a0l\u00edmite\u00a0\u00a0a\u00a0la\u00a0\u00a0imaginaci\u00f3n\u00a0simplemente<strong> no existe la \u00abcantidad m\u00ednima\u00bb<\/strong> y como consecuencia de la pol\u00edtica de fabricaci\u00f3n de <strong>\u00abEl Peque\u00f1o Catal\u00e1n\u00bb<\/strong>, adem\u00e1s hay una<strong> garant\u00eda de continuidad<\/strong>, en la fabricaci\u00f3n de su ropa laboral a lo largo del tiempo.<\/p>\n<p><strong>Chaquetilla de cocina gama alta<\/strong>, modelos Eneldo y Estrag\u00f3n con acabado tefl\u00f3n, ambas al <strong>50% de descuento<\/strong> hasta finalizar existencias.<\/p>\n<figure id=\"attachment_428\" aria-describedby=\"caption-attachment-428\" style=\"width: 660px\" class=\"wp-caption aligncenter\"><a href=\"https:\/\/i0.wp.com\/fervent-wiles.82-194-67-113.plesk.page\/home\/wp-content\/uploads\/2015\/12\/P1013828.jpg?ssl=1\" rel=\"attachment wp-att-428\"><img data-recalc-dims=\"1\" loading=\"lazy\" decoding=\"async\" class=\"size-large wp-image-428\" src=\"https:\/\/i0.wp.com\/fervent-wiles.82-194-67-113.plesk.page\/home\/wp-content\/uploads\/2015\/12\/P1013828-1024x768.jpg?resize=640%2C480&#038;ssl=1\" alt=\"Chaquetilla de Cocina\" width=\"640\" height=\"480\" \/><\/a><figcaption id=\"caption-attachment-428\" class=\"wp-caption-text\">Chaquetilla de Cocina<\/figcaption><\/figure>\n<figure id=\"attachment_434\" aria-describedby=\"caption-attachment-434\" style=\"width: 660px\" class=\"wp-caption aligncenter\"><a href=\"https:\/\/i0.wp.com\/fervent-wiles.82-194-67-113.plesk.page\/home\/wp-content\/uploads\/2015\/12\/P1013861-e1450603250534.jpg?ssl=1\" rel=\"attachment wp-att-434\"><img data-recalc-dims=\"1\" loading=\"lazy\" decoding=\"async\" class=\"size-large wp-image-434\" src=\"https:\/\/i0.wp.com\/fervent-wiles.82-194-67-113.plesk.page\/home\/wp-content\/uploads\/2015\/12\/P1013861-e1450603250534-768x1024.jpg?resize=640%2C853&#038;ssl=1\" alt=\"Chaquetilla de Cocina\" width=\"640\" height=\"853\" \/><\/a><figcaption id=\"caption-attachment-434\" class=\"wp-caption-text\">Chaquetilla de Cocina<\/figcaption><\/figure>\n<p><strong>Camisas marca Norvil<\/strong>, todas al <strong>50%<\/strong> <strong>de descuento<\/strong> hasta final de existencias. Las tenemos desde 11,90 Euros.<\/p>\n<figure id=\"attachment_427\" aria-describedby=\"caption-attachment-427\" style=\"width: 660px\" class=\"wp-caption aligncenter\"><a href=\"https:\/\/i0.wp.com\/fervent-wiles.82-194-67-113.plesk.page\/home\/wp-content\/uploads\/2015\/12\/P1013827.jpg?ssl=1\" rel=\"attachment wp-att-427\"><img data-recalc-dims=\"1\" loading=\"lazy\" decoding=\"async\" class=\"wp-image-427 size-large\" src=\"https:\/\/i0.wp.com\/fervent-wiles.82-194-67-113.plesk.page\/home\/wp-content\/uploads\/2015\/12\/P1013827-1024x768.jpg?resize=640%2C480&#038;ssl=1\" alt=\"Camisa \" width=\"640\" height=\"480\" \/><\/a><figcaption id=\"caption-attachment-427\" class=\"wp-caption-text\">Camisa\u00a0Norvil<\/figcaption><\/figure>\n<figure id=\"attachment_436\" aria-describedby=\"caption-attachment-436\" style=\"width: 150px\" class=\"wp-caption alignleft\"><a href=\"https:\/\/i0.wp.com\/fervent-wiles.82-194-67-113.plesk.page\/home\/wp-content\/uploads\/2015\/12\/P1013859-e1450609879480.jpg?ssl=1\" rel=\"attachment wp-att-436\"><img data-recalc-dims=\"1\" loading=\"lazy\" decoding=\"async\" class=\"size-thumbnail wp-image-436\" src=\"https:\/\/i0.wp.com\/fervent-wiles.82-194-67-113.plesk.page\/home\/wp-content\/uploads\/2015\/12\/P1013859-e1450609879480-150x150.jpg?resize=150%2C150&#038;ssl=1\" alt=\"Chaquetilla Cocina\" width=\"150\" height=\"150\" \/><\/a><figcaption id=\"caption-attachment-436\" class=\"wp-caption-text\">Chaquetilla Cocina<\/figcaption><\/figure>\n<p>Chaquetilla M\/L personalizada, con tejido repelente de l\u00edquidos y transpirable con gorro seta a juego, antes 49,90 + 14,90 =64,80 \u20ac,- <strong>AHORA 40 \u20ac.<\/strong><\/p>\n<p>Chaquetilla M\/L personalizada, con tejido repelente de l\u00edquidos y transpirable con gorro seta a juego, antes 29,90 + 14,90 =44,80 \u20ac,- <strong>AHORA\u00a030\u00a0\u20ac.<\/strong><\/p>\n<p>Dos delantales personalizados largos (mismo tejido) + gorro seta a juego,\u00a0antes\u00a036 + 14.90 =\u00a050.90 \u20ac.-\u00a0<strong>AHORA 45 \u20ac.<\/strong><\/p>\n<p>Casaca pico personalizada (mismo tejido) + gorro pirata, antes 29,90 + 9,90 = 39,80 \u20ac.- <strong>AHORA 35 \u20ac<\/strong><\/p>\n<figure id=\"attachment_426\" aria-describedby=\"caption-attachment-426\" style=\"width: 660px\" class=\"wp-caption aligncenter\"><a href=\"https:\/\/i0.wp.com\/fervent-wiles.82-194-67-113.plesk.page\/home\/wp-content\/uploads\/2015\/12\/P1013825-e1450603307755.jpg?ssl=1\" rel=\"attachment wp-att-426\"><img data-recalc-dims=\"1\" loading=\"lazy\" decoding=\"async\" class=\"size-large wp-image-426\" src=\"https:\/\/i0.wp.com\/fervent-wiles.82-194-67-113.plesk.page\/home\/wp-content\/uploads\/2015\/12\/P1013825-e1450603307755-768x1024.jpg?resize=640%2C853&#038;ssl=1\" alt=\"Laboral Sanitario\" width=\"640\" height=\"853\" \/><\/a><figcaption id=\"caption-attachment-426\" class=\"wp-caption-text\">Laboral Sanitario<\/figcaption><\/figure>\n<p>&nbsp;<\/p>\n<p>&nbsp;<\/p>\n<p>&nbsp;<\/p>\n","protected":false},"excerpt":{"rendered":"<p>\u00abEl Peque\u00f1o Catal\u00e1n\u00bb cubre todas\u00a0las necesidades; fabrica con cualquier dise\u00f1o y patronaje, todo tipo de ropa laboral. Especialmente nos centraremos en los gremios de Hosteler\u00eda, Centros de Est\u00e9tica, Cl\u00ednicas Dentales, Sanitarios, Veterinarios o incluso Profesores,\u00a0pero cualquier actividad y profesi\u00f3n que requiera vestuario\u00a0para su actividad, se puede fabricar a la medida de sus necesidades y exigencias. [&hellip;]<\/p>\n","protected":false},"author":1,"featured_media":0,"comment_status":"closed","ping_status":"closed","sticky":false,"template":"","format":"standard","meta":{"ngg_post_thumbnail":0,"_jetpack_memberships_contains_paid_content":false,"footnotes":""},"categories":[6,8],"tags":[71,130,195,220,224,267],"class_list":["post-422","post","type-post","status-publish","format-standard","hentry","category-laboral","category-ofertas-y-promociones","tag-chaquetilla-cocina","tag-imagen-de-empresa","tag-pichi-profesor","tag-ropa-laboral","tag-ropa-sanitario","tag-uniforme-laboral"],"jetpack_featured_media_url":"","jetpack_sharing_enabled":true,"_links":{"self":[{"href":"https:\/\/elpequenocatalan.com\/home\/index.php\/wp-json\/wp\/v2\/posts\/422","targetHints":{"allow":["GET"]}}],"collection":[{"href":"https:\/\/elpequenocatalan.com\/home\/index.php\/wp-json\/wp\/v2\/posts"}],"about":[{"href":"https:\/\/elpequenocatalan.com\/home\/index.php\/wp-json\/wp\/v2\/types\/post"}],"author":[{"embeddable":true,"href":"https:\/\/elpequenocatalan.com\/home\/index.php\/wp-json\/wp\/v2\/users\/1"}],"replies":[{"embeddable":true,"href":"https:\/\/elpequenocatalan.com\/home\/index.php\/wp-json\/wp\/v2\/comments?post=422"}],"version-history":[{"count":0,"href":"https:\/\/elpequenocatalan.com\/home\/index.php\/wp-json\/wp\/v2\/posts\/422\/revisions"}],"wp:attachment":[{"href":"https:\/\/elpequenocatalan.com\/home\/index.php\/wp-json\/wp\/v2\/media?parent=422"}],"wp:term":[{"taxonomy":"category","embeddable":true,"href":"https:\/\/elpequenocatalan.com\/home\/index.php\/wp-json\/wp\/v2\/categories?post=422"},{"taxonomy":"post_tag","embeddable":true,"href":"https:\/\/elpequenocatalan.com\/home\/index.php\/wp-json\/wp\/v2\/tags?post=422"}],"curies":[{"name":"wp","href":"https:\/\/api.w.org\/{rel}","templated":true}]}}