{"id":4263,"date":"2018-07-11T07:24:57","date_gmt":"2018-07-11T07:24:57","guid":{"rendered":"http:\/\/www.elpequenocatalan.com\/?p=4263"},"modified":"2018-07-11T07:24:57","modified_gmt":"2018-07-11T07:24:57","slug":"baturros-y-baturras","status":"publish","type":"post","link":"https:\/\/elpequenocatalan.com\/home\/index.php\/2018\/07\/11\/baturros-y-baturras\/","title":{"rendered":"Baturros y Baturras"},"content":{"rendered":"<p><strong>\u00abEl Peque\u00f1o Catal\u00e1n\u00bb<\/strong> cuida mucho los detalles del<strong> Traje Regional Aragon\u00e9s<\/strong>, esos <strong>Trajes Tradicionales<\/strong>, <strong>Folcl\u00f3ricos<\/strong> que con tanto orgullo lucimos, aunque en menos ocasiones de las que nos gustar\u00eda, y con los que alardeamos llenos de satisfacci\u00f3n.<\/p>\n<div class=\"tiled-gallery type-square tiled-gallery-unresized\" data-original-width=\"640\" data-carousel-extra='null' itemscope itemtype=\"http:\/\/schema.org\/ImageGallery\" > <div class=\"gallery-row\" style=\"width: 640px; height: 320px;\" data-original-width=\"640\" data-original-height=\"320\" > <div class=\"gallery-group\" style=\"width: 320px; height: 320px;\" data-original-width=\"320\" data-original-height=\"320\" > <div class=\"tiled-gallery-item \" itemprop=\"associatedMedia\" itemscope itemtype=\"http:\/\/schema.org\/ImageObject\"> <a href=\"https:\/\/elpequenocatalan.com\/home\/index.php\/2018\/07\/11\/baturros-y-baturras\/olympus-digital-camera-317\/\" border=\"0\" itemprop=\"url\"> <meta itemprop=\"width\" content=\"316\"> <meta itemprop=\"height\" content=\"316\"> <img decoding=\"async\" class=\"\" data-attachment-id=\"4267\" data-orig-file=\"https:\/\/elpequenocatalan.com\/home\/wp-content\/uploads\/2018\/07\/baturro.jpg\" data-orig-size=\"3648,2736\" data-comments-opened=\"\" data-image-meta=\"{&quot;aperture&quot;:&quot;3.5&quot;,&quot;credit&quot;:&quot;&quot;,&quot;camera&quot;:&quot;E-520&quot;,&quot;caption&quot;:&quot;OLYMPUS DIGITAL CAMERA&quot;,&quot;created_timestamp&quot;:&quot;-62169984000&quot;,&quot;copyright&quot;:&quot;&quot;,&quot;focal_length&quot;:&quot;14&quot;,&quot;iso&quot;:&quot;100&quot;,&quot;shutter_speed&quot;:&quot;0.016666666666667&quot;,&quot;title&quot;:&quot;OLYMPUS DIGITAL CAMERA&quot;,&quot;orientation&quot;:&quot;1&quot;}\" data-image-title=\"OLYMPUS DIGITAL CAMERA\" data-image-description=\"\" data-medium-file=\"https:\/\/i0.wp.com\/elpequenocatalan.com\/home\/wp-content\/uploads\/2018\/07\/baturro.jpg?fit=300%2C225&#038;ssl=1\" data-large-file=\"https:\/\/i0.wp.com\/elpequenocatalan.com\/home\/wp-content\/uploads\/2018\/07\/baturro.jpg?fit=640%2C480&#038;ssl=1\" src=\"https:\/\/i0.wp.com\/elpequenocatalan.com\/home\/wp-content\/uploads\/2018\/07\/baturro.jpg?w=316&#038;h=316&#038;crop=1&#038;ssl=1\" srcset=\"https:\/\/i0.wp.com\/elpequenocatalan.com\/home\/wp-content\/uploads\/2018\/07\/baturro.jpg?resize=150%2C150&amp;ssl=1 150w, https:\/\/i0.wp.com\/elpequenocatalan.com\/home\/wp-content\/uploads\/2018\/07\/baturro.jpg?resize=50%2C50&amp;ssl=1 50w, https:\/\/i0.wp.com\/elpequenocatalan.com\/home\/wp-content\/uploads\/2018\/07\/baturro.jpg?zoom=2&amp;resize=316%2C316&amp;ssl=1 632w, https:\/\/i0.wp.com\/elpequenocatalan.com\/home\/wp-content\/uploads\/2018\/07\/baturro.jpg?zoom=3&amp;resize=316%2C316&amp;ssl=1 948w\" width=\"316\" height=\"316\" loading=\"lazy\" data-original-width=\"316\" data-original-height=\"316\" itemprop=\"http:\/\/schema.org\/image\" title=\"OLYMPUS DIGITAL CAMERA\" alt=\"OLYMPUS DIGITAL CAMERA\" style=\"width: 316px; height: 316px;\" \/> <\/a> <\/div> <\/div> <div class=\"gallery-group\" style=\"width: 320px; height: 320px;\" data-original-width=\"320\" data-original-height=\"320\" > <div class=\"tiled-gallery-item \" itemprop=\"associatedMedia\" itemscope itemtype=\"http:\/\/schema.org\/ImageObject\"> <a href=\"https:\/\/elpequenocatalan.com\/home\/index.php\/2018\/07\/11\/baturros-y-baturras\/olympus-digital-camera-316\/\" border=\"0\" itemprop=\"url\"> <meta itemprop=\"width\" content=\"316\"> <meta itemprop=\"height\" content=\"316\"> <img decoding=\"async\" class=\"\" data-attachment-id=\"4265\" data-orig-file=\"https:\/\/elpequenocatalan.com\/home\/wp-content\/uploads\/2018\/07\/baturra-3.jpg\" data-orig-size=\"3648,2736\" data-comments-opened=\"\" data-image-meta=\"{&quot;aperture&quot;:&quot;3.5&quot;,&quot;credit&quot;:&quot;&quot;,&quot;camera&quot;:&quot;E-520&quot;,&quot;caption&quot;:&quot;OLYMPUS DIGITAL CAMERA&quot;,&quot;created_timestamp&quot;:&quot;-62169984000&quot;,&quot;copyright&quot;:&quot;&quot;,&quot;focal_length&quot;:&quot;14&quot;,&quot;iso&quot;:&quot;100&quot;,&quot;shutter_speed&quot;:&quot;0.016666666666667&quot;,&quot;title&quot;:&quot;OLYMPUS DIGITAL CAMERA&quot;,&quot;orientation&quot;:&quot;1&quot;}\" data-image-title=\"OLYMPUS DIGITAL CAMERA\" data-image-description=\"\" data-medium-file=\"https:\/\/i0.wp.com\/elpequenocatalan.com\/home\/wp-content\/uploads\/2018\/07\/baturra-3.jpg?fit=300%2C225&#038;ssl=1\" data-large-file=\"https:\/\/i0.wp.com\/elpequenocatalan.com\/home\/wp-content\/uploads\/2018\/07\/baturra-3.jpg?fit=640%2C480&#038;ssl=1\" src=\"https:\/\/i0.wp.com\/elpequenocatalan.com\/home\/wp-content\/uploads\/2018\/07\/baturra-3.jpg?w=316&#038;h=316&#038;crop=1&#038;ssl=1\" srcset=\"https:\/\/i0.wp.com\/elpequenocatalan.com\/home\/wp-content\/uploads\/2018\/07\/baturra-3.jpg?resize=150%2C150&amp;ssl=1 150w, https:\/\/i0.wp.com\/elpequenocatalan.com\/home\/wp-content\/uploads\/2018\/07\/baturra-3.jpg?resize=50%2C50&amp;ssl=1 50w, https:\/\/i0.wp.com\/elpequenocatalan.com\/home\/wp-content\/uploads\/2018\/07\/baturra-3.jpg?zoom=2&amp;resize=316%2C316&amp;ssl=1 632w, https:\/\/i0.wp.com\/elpequenocatalan.com\/home\/wp-content\/uploads\/2018\/07\/baturra-3.jpg?zoom=3&amp;resize=316%2C316&amp;ssl=1 948w\" width=\"316\" height=\"316\" loading=\"lazy\" data-original-width=\"316\" data-original-height=\"316\" itemprop=\"http:\/\/schema.org\/image\" title=\"OLYMPUS DIGITAL CAMERA\" alt=\"OLYMPUS DIGITAL CAMERA\" style=\"width: 316px; height: 316px;\" \/> <\/a> <\/div> <\/div> <\/div> <\/div>\n<p>Por eso es tan importante que \u00e9sta vestimenta nos colme y nos complazca, haciendo de esos momentos, instantes de agrado que recordaremos con cari\u00f1o y nostalgia.<\/p>\n<p><img data-recalc-dims=\"1\" loading=\"lazy\" decoding=\"async\" class=\"aligncenter size-large wp-image-4266\" src=\"https:\/\/i0.wp.com\/fervent-wiles.82-194-67-113.plesk.page\/home\/wp-content\/uploads\/2018\/07\/baturra-1024x683.jpg?resize=640%2C427&#038;ssl=1\" alt=\"\" width=\"640\" height=\"427\" srcset=\"https:\/\/i0.wp.com\/elpequenocatalan.com\/home\/wp-content\/uploads\/2018\/07\/baturra.jpg?resize=1024%2C683&amp;ssl=1 1024w, https:\/\/i0.wp.com\/elpequenocatalan.com\/home\/wp-content\/uploads\/2018\/07\/baturra.jpg?resize=300%2C200&amp;ssl=1 300w, https:\/\/i0.wp.com\/elpequenocatalan.com\/home\/wp-content\/uploads\/2018\/07\/baturra.jpg?resize=768%2C512&amp;ssl=1 768w, https:\/\/i0.wp.com\/elpequenocatalan.com\/home\/wp-content\/uploads\/2018\/07\/baturra.jpg?resize=600%2C400&amp;ssl=1 600w, https:\/\/i0.wp.com\/elpequenocatalan.com\/home\/wp-content\/uploads\/2018\/07\/baturra.jpg?resize=200%2C133&amp;ssl=1 200w, https:\/\/i0.wp.com\/elpequenocatalan.com\/home\/wp-content\/uploads\/2018\/07\/baturra.jpg?resize=660%2C440&amp;ssl=1 660w, https:\/\/i0.wp.com\/elpequenocatalan.com\/home\/wp-content\/uploads\/2018\/07\/baturra.jpg?w=1280&amp;ssl=1 1280w, https:\/\/i0.wp.com\/elpequenocatalan.com\/home\/wp-content\/uploads\/2018\/07\/baturra.jpg?w=1920&amp;ssl=1 1920w\" sizes=\"auto, (max-width: 640px) 100vw, 640px\" \/><\/p>\n<p>Para todos esos <strong>Baturros<\/strong> y <strong>Baturras<\/strong> trabaja <strong>\u00abEl Peque\u00f1o Catal\u00e1n\u00bb<\/strong>, para ofrecer el m\u00e1ximo de calidad y agrado, para responder a todas sus exigencias y gustos, y todo \u00e9sto desde el cari\u00f1o que nos dedican desde 1860.<\/p>\n<p>&nbsp;<\/p>\n<p>&nbsp;<\/p>\n","protected":false},"excerpt":{"rendered":"<p>\u00abEl Peque\u00f1o Catal\u00e1n\u00bb cuida mucho los detalles del Traje Regional Aragon\u00e9s, esos Trajes Tradicionales, Folcl\u00f3ricos que con tanto orgullo lucimos, aunque en menos ocasiones de las que nos gustar\u00eda, y con los que alardeamos llenos de satisfacci\u00f3n. Por eso es tan importante que \u00e9sta vestimenta nos colme y nos complazca, haciendo de esos momentos, instantes [&hellip;]<\/p>\n","protected":false},"author":1,"featured_media":4264,"comment_status":"closed","ping_status":"closed","sticky":false,"template":"","format":"standard","meta":{"ngg_post_thumbnail":0,"_jetpack_memberships_contains_paid_content":false,"footnotes":""},"categories":[12],"tags":[427,39,245,252,257],"class_list":["post-4263","post","type-post","status-publish","format-standard","has-post-thumbnail","hentry","category-traje-regional","tag-baturras","tag-baturros","tag-traje-folclorico","tag-traje-regional","tag-traje-tipico-aragones"],"jetpack_featured_media_url":"https:\/\/i0.wp.com\/elpequenocatalan.com\/home\/wp-content\/uploads\/2018\/07\/baturra-2.jpg?fit=3648%2C2736&ssl=1","jetpack_sharing_enabled":true,"_links":{"self":[{"href":"https:\/\/elpequenocatalan.com\/home\/index.php\/wp-json\/wp\/v2\/posts\/4263","targetHints":{"allow":["GET"]}}],"collection":[{"href":"https:\/\/elpequenocatalan.com\/home\/index.php\/wp-json\/wp\/v2\/posts"}],"about":[{"href":"https:\/\/elpequenocatalan.com\/home\/index.php\/wp-json\/wp\/v2\/types\/post"}],"author":[{"embeddable":true,"href":"https:\/\/elpequenocatalan.com\/home\/index.php\/wp-json\/wp\/v2\/users\/1"}],"replies":[{"embeddable":true,"href":"https:\/\/elpequenocatalan.com\/home\/index.php\/wp-json\/wp\/v2\/comments?post=4263"}],"version-history":[{"count":1,"href":"https:\/\/elpequenocatalan.com\/home\/index.php\/wp-json\/wp\/v2\/posts\/4263\/revisions"}],"predecessor-version":[{"id":4268,"href":"https:\/\/elpequenocatalan.com\/home\/index.php\/wp-json\/wp\/v2\/posts\/4263\/revisions\/4268"}],"wp:featuredmedia":[{"embeddable":true,"href":"https:\/\/elpequenocatalan.com\/home\/index.php\/wp-json\/wp\/v2\/media\/4264"}],"wp:attachment":[{"href":"https:\/\/elpequenocatalan.com\/home\/index.php\/wp-json\/wp\/v2\/media?parent=4263"}],"wp:term":[{"taxonomy":"category","embeddable":true,"href":"https:\/\/elpequenocatalan.com\/home\/index.php\/wp-json\/wp\/v2\/categories?post=4263"},{"taxonomy":"post_tag","embeddable":true,"href":"https:\/\/elpequenocatalan.com\/home\/index.php\/wp-json\/wp\/v2\/tags?post=4263"}],"curies":[{"name":"wp","href":"https:\/\/api.w.org\/{rel}","templated":true}]}}