{"id":4457,"date":"2018-10-05T06:42:10","date_gmt":"2018-10-05T06:42:10","guid":{"rendered":"http:\/\/www.elpequenocatalan.com\/?p=4457"},"modified":"2018-10-05T06:42:10","modified_gmt":"2018-10-05T06:42:10","slug":"el-pequeno-catalan-os-desea-felices-fiestas-del-pilar-2","status":"publish","type":"post","link":"https:\/\/elpequenocatalan.com\/home\/index.php\/2018\/10\/05\/el-pequeno-catalan-os-desea-felices-fiestas-del-pilar-2\/","title":{"rendered":"\u00abEl Peque\u00f1o Catal\u00e1n\u00bb os desea Felices Fiestas del Pilar !!"},"content":{"rendered":"<p><strong>\u00abEl Peque\u00f1o Catal\u00e1n\u00bb<\/strong> os desea Felices <strong>Fiestas del Pilar<\/strong> y como cada a\u00f1o, pone a vuestra disposici\u00f3n una gran variedad de <strong>Trajes Regionales y prendas para Pe\u00f1as<\/strong>.<\/p>\n<div class=\"tiled-gallery type-rectangular tiled-gallery-unresized\" data-original-width=\"640\" data-carousel-extra='null' itemscope itemtype=\"http:\/\/schema.org\/ImageGallery\" > <div class=\"gallery-row\" style=\"width: 640px; height: 567px;\" data-original-width=\"640\" data-original-height=\"567\" > <div class=\"gallery-group images-2\" style=\"width: 214px; height: 567px;\" data-original-width=\"214\" data-original-height=\"567\" > <div class=\"tiled-gallery-item tiled-gallery-item-small\" itemprop=\"associatedMedia\" itemscope itemtype=\"http:\/\/schema.org\/ImageObject\"> <a href=\"https:\/\/elpequenocatalan.com\/home\/index.php\/2018\/10\/05\/el-pequeno-catalan-os-desea-felices-fiestas-del-pilar-2\/olympus-digital-camera-354\/\" border=\"0\" itemprop=\"url\"> <meta itemprop=\"width\" content=\"210\"> <meta itemprop=\"height\" content=\"280\"> <img decoding=\"async\" class=\"\" data-attachment-id=\"4459\" data-orig-file=\"https:\/\/elpequenocatalan.com\/home\/wp-content\/uploads\/2018\/10\/P9140306-e1538676847743.jpg\" data-orig-size=\"2736,3648\" data-comments-opened=\"\" data-image-meta=\"{&quot;aperture&quot;:&quot;4&quot;,&quot;credit&quot;:&quot;&quot;,&quot;camera&quot;:&quot;E-520&quot;,&quot;caption&quot;:&quot;OLYMPUS DIGITAL CAMERA&quot;,&quot;created_timestamp&quot;:&quot;1568481508&quot;,&quot;copyright&quot;:&quot;&quot;,&quot;focal_length&quot;:&quot;14&quot;,&quot;iso&quot;:&quot;200&quot;,&quot;shutter_speed&quot;:&quot;0.04&quot;,&quot;title&quot;:&quot;OLYMPUS DIGITAL CAMERA&quot;,&quot;orientation&quot;:&quot;8&quot;}\" data-image-title=\"\" data-image-description=\"\" data-medium-file=\"https:\/\/i0.wp.com\/elpequenocatalan.com\/home\/wp-content\/uploads\/2018\/10\/P9140306-e1538676847743.jpg?fit=225%2C300&#038;ssl=1\" data-large-file=\"https:\/\/i0.wp.com\/elpequenocatalan.com\/home\/wp-content\/uploads\/2018\/10\/P9140306-e1538676847743.jpg?fit=640%2C853&#038;ssl=1\" src=\"https:\/\/i0.wp.com\/elpequenocatalan.com\/home\/wp-content\/uploads\/2018\/10\/P9140306-e1538676847743.jpg?w=210&#038;h=280&#038;ssl=1\" srcset=\"https:\/\/i0.wp.com\/elpequenocatalan.com\/home\/wp-content\/uploads\/2018\/10\/P9140306-e1538676847743.jpg?w=2736&amp;ssl=1 2736w, https:\/\/i0.wp.com\/elpequenocatalan.com\/home\/wp-content\/uploads\/2018\/10\/P9140306-e1538676847743.jpg?resize=225%2C300&amp;ssl=1 225w, https:\/\/i0.wp.com\/elpequenocatalan.com\/home\/wp-content\/uploads\/2018\/10\/P9140306-e1538676847743.jpg?resize=768%2C1024&amp;ssl=1 768w, https:\/\/i0.wp.com\/elpequenocatalan.com\/home\/wp-content\/uploads\/2018\/10\/P9140306-e1538676847743.jpg?resize=600%2C800&amp;ssl=1 600w, https:\/\/i0.wp.com\/elpequenocatalan.com\/home\/wp-content\/uploads\/2018\/10\/P9140306-e1538676847743.jpg?resize=660%2C880&amp;ssl=1 660w, https:\/\/i0.wp.com\/elpequenocatalan.com\/home\/wp-content\/uploads\/2018\/10\/P9140306-e1538676847743.jpg?w=1280&amp;ssl=1 1280w, https:\/\/i0.wp.com\/elpequenocatalan.com\/home\/wp-content\/uploads\/2018\/10\/P9140306-e1538676847743.jpg?w=1920&amp;ssl=1 1920w\" width=\"210\" height=\"280\" loading=\"lazy\" data-original-width=\"210\" data-original-height=\"280\" itemprop=\"http:\/\/schema.org\/image\" title=\"\" alt=\"\" style=\"width: 210px; height: 280px;\" \/> <\/a> <\/div> <div class=\"tiled-gallery-item tiled-gallery-item-small\" itemprop=\"associatedMedia\" itemscope itemtype=\"http:\/\/schema.org\/ImageObject\"> <a href=\"https:\/\/elpequenocatalan.com\/home\/index.php\/2018\/10\/05\/el-pequeno-catalan-os-desea-felices-fiestas-del-pilar-2\/olympus-digital-camera-355\/\" border=\"0\" itemprop=\"url\"> <meta itemprop=\"width\" content=\"210\"> <meta itemprop=\"height\" content=\"279\"> <img decoding=\"async\" class=\"\" data-attachment-id=\"4460\" data-orig-file=\"https:\/\/elpequenocatalan.com\/home\/wp-content\/uploads\/2018\/10\/P9140308-e1538676867485.jpg\" data-orig-size=\"2736,3648\" data-comments-opened=\"\" data-image-meta=\"{&quot;aperture&quot;:&quot;4&quot;,&quot;credit&quot;:&quot;&quot;,&quot;camera&quot;:&quot;E-520&quot;,&quot;caption&quot;:&quot;OLYMPUS DIGITAL CAMERA&quot;,&quot;created_timestamp&quot;:&quot;1568481735&quot;,&quot;copyright&quot;:&quot;&quot;,&quot;focal_length&quot;:&quot;14&quot;,&quot;iso&quot;:&quot;100&quot;,&quot;shutter_speed&quot;:&quot;0.16666666666667&quot;,&quot;title&quot;:&quot;OLYMPUS DIGITAL CAMERA&quot;,&quot;orientation&quot;:&quot;8&quot;}\" data-image-title=\"\" data-image-description=\"\" data-medium-file=\"https:\/\/i0.wp.com\/elpequenocatalan.com\/home\/wp-content\/uploads\/2018\/10\/P9140308-e1538676867485.jpg?fit=225%2C300&#038;ssl=1\" data-large-file=\"https:\/\/i0.wp.com\/elpequenocatalan.com\/home\/wp-content\/uploads\/2018\/10\/P9140308-e1538676867485.jpg?fit=640%2C853&#038;ssl=1\" src=\"https:\/\/i0.wp.com\/elpequenocatalan.com\/home\/wp-content\/uploads\/2018\/10\/P9140308-e1538676867485.jpg?w=210&#038;h=279&#038;ssl=1\" srcset=\"https:\/\/i0.wp.com\/elpequenocatalan.com\/home\/wp-content\/uploads\/2018\/10\/P9140308-e1538676867485.jpg?w=2736&amp;ssl=1 2736w, https:\/\/i0.wp.com\/elpequenocatalan.com\/home\/wp-content\/uploads\/2018\/10\/P9140308-e1538676867485.jpg?resize=225%2C300&amp;ssl=1 225w, https:\/\/i0.wp.com\/elpequenocatalan.com\/home\/wp-content\/uploads\/2018\/10\/P9140308-e1538676867485.jpg?resize=768%2C1024&amp;ssl=1 768w, https:\/\/i0.wp.com\/elpequenocatalan.com\/home\/wp-content\/uploads\/2018\/10\/P9140308-e1538676867485.jpg?resize=600%2C800&amp;ssl=1 600w, https:\/\/i0.wp.com\/elpequenocatalan.com\/home\/wp-content\/uploads\/2018\/10\/P9140308-e1538676867485.jpg?resize=660%2C880&amp;ssl=1 660w, https:\/\/i0.wp.com\/elpequenocatalan.com\/home\/wp-content\/uploads\/2018\/10\/P9140308-e1538676867485.jpg?w=1280&amp;ssl=1 1280w, https:\/\/i0.wp.com\/elpequenocatalan.com\/home\/wp-content\/uploads\/2018\/10\/P9140308-e1538676867485.jpg?w=1920&amp;ssl=1 1920w\" width=\"210\" height=\"279\" loading=\"lazy\" data-original-width=\"210\" data-original-height=\"279\" itemprop=\"http:\/\/schema.org\/image\" title=\"\" alt=\"\" style=\"width: 210px; height: 279px;\" \/> <\/a> <\/div> <\/div> <!-- close group --> <div class=\"gallery-group images-1\" style=\"width: 426px; height: 567px;\" data-original-width=\"426\" data-original-height=\"567\" > <div class=\"tiled-gallery-item tiled-gallery-item-large\" itemprop=\"associatedMedia\" itemscope itemtype=\"http:\/\/schema.org\/ImageObject\"> <a href=\"https:\/\/elpequenocatalan.com\/home\/index.php\/2018\/10\/05\/el-pequeno-catalan-os-desea-felices-fiestas-del-pilar-2\/olympus-digital-camera-353\/\" border=\"0\" itemprop=\"url\"> <meta itemprop=\"width\" content=\"422\"> <meta itemprop=\"height\" content=\"563\"> <img decoding=\"async\" class=\"\" data-attachment-id=\"4458\" data-orig-file=\"https:\/\/elpequenocatalan.com\/home\/wp-content\/uploads\/2018\/10\/P9140302-e1538676829319.jpg\" data-orig-size=\"2736,3648\" data-comments-opened=\"\" data-image-meta=\"{&quot;aperture&quot;:&quot;4&quot;,&quot;credit&quot;:&quot;&quot;,&quot;camera&quot;:&quot;E-520&quot;,&quot;caption&quot;:&quot;OLYMPUS DIGITAL CAMERA&quot;,&quot;created_timestamp&quot;:&quot;1568481440&quot;,&quot;copyright&quot;:&quot;&quot;,&quot;focal_length&quot;:&quot;14&quot;,&quot;iso&quot;:&quot;200&quot;,&quot;shutter_speed&quot;:&quot;0.1&quot;,&quot;title&quot;:&quot;OLYMPUS DIGITAL CAMERA&quot;,&quot;orientation&quot;:&quot;8&quot;}\" data-image-title=\"\" data-image-description=\"\" data-medium-file=\"https:\/\/i0.wp.com\/elpequenocatalan.com\/home\/wp-content\/uploads\/2018\/10\/P9140302-e1538676829319.jpg?fit=225%2C300&#038;ssl=1\" data-large-file=\"https:\/\/i0.wp.com\/elpequenocatalan.com\/home\/wp-content\/uploads\/2018\/10\/P9140302-e1538676829319.jpg?fit=640%2C853&#038;ssl=1\" src=\"https:\/\/i0.wp.com\/elpequenocatalan.com\/home\/wp-content\/uploads\/2018\/10\/P9140302-e1538676829319.jpg?w=422&#038;h=563&#038;ssl=1\" srcset=\"https:\/\/i0.wp.com\/elpequenocatalan.com\/home\/wp-content\/uploads\/2018\/10\/P9140302-e1538676829319.jpg?w=2736&amp;ssl=1 2736w, https:\/\/i0.wp.com\/elpequenocatalan.com\/home\/wp-content\/uploads\/2018\/10\/P9140302-e1538676829319.jpg?resize=225%2C300&amp;ssl=1 225w, https:\/\/i0.wp.com\/elpequenocatalan.com\/home\/wp-content\/uploads\/2018\/10\/P9140302-e1538676829319.jpg?resize=768%2C1024&amp;ssl=1 768w, https:\/\/i0.wp.com\/elpequenocatalan.com\/home\/wp-content\/uploads\/2018\/10\/P9140302-e1538676829319.jpg?resize=600%2C800&amp;ssl=1 600w, https:\/\/i0.wp.com\/elpequenocatalan.com\/home\/wp-content\/uploads\/2018\/10\/P9140302-e1538676829319.jpg?resize=660%2C880&amp;ssl=1 660w, https:\/\/i0.wp.com\/elpequenocatalan.com\/home\/wp-content\/uploads\/2018\/10\/P9140302-e1538676829319.jpg?w=1280&amp;ssl=1 1280w, https:\/\/i0.wp.com\/elpequenocatalan.com\/home\/wp-content\/uploads\/2018\/10\/P9140302-e1538676829319.jpg?w=1920&amp;ssl=1 1920w\" width=\"422\" height=\"563\" loading=\"lazy\" data-original-width=\"422\" data-original-height=\"563\" itemprop=\"http:\/\/schema.org\/image\" title=\"\" alt=\"\" style=\"width: 422px; height: 563px;\" \/> <\/a> <\/div> <\/div> <!-- close group --> <\/div> <!-- close row --> <\/div>\n<div class=\"tiled-gallery type-rectangular tiled-gallery-unresized\" data-original-width=\"640\" data-carousel-extra='null' itemscope itemtype=\"http:\/\/schema.org\/ImageGallery\" > <div class=\"gallery-row\" style=\"width: 640px; height: 227px;\" data-original-width=\"640\" data-original-height=\"227\" > <div class=\"gallery-group images-1\" style=\"width: 339px; height: 227px;\" data-original-width=\"339\" data-original-height=\"227\" > <div class=\"tiled-gallery-item tiled-gallery-item-large\" itemprop=\"associatedMedia\" itemscope itemtype=\"http:\/\/schema.org\/ImageObject\"> <a href=\"https:\/\/elpequenocatalan.com\/home\/index.php\/2018\/10\/05\/el-pequeno-catalan-os-desea-felices-fiestas-del-pilar-2\/img_9830-2\/\" border=\"0\" itemprop=\"url\"> <meta itemprop=\"width\" content=\"335\"> <meta itemprop=\"height\" content=\"223\"> <img decoding=\"async\" class=\"\" data-attachment-id=\"4461\" data-orig-file=\"https:\/\/elpequenocatalan.com\/home\/wp-content\/uploads\/2018\/10\/IMG_9830.jpg\" data-orig-size=\"653,435\" data-comments-opened=\"\" data-image-meta=\"{&quot;aperture&quot;:&quot;4&quot;,&quot;credit&quot;:&quot;&quot;,&quot;camera&quot;:&quot;Canon EOS DIGITAL REBEL XSi&quot;,&quot;caption&quot;:&quot;&quot;,&quot;created_timestamp&quot;:&quot;1466861351&quot;,&quot;copyright&quot;:&quot;&quot;,&quot;focal_length&quot;:&quot;26&quot;,&quot;iso&quot;:&quot;800&quot;,&quot;shutter_speed&quot;:&quot;0.005&quot;,&quot;title&quot;:&quot;&quot;,&quot;orientation&quot;:&quot;1&quot;}\" data-image-title=\"IMG_9830\" data-image-description=\"\" data-medium-file=\"https:\/\/i0.wp.com\/elpequenocatalan.com\/home\/wp-content\/uploads\/2018\/10\/IMG_9830.jpg?fit=300%2C200&#038;ssl=1\" data-large-file=\"https:\/\/i0.wp.com\/elpequenocatalan.com\/home\/wp-content\/uploads\/2018\/10\/IMG_9830.jpg?fit=640%2C426&#038;ssl=1\" src=\"https:\/\/i0.wp.com\/elpequenocatalan.com\/home\/wp-content\/uploads\/2018\/10\/IMG_9830.jpg?w=335&#038;h=223&#038;ssl=1\" srcset=\"https:\/\/i0.wp.com\/elpequenocatalan.com\/home\/wp-content\/uploads\/2018\/10\/IMG_9830.jpg?w=653&amp;ssl=1 653w, https:\/\/i0.wp.com\/elpequenocatalan.com\/home\/wp-content\/uploads\/2018\/10\/IMG_9830.jpg?resize=300%2C200&amp;ssl=1 300w, https:\/\/i0.wp.com\/elpequenocatalan.com\/home\/wp-content\/uploads\/2018\/10\/IMG_9830.jpg?resize=600%2C400&amp;ssl=1 600w, https:\/\/i0.wp.com\/elpequenocatalan.com\/home\/wp-content\/uploads\/2018\/10\/IMG_9830.jpg?resize=200%2C133&amp;ssl=1 200w\" width=\"335\" height=\"223\" loading=\"lazy\" data-original-width=\"335\" data-original-height=\"223\" itemprop=\"http:\/\/schema.org\/image\" title=\"IMG_9830\" alt=\"IMG_9830\" style=\"width: 335px; height: 223px;\" \/> <\/a> <\/div> <\/div> <!-- close group --> <div class=\"gallery-group images-1\" style=\"width: 301px; height: 227px;\" data-original-width=\"301\" data-original-height=\"227\" > <div class=\"tiled-gallery-item tiled-gallery-item-large\" itemprop=\"associatedMedia\" itemscope itemtype=\"http:\/\/schema.org\/ImageObject\"> <a href=\"https:\/\/elpequenocatalan.com\/home\/index.php\/2018\/10\/05\/el-pequeno-catalan-os-desea-felices-fiestas-del-pilar-2\/olympus-digital-camera-356\/\" border=\"0\" itemprop=\"url\"> <meta itemprop=\"width\" content=\"297\"> <meta itemprop=\"height\" content=\"223\"> <img decoding=\"async\" class=\"\" data-attachment-id=\"4462\" data-orig-file=\"https:\/\/elpequenocatalan.com\/home\/wp-content\/uploads\/2018\/10\/P1014581.jpg\" data-orig-size=\"660,495\" data-comments-opened=\"\" data-image-meta=\"{&quot;aperture&quot;:&quot;4&quot;,&quot;credit&quot;:&quot;&quot;,&quot;camera&quot;:&quot;E-520&quot;,&quot;caption&quot;:&quot;OLYMPUS DIGITAL CAMERA&quot;,&quot;created_timestamp&quot;:&quot;-62169984000&quot;,&quot;copyright&quot;:&quot;&quot;,&quot;focal_length&quot;:&quot;14&quot;,&quot;iso&quot;:&quot;100&quot;,&quot;shutter_speed&quot;:&quot;0.0125&quot;,&quot;title&quot;:&quot;OLYMPUS DIGITAL CAMERA&quot;,&quot;orientation&quot;:&quot;1&quot;}\" data-image-title=\"OLYMPUS DIGITAL CAMERA\" data-image-description=\"\" data-medium-file=\"https:\/\/i0.wp.com\/elpequenocatalan.com\/home\/wp-content\/uploads\/2018\/10\/P1014581.jpg?fit=300%2C225&#038;ssl=1\" data-large-file=\"https:\/\/i0.wp.com\/elpequenocatalan.com\/home\/wp-content\/uploads\/2018\/10\/P1014581.jpg?fit=640%2C480&#038;ssl=1\" src=\"https:\/\/i0.wp.com\/elpequenocatalan.com\/home\/wp-content\/uploads\/2018\/10\/P1014581.jpg?w=297&#038;h=223&#038;ssl=1\" srcset=\"https:\/\/i0.wp.com\/elpequenocatalan.com\/home\/wp-content\/uploads\/2018\/10\/P1014581.jpg?w=660&amp;ssl=1 660w, https:\/\/i0.wp.com\/elpequenocatalan.com\/home\/wp-content\/uploads\/2018\/10\/P1014581.jpg?resize=300%2C225&amp;ssl=1 300w, https:\/\/i0.wp.com\/elpequenocatalan.com\/home\/wp-content\/uploads\/2018\/10\/P1014581.jpg?resize=600%2C450&amp;ssl=1 600w\" width=\"297\" height=\"223\" loading=\"lazy\" data-original-width=\"297\" data-original-height=\"223\" itemprop=\"http:\/\/schema.org\/image\" title=\"OLYMPUS DIGITAL CAMERA\" alt=\"OLYMPUS DIGITAL CAMERA\" style=\"width: 297px; height: 223px;\" \/> <\/a> <\/div> <\/div> <!-- close group --> <\/div> <!-- close row --> <\/div>\n<p>Ven a lo seguro, encuentra en <strong>\u00abEl Peque\u00f1o Catal\u00e1n\u00bb<\/strong> lo que necesitas y emplea tu esfuerzo en disfrutar al m\u00e1ximo de unas Fiestas inolvidables, \u00fanicas, llenas de diversi\u00f3n, m\u00fasica, cultura y tradici\u00f3n.<\/p>\n<p><a href=\"https:\/\/www.heraldo.es\/noticias\/aragon\/zaragoza-provincia\/zaragoza\/2018\/09\/24\/programa-fiestas-del-pilar-2018-zaragoza-1268234-301.html\" target=\"_blank\" rel=\"noopener\">Consulta aqu\u00ed el programa de Fiestas del Pilar.<\/a><\/p>\n<p><a href=\"http:\/\/www.xn--interpeas-r6a.es\/fiestas-del-pilar-2018\" target=\"_blank\" rel=\"noopener\">Y en \u00e9ste enlace el de Interpe\u00f1as.<\/a><\/p>\n<p>Felices Fiestas del Pilar !!<\/p>\n<p><img data-recalc-dims=\"1\" loading=\"lazy\" decoding=\"async\" class=\"aligncenter size-full wp-image-4464\" src=\"https:\/\/i0.wp.com\/fervent-wiles.82-194-67-113.plesk.page\/home\/wp-content\/uploads\/2018\/10\/fiestas-del-pilar-en-zaragoza.jpg?resize=640%2C457&#038;ssl=1\" alt=\"\" width=\"640\" height=\"457\" srcset=\"https:\/\/i0.wp.com\/elpequenocatalan.com\/home\/wp-content\/uploads\/2018\/10\/fiestas-del-pilar-en-zaragoza.jpg?w=850&amp;ssl=1 850w, https:\/\/i0.wp.com\/elpequenocatalan.com\/home\/wp-content\/uploads\/2018\/10\/fiestas-del-pilar-en-zaragoza.jpg?resize=300%2C214&amp;ssl=1 300w, https:\/\/i0.wp.com\/elpequenocatalan.com\/home\/wp-content\/uploads\/2018\/10\/fiestas-del-pilar-en-zaragoza.jpg?resize=768%2C548&amp;ssl=1 768w, https:\/\/i0.wp.com\/elpequenocatalan.com\/home\/wp-content\/uploads\/2018\/10\/fiestas-del-pilar-en-zaragoza.jpg?resize=600%2C428&amp;ssl=1 600w, https:\/\/i0.wp.com\/elpequenocatalan.com\/home\/wp-content\/uploads\/2018\/10\/fiestas-del-pilar-en-zaragoza.jpg?resize=660%2C471&amp;ssl=1 660w\" sizes=\"auto, (max-width: 640px) 100vw, 640px\" \/><\/p>\n<p>&nbsp;<\/p>\n","protected":false},"excerpt":{"rendered":"<p>\u00abEl Peque\u00f1o Catal\u00e1n\u00bb os desea Felices Fiestas del Pilar y como cada a\u00f1o, pone a vuestra disposici\u00f3n una gran variedad de Trajes Regionales y prendas para Pe\u00f1as. Ven a lo seguro, encuentra en \u00abEl Peque\u00f1o Catal\u00e1n\u00bb lo que necesitas y emplea tu esfuerzo en disfrutar al m\u00e1ximo de unas Fiestas inolvidables, \u00fanicas, llenas de diversi\u00f3n, [&hellip;]<\/p>\n","protected":false},"author":1,"featured_media":4455,"comment_status":"closed","ping_status":"closed","sticky":false,"template":"","format":"standard","meta":{"ngg_post_thumbnail":0,"_jetpack_memberships_contains_paid_content":false,"footnotes":""},"categories":[9,12],"tags":[438,116,440,439,240,241,252,257],"class_list":["post-4457","post","type-post","status-publish","format-standard","has-post-thumbnail","hentry","category-penas-y-laboral","category-traje-regional","tag-blusones-penas","tag-fiestas-del-pilar","tag-petos-penas","tag-tocinras-penas","tag-traje-baturra","tag-traje-baturro","tag-traje-regional","tag-traje-tipico-aragones"],"jetpack_featured_media_url":"https:\/\/i0.wp.com\/elpequenocatalan.com\/home\/wp-content\/uploads\/2018\/10\/cartel-ganador-fiestas-del-pilar-2018-696x974.jpg?fit=696%2C974&ssl=1","jetpack_sharing_enabled":true,"_links":{"self":[{"href":"https:\/\/elpequenocatalan.com\/home\/index.php\/wp-json\/wp\/v2\/posts\/4457","targetHints":{"allow":["GET"]}}],"collection":[{"href":"https:\/\/elpequenocatalan.com\/home\/index.php\/wp-json\/wp\/v2\/posts"}],"about":[{"href":"https:\/\/elpequenocatalan.com\/home\/index.php\/wp-json\/wp\/v2\/types\/post"}],"author":[{"embeddable":true,"href":"https:\/\/elpequenocatalan.com\/home\/index.php\/wp-json\/wp\/v2\/users\/1"}],"replies":[{"embeddable":true,"href":"https:\/\/elpequenocatalan.com\/home\/index.php\/wp-json\/wp\/v2\/comments?post=4457"}],"version-history":[{"count":1,"href":"https:\/\/elpequenocatalan.com\/home\/index.php\/wp-json\/wp\/v2\/posts\/4457\/revisions"}],"predecessor-version":[{"id":4465,"href":"https:\/\/elpequenocatalan.com\/home\/index.php\/wp-json\/wp\/v2\/posts\/4457\/revisions\/4465"}],"wp:featuredmedia":[{"embeddable":true,"href":"https:\/\/elpequenocatalan.com\/home\/index.php\/wp-json\/wp\/v2\/media\/4455"}],"wp:attachment":[{"href":"https:\/\/elpequenocatalan.com\/home\/index.php\/wp-json\/wp\/v2\/media?parent=4457"}],"wp:term":[{"taxonomy":"category","embeddable":true,"href":"https:\/\/elpequenocatalan.com\/home\/index.php\/wp-json\/wp\/v2\/categories?post=4457"},{"taxonomy":"post_tag","embeddable":true,"href":"https:\/\/elpequenocatalan.com\/home\/index.php\/wp-json\/wp\/v2\/tags?post=4457"}],"curies":[{"name":"wp","href":"https:\/\/api.w.org\/{rel}","templated":true}]}}