{"id":4546,"date":"2019-01-16T07:39:53","date_gmt":"2019-01-16T07:39:53","guid":{"rendered":"http:\/\/www.elpequenocatalan.com\/?p=4546"},"modified":"2019-01-16T07:40:02","modified_gmt":"2019-01-16T07:40:02","slug":"traje-regional-tipico-de-aragon","status":"publish","type":"post","link":"https:\/\/elpequenocatalan.com\/home\/index.php\/2019\/01\/16\/traje-regional-tipico-de-aragon\/","title":{"rendered":"Traje Regional t\u00edpico de Arag\u00f3n"},"content":{"rendered":"\n<h3 class=\"wp-block-heading\">Os hab\u00e9is preguntado alguna vez, cu\u00e1l es el verdadero Traje Regional de Arag\u00f3n?<\/h3>\n\n\n\n<p>Seguramente dir\u00edais que el de baturro y el de baturra, que son los que utiliza la mayor\u00eda de los grupos folkl\u00f3ricos aragoneses. Especialmente los grupos de jota, y los que vemos en las fiestas profanas y religiosas de las ciudades y los pueblos de Arag\u00f3n (Ofrenda de flores de las fiestas del pilar de Zaragoza, fiestas de San Lorenzo de Huesca ,etc).<\/p>\n\n\n\n<figure class=\"wp-block-image\"><img data-recalc-dims=\"1\" loading=\"lazy\" decoding=\"async\" width=\"640\" height=\"853\" src=\"https:\/\/i0.wp.com\/fervent-wiles.82-194-67-113.plesk.page\/home\/wp-content\/uploads\/2018\/10\/P9140305-e1538381031447-768x1024.jpg?resize=640%2C853&#038;ssl=1\" alt=\"\" class=\"wp-image-4453\" srcset=\"https:\/\/i0.wp.com\/elpequenocatalan.com\/home\/wp-content\/uploads\/2018\/10\/P9140305-e1538381031447.jpg?resize=768%2C1024&amp;ssl=1 768w, https:\/\/i0.wp.com\/elpequenocatalan.com\/home\/wp-content\/uploads\/2018\/10\/P9140305-e1538381031447.jpg?resize=225%2C300&amp;ssl=1 225w, https:\/\/i0.wp.com\/elpequenocatalan.com\/home\/wp-content\/uploads\/2018\/10\/P9140305-e1538381031447.jpg?resize=600%2C800&amp;ssl=1 600w, https:\/\/i0.wp.com\/elpequenocatalan.com\/home\/wp-content\/uploads\/2018\/10\/P9140305-e1538381031447.jpg?resize=660%2C880&amp;ssl=1 660w, https:\/\/i0.wp.com\/elpequenocatalan.com\/home\/wp-content\/uploads\/2018\/10\/P9140305-e1538381031447.jpg?w=1280&amp;ssl=1 1280w, https:\/\/i0.wp.com\/elpequenocatalan.com\/home\/wp-content\/uploads\/2018\/10\/P9140305-e1538381031447.jpg?w=1920&amp;ssl=1 1920w\" sizes=\"auto, (max-width: 640px) 100vw, 640px\" \/><\/figure>\n\n\n\n<p>Podr\u00edamos pensar entonces, que es ese, el que representa el traje regional&nbsp; de todo Arag\u00f3n, con criterio uniformista, es el traje con el que se vistieron los Aragoneses en otros tiempos. Pero eso no es cierto y se aleja mucho de la verdad. No eran iguales los trajes de Ans\u00f3 o de Hecho, que los de la Ribagorza, o los de el bajo Arag\u00f3n, o los de la Serran\u00eda de Albarrac\u00edn, aun que compartiesen elementos comunes&nbsp; en sus indumentarias, como tampoco eran iguales las vestimentas seg\u00fan fuesen de trabajo&nbsp; o faena o de fiestas; de verano o de invierno; de las sierras, la ribera o del llano.<\/p>\n\n\n\n<figure class=\"wp-block-image\"><img data-recalc-dims=\"1\" loading=\"lazy\" decoding=\"async\" width=\"640\" height=\"853\" src=\"https:\/\/i0.wp.com\/fervent-wiles.82-194-67-113.plesk.page\/home\/wp-content\/uploads\/2018\/11\/P9140293-e1543522310258-768x1024.jpg?resize=640%2C853&#038;ssl=1\" alt=\"\" class=\"wp-image-4497\" srcset=\"https:\/\/i0.wp.com\/elpequenocatalan.com\/home\/wp-content\/uploads\/2018\/11\/P9140293-e1543522310258.jpg?resize=768%2C1024&amp;ssl=1 768w, https:\/\/i0.wp.com\/elpequenocatalan.com\/home\/wp-content\/uploads\/2018\/11\/P9140293-e1543522310258.jpg?resize=225%2C300&amp;ssl=1 225w, https:\/\/i0.wp.com\/elpequenocatalan.com\/home\/wp-content\/uploads\/2018\/11\/P9140293-e1543522310258.jpg?resize=600%2C800&amp;ssl=1 600w, https:\/\/i0.wp.com\/elpequenocatalan.com\/home\/wp-content\/uploads\/2018\/11\/P9140293-e1543522310258.jpg?resize=660%2C880&amp;ssl=1 660w, https:\/\/i0.wp.com\/elpequenocatalan.com\/home\/wp-content\/uploads\/2018\/11\/P9140293-e1543522310258.jpg?w=1280&amp;ssl=1 1280w, https:\/\/i0.wp.com\/elpequenocatalan.com\/home\/wp-content\/uploads\/2018\/11\/P9140293-e1543522310258.jpg?w=1920&amp;ssl=1 1920w\" sizes=\"auto, (max-width: 640px) 100vw, 640px\" \/><\/figure>\n","protected":false},"excerpt":{"rendered":"<p>Os hab\u00e9is preguntado alguna vez, cu\u00e1l es el verdadero Traje Regional de Arag\u00f3n? Seguramente dir\u00edais que el de baturro y el de baturra, que son los que utiliza la mayor\u00eda de los grupos folkl\u00f3ricos aragoneses. Especialmente los grupos de jota, y los que vemos en las fiestas profanas y religiosas de las ciudades y los [&hellip;]<\/p>\n","protected":false},"author":1,"featured_media":4405,"comment_status":"closed","ping_status":"closed","sticky":false,"template":"","format":"standard","meta":{"ngg_post_thumbnail":0,"_jetpack_memberships_contains_paid_content":false,"footnotes":""},"categories":[12],"tags":[242,243,247,252,257],"class_list":["post-4546","post","type-post","status-publish","format-standard","has-post-thumbnail","hentry","category-traje-regional","tag-traje-de-baturra","tag-traje-de-baturro","tag-traje-folclorico-de-aragon","tag-traje-regional","tag-traje-tipico-aragones"],"jetpack_featured_media_url":"https:\/\/i0.wp.com\/elpequenocatalan.com\/home\/wp-content\/uploads\/2018\/08\/P1019060-e1535365896610.jpg?fit=2736%2C3648&ssl=1","jetpack_sharing_enabled":true,"_links":{"self":[{"href":"https:\/\/elpequenocatalan.com\/home\/index.php\/wp-json\/wp\/v2\/posts\/4546","targetHints":{"allow":["GET"]}}],"collection":[{"href":"https:\/\/elpequenocatalan.com\/home\/index.php\/wp-json\/wp\/v2\/posts"}],"about":[{"href":"https:\/\/elpequenocatalan.com\/home\/index.php\/wp-json\/wp\/v2\/types\/post"}],"author":[{"embeddable":true,"href":"https:\/\/elpequenocatalan.com\/home\/index.php\/wp-json\/wp\/v2\/users\/1"}],"replies":[{"embeddable":true,"href":"https:\/\/elpequenocatalan.com\/home\/index.php\/wp-json\/wp\/v2\/comments?post=4546"}],"version-history":[{"count":2,"href":"https:\/\/elpequenocatalan.com\/home\/index.php\/wp-json\/wp\/v2\/posts\/4546\/revisions"}],"predecessor-version":[{"id":4551,"href":"https:\/\/elpequenocatalan.com\/home\/index.php\/wp-json\/wp\/v2\/posts\/4546\/revisions\/4551"}],"wp:featuredmedia":[{"embeddable":true,"href":"https:\/\/elpequenocatalan.com\/home\/index.php\/wp-json\/wp\/v2\/media\/4405"}],"wp:attachment":[{"href":"https:\/\/elpequenocatalan.com\/home\/index.php\/wp-json\/wp\/v2\/media?parent=4546"}],"wp:term":[{"taxonomy":"category","embeddable":true,"href":"https:\/\/elpequenocatalan.com\/home\/index.php\/wp-json\/wp\/v2\/categories?post=4546"},{"taxonomy":"post_tag","embeddable":true,"href":"https:\/\/elpequenocatalan.com\/home\/index.php\/wp-json\/wp\/v2\/tags?post=4546"}],"curies":[{"name":"wp","href":"https:\/\/api.w.org\/{rel}","templated":true}]}}