{"id":4560,"date":"2019-01-30T07:46:50","date_gmt":"2019-01-30T07:46:50","guid":{"rendered":"http:\/\/www.elpequenocatalan.com\/?p=4560"},"modified":"2019-01-30T07:46:59","modified_gmt":"2019-01-30T07:46:59","slug":"el-cachirulo-una-prenda-emblematica","status":"publish","type":"post","link":"https:\/\/elpequenocatalan.com\/home\/index.php\/2019\/01\/30\/el-cachirulo-una-prenda-emblematica\/","title":{"rendered":"El Cachirulo, una prenda emblem\u00e1tica"},"content":{"rendered":"\n<p>El <strong>Cachirulo<\/strong> es una prenda emblem\u00e1tica, que miles de Aragoneses lucen por la ciudad con orgullo cuando llegan las <strong>Fiestas del Pilar<\/strong>. Un distintivo del Aragon\u00e9s y una bienvenida para los que se acercan a disfrutar de la ciudad y sus Fiestas.<\/p>\n\n\n\n<p>Hoy, \u00e9ste pa\u00f1uelo lo llevan personas de todas las edades y de formas muy variadas: en la cabeza, en el cuello, en la mu\u00f1eca, como diadema&#8230;<\/p>\n\n\n\n<p>Sin embargo , en su origen, no era una prenda que los Aragoneses se hubieran puesto para pasear por la capital, puesto que era el pa\u00f1uelo que se colocaban los labradores para sus tareas en el campo y que les conten\u00eda el sudor y libraba de una insolaci\u00f3n en las horas en las que el sol apretaba.<\/p>\n\n\n\n<figure class=\"wp-block-image\"><img data-recalc-dims=\"1\" loading=\"lazy\" decoding=\"async\" width=\"450\" height=\"484\" src=\"https:\/\/i0.wp.com\/fervent-wiles.82-194-67-113.plesk.page\/home\/wp-content\/uploads\/2019\/01\/cachirulo-e1476125946654.jpg?resize=450%2C484&#038;ssl=1\" alt=\"\" class=\"wp-image-4562\" srcset=\"https:\/\/i0.wp.com\/elpequenocatalan.com\/home\/wp-content\/uploads\/2019\/01\/cachirulo-e1476125946654.jpg?w=450&amp;ssl=1 450w, https:\/\/i0.wp.com\/elpequenocatalan.com\/home\/wp-content\/uploads\/2019\/01\/cachirulo-e1476125946654.jpg?resize=279%2C300&amp;ssl=1 279w\" sizes=\"auto, (max-width: 450px) 100vw, 450px\" \/><\/figure>\n\n\n\n<p>Fu\u00e9 hace alrededor de 50 a\u00f1os, cuando Demetrio Gal\u00e1n Bergua y Pascual Irache crearon la <strong>Pe\u00f1a El Cachirulo<\/strong>, en la que se encontraban los Zaragozanos para degustar de la amplia gastronom\u00eda y disfrutar de un espect\u00e1culo jotero. El \u00fanico requisito de vestimenta que era exigido, era el mant\u00f3n sobre los hombros de las mujeres y un pa\u00f1uelo anudado en la cabeza de los hombres, pa\u00f1uelo que se rebautiz\u00f3 como <strong>\u00abCachirulo\u00bb<\/strong>.<\/p>\n\n\n\n<p>\u00a0En la actualidad existen un sin fin de<strong> Pe\u00f1as<\/strong> y cada una de ellas porta su propio cachirulo personalizado y con su logotipo.\u00a0Tambi\u00e9n tienen el suyo particular los equipos de f\u00fatbol, bares, asociaciones culturales, y un sinf\u00edn de organizaciones de pasionales aragoneses.<\/p>\n\n\n\n<p>Los cuadros negros y rojos forman parte de nuestra cultura y define el car\u00e1cter bondadoso y testarudo de los Aragoneses que siempre apostamos por tener <strong>\u00abM\u00e1s Ma\u00f1a que Fuerza\u00bb<\/strong>.<\/p>\n\n\n\n<p><strong><em>\u00abEl Peque\u00f1o Catal\u00e1n\u00bbempresa familiar fundada en 1860.<\/em><\/strong><\/p>\n","protected":false},"excerpt":{"rendered":"<p>El Cachirulo es una prenda emblem\u00e1tica, que miles de Aragoneses lucen por la ciudad con orgullo cuando llegan las Fiestas del Pilar. Un distintivo del Aragon\u00e9s y una bienvenida para los que se acercan a disfrutar de la ciudad y sus Fiestas. Hoy, \u00e9ste pa\u00f1uelo lo llevan personas de todas las edades y de formas [&hellip;]<\/p>\n","protected":false},"author":1,"featured_media":4563,"comment_status":"closed","ping_status":"closed","sticky":false,"template":"","format":"standard","meta":{"ngg_post_thumbnail":0,"_jetpack_memberships_contains_paid_content":false,"footnotes":""},"categories":[12],"tags":[53,95,459],"class_list":["post-4560","post","type-post","status-publish","format-standard","has-post-thumbnail","hentry","category-traje-regional","tag-cachirulo","tag-el-pequeno-catalan","tag-tradiciones-aragonesas"],"jetpack_featured_media_url":"https:\/\/i0.wp.com\/elpequenocatalan.com\/home\/wp-content\/uploads\/2019\/01\/DoNVt5bXkAArL7u.jpg?fit=1080%2C1080&ssl=1","jetpack_sharing_enabled":true,"_links":{"self":[{"href":"https:\/\/elpequenocatalan.com\/home\/index.php\/wp-json\/wp\/v2\/posts\/4560","targetHints":{"allow":["GET"]}}],"collection":[{"href":"https:\/\/elpequenocatalan.com\/home\/index.php\/wp-json\/wp\/v2\/posts"}],"about":[{"href":"https:\/\/elpequenocatalan.com\/home\/index.php\/wp-json\/wp\/v2\/types\/post"}],"author":[{"embeddable":true,"href":"https:\/\/elpequenocatalan.com\/home\/index.php\/wp-json\/wp\/v2\/users\/1"}],"replies":[{"embeddable":true,"href":"https:\/\/elpequenocatalan.com\/home\/index.php\/wp-json\/wp\/v2\/comments?post=4560"}],"version-history":[{"count":2,"href":"https:\/\/elpequenocatalan.com\/home\/index.php\/wp-json\/wp\/v2\/posts\/4560\/revisions"}],"predecessor-version":[{"id":4564,"href":"https:\/\/elpequenocatalan.com\/home\/index.php\/wp-json\/wp\/v2\/posts\/4560\/revisions\/4564"}],"wp:featuredmedia":[{"embeddable":true,"href":"https:\/\/elpequenocatalan.com\/home\/index.php\/wp-json\/wp\/v2\/media\/4563"}],"wp:attachment":[{"href":"https:\/\/elpequenocatalan.com\/home\/index.php\/wp-json\/wp\/v2\/media?parent=4560"}],"wp:term":[{"taxonomy":"category","embeddable":true,"href":"https:\/\/elpequenocatalan.com\/home\/index.php\/wp-json\/wp\/v2\/categories?post=4560"},{"taxonomy":"post_tag","embeddable":true,"href":"https:\/\/elpequenocatalan.com\/home\/index.php\/wp-json\/wp\/v2\/tags?post=4560"}],"curies":[{"name":"wp","href":"https:\/\/api.w.org\/{rel}","templated":true}]}}