{"id":4565,"date":"2019-02-14T07:41:13","date_gmt":"2019-02-14T07:41:13","guid":{"rendered":"http:\/\/www.elpequenocatalan.com\/?p=4565"},"modified":"2019-02-14T07:41:30","modified_gmt":"2019-02-14T07:41:30","slug":"san-valentin-baturro","status":"publish","type":"post","link":"https:\/\/elpequenocatalan.com\/home\/index.php\/2019\/02\/14\/san-valentin-baturro\/","title":{"rendered":"San Valent\u00edn Baturro"},"content":{"rendered":"\n<p> El&nbsp;<strong>D\u00eda de San Valent\u00edn<\/strong>, tambi\u00e9n conocido como D\u00eda del Amor y la Amistad, es una festividad para celebrar el amor entre parejas, familia y entre amigos. Es una fecha especial para que los&nbsp;<strong>enamorados,&nbsp;familia<\/strong>&nbsp;y <strong>amigos<\/strong> se expresen su amor y&nbsp;<strong>cari\u00f1o.<\/strong><\/p>\n\n\n\n<figure class=\"wp-block-image\"><img data-recalc-dims=\"1\" loading=\"lazy\" decoding=\"async\" width=\"640\" height=\"427\" src=\"https:\/\/i0.wp.com\/fervent-wiles.82-194-67-113.plesk.page\/home\/wp-content\/uploads\/2018\/07\/peineta-3.jpg?resize=640%2C427&#038;ssl=1\" alt=\"\" class=\"wp-image-4255\" srcset=\"https:\/\/i0.wp.com\/elpequenocatalan.com\/home\/wp-content\/uploads\/2018\/07\/peineta-3.jpg?w=660&amp;ssl=1 660w, https:\/\/i0.wp.com\/elpequenocatalan.com\/home\/wp-content\/uploads\/2018\/07\/peineta-3.jpg?resize=300%2C200&amp;ssl=1 300w, https:\/\/i0.wp.com\/elpequenocatalan.com\/home\/wp-content\/uploads\/2018\/07\/peineta-3.jpg?resize=600%2C400&amp;ssl=1 600w, https:\/\/i0.wp.com\/elpequenocatalan.com\/home\/wp-content\/uploads\/2018\/07\/peineta-3.jpg?resize=200%2C133&amp;ssl=1 200w\" sizes=\"auto, (max-width: 640px) 100vw, 640px\" \/><\/figure>\n\n\n\n<p>Y si tienes un <strong>Baturro<\/strong>  o <strong>Baturra <\/strong>entre los m\u00e1s queridos y deseas sorprenderle, p\u00e1sate por <strong>\u00abEl Peque\u00f1o Catal\u00e1n\u00bb<\/strong>,y encuentra un bonito detalle, una sorpresa, un capricho que le ilusione, que le haga sentir que es una persona especial.<\/p>\n\n\n\n<figure class=\"wp-block-image\"><img data-recalc-dims=\"1\" loading=\"lazy\" decoding=\"async\" width=\"640\" height=\"480\" src=\"https:\/\/i0.wp.com\/fervent-wiles.82-194-67-113.plesk.page\/home\/wp-content\/uploads\/2018\/11\/P9140327-1024x768.jpg?resize=640%2C480&#038;ssl=1\" alt=\"\" class=\"wp-image-4502\" srcset=\"https:\/\/i0.wp.com\/elpequenocatalan.com\/home\/wp-content\/uploads\/2018\/11\/P9140327.jpg?resize=1024%2C768&amp;ssl=1 1024w, https:\/\/i0.wp.com\/elpequenocatalan.com\/home\/wp-content\/uploads\/2018\/11\/P9140327.jpg?resize=300%2C225&amp;ssl=1 300w, https:\/\/i0.wp.com\/elpequenocatalan.com\/home\/wp-content\/uploads\/2018\/11\/P9140327.jpg?resize=768%2C576&amp;ssl=1 768w, https:\/\/i0.wp.com\/elpequenocatalan.com\/home\/wp-content\/uploads\/2018\/11\/P9140327.jpg?resize=600%2C450&amp;ssl=1 600w, https:\/\/i0.wp.com\/elpequenocatalan.com\/home\/wp-content\/uploads\/2018\/11\/P9140327.jpg?resize=660%2C495&amp;ssl=1 660w, https:\/\/i0.wp.com\/elpequenocatalan.com\/home\/wp-content\/uploads\/2018\/11\/P9140327.jpg?w=1280&amp;ssl=1 1280w, https:\/\/i0.wp.com\/elpequenocatalan.com\/home\/wp-content\/uploads\/2018\/11\/P9140327.jpg?w=1920&amp;ssl=1 1920w\" sizes=\"auto, (max-width: 640px) 100vw, 640px\" \/><\/figure>\n\n\n\n<figure class=\"wp-block-image\"><img data-recalc-dims=\"1\" loading=\"lazy\" decoding=\"async\" width=\"640\" height=\"853\" src=\"https:\/\/i0.wp.com\/fervent-wiles.82-194-67-113.plesk.page\/home\/wp-content\/uploads\/2018\/11\/P9140313-e1543522469784-768x1024.jpg?resize=640%2C853&#038;ssl=1\" alt=\"\" class=\"wp-image-4500\" srcset=\"https:\/\/i0.wp.com\/elpequenocatalan.com\/home\/wp-content\/uploads\/2018\/11\/P9140313-e1543522469784.jpg?resize=768%2C1024&amp;ssl=1 768w, https:\/\/i0.wp.com\/elpequenocatalan.com\/home\/wp-content\/uploads\/2018\/11\/P9140313-e1543522469784.jpg?resize=225%2C300&amp;ssl=1 225w, https:\/\/i0.wp.com\/elpequenocatalan.com\/home\/wp-content\/uploads\/2018\/11\/P9140313-e1543522469784.jpg?resize=600%2C800&amp;ssl=1 600w, https:\/\/i0.wp.com\/elpequenocatalan.com\/home\/wp-content\/uploads\/2018\/11\/P9140313-e1543522469784.jpg?resize=660%2C880&amp;ssl=1 660w, https:\/\/i0.wp.com\/elpequenocatalan.com\/home\/wp-content\/uploads\/2018\/11\/P9140313-e1543522469784.jpg?w=1280&amp;ssl=1 1280w, https:\/\/i0.wp.com\/elpequenocatalan.com\/home\/wp-content\/uploads\/2018\/11\/P9140313-e1543522469784.jpg?w=1920&amp;ssl=1 1920w\" sizes=\"auto, (max-width: 640px) 100vw, 640px\" \/><\/figure>\n\n\n\n<p>Pero no lo olvides&#8230; cualquier d\u00eda puede ser un buen <strong>D\u00eda de San Valent\u00edn<\/strong>,&nbsp;cualquier d\u00eda es bueno para demostrar tu cari\u00f1o a los que m\u00e1s quieres, a tus Baturros y Baturras.<\/p>\n\n\n\n<figure class=\"wp-block-image\"><img data-recalc-dims=\"1\" loading=\"lazy\" decoding=\"async\" width=\"640\" height=\"427\" src=\"https:\/\/i0.wp.com\/fervent-wiles.82-194-67-113.plesk.page\/home\/wp-content\/uploads\/2017\/06\/IMG_0220-1024x683.jpg?resize=640%2C427&#038;ssl=1\" alt=\"\" class=\"wp-image-2326\" srcset=\"https:\/\/i0.wp.com\/elpequenocatalan.com\/home\/wp-content\/uploads\/2017\/06\/IMG_0220.jpg?resize=1024%2C683&amp;ssl=1 1024w, https:\/\/i0.wp.com\/elpequenocatalan.com\/home\/wp-content\/uploads\/2017\/06\/IMG_0220.jpg?resize=300%2C200&amp;ssl=1 300w, https:\/\/i0.wp.com\/elpequenocatalan.com\/home\/wp-content\/uploads\/2017\/06\/IMG_0220.jpg?resize=768%2C512&amp;ssl=1 768w, https:\/\/i0.wp.com\/elpequenocatalan.com\/home\/wp-content\/uploads\/2017\/06\/IMG_0220.jpg?resize=200%2C133&amp;ssl=1 200w, https:\/\/i0.wp.com\/elpequenocatalan.com\/home\/wp-content\/uploads\/2017\/06\/IMG_0220.jpg?resize=660%2C440&amp;ssl=1 660w, https:\/\/i0.wp.com\/elpequenocatalan.com\/home\/wp-content\/uploads\/2017\/06\/IMG_0220.jpg?w=1280&amp;ssl=1 1280w, https:\/\/i0.wp.com\/elpequenocatalan.com\/home\/wp-content\/uploads\/2017\/06\/IMG_0220.jpg?w=1920&amp;ssl=1 1920w\" sizes=\"auto, (max-width: 640px) 100vw, 640px\" \/><\/figure>\n\n\n\n<p><\/p>\n","protected":false},"excerpt":{"rendered":"<p>El&nbsp;D\u00eda de San Valent\u00edn, tambi\u00e9n conocido como D\u00eda del Amor y la Amistad, es una festividad para celebrar el amor entre parejas, familia y entre amigos. Es una fecha especial para que los&nbsp;enamorados,&nbsp;familia&nbsp;y amigos se expresen su amor y&nbsp;cari\u00f1o. Y si tienes un Baturro o Baturra entre los m\u00e1s queridos y deseas sorprenderle, p\u00e1sate por [&hellip;]<\/p>\n","protected":false},"author":1,"featured_media":4569,"comment_status":"closed","ping_status":"closed","sticky":false,"template":"","format":"standard","meta":{"ngg_post_thumbnail":0,"_jetpack_memberships_contains_paid_content":false,"footnotes":""},"categories":[12],"tags":[39],"class_list":["post-4565","post","type-post","status-publish","format-standard","has-post-thumbnail","hentry","category-traje-regional","tag-baturros"],"jetpack_featured_media_url":"https:\/\/i0.wp.com\/elpequenocatalan.com\/home\/wp-content\/uploads\/2019\/02\/deditos.jpg?fit=992%2C558&ssl=1","jetpack_sharing_enabled":true,"_links":{"self":[{"href":"https:\/\/elpequenocatalan.com\/home\/index.php\/wp-json\/wp\/v2\/posts\/4565","targetHints":{"allow":["GET"]}}],"collection":[{"href":"https:\/\/elpequenocatalan.com\/home\/index.php\/wp-json\/wp\/v2\/posts"}],"about":[{"href":"https:\/\/elpequenocatalan.com\/home\/index.php\/wp-json\/wp\/v2\/types\/post"}],"author":[{"embeddable":true,"href":"https:\/\/elpequenocatalan.com\/home\/index.php\/wp-json\/wp\/v2\/users\/1"}],"replies":[{"embeddable":true,"href":"https:\/\/elpequenocatalan.com\/home\/index.php\/wp-json\/wp\/v2\/comments?post=4565"}],"version-history":[{"count":2,"href":"https:\/\/elpequenocatalan.com\/home\/index.php\/wp-json\/wp\/v2\/posts\/4565\/revisions"}],"predecessor-version":[{"id":4571,"href":"https:\/\/elpequenocatalan.com\/home\/index.php\/wp-json\/wp\/v2\/posts\/4565\/revisions\/4571"}],"wp:featuredmedia":[{"embeddable":true,"href":"https:\/\/elpequenocatalan.com\/home\/index.php\/wp-json\/wp\/v2\/media\/4569"}],"wp:attachment":[{"href":"https:\/\/elpequenocatalan.com\/home\/index.php\/wp-json\/wp\/v2\/media?parent=4565"}],"wp:term":[{"taxonomy":"category","embeddable":true,"href":"https:\/\/elpequenocatalan.com\/home\/index.php\/wp-json\/wp\/v2\/categories?post=4565"},{"taxonomy":"post_tag","embeddable":true,"href":"https:\/\/elpequenocatalan.com\/home\/index.php\/wp-json\/wp\/v2\/tags?post=4565"}],"curies":[{"name":"wp","href":"https:\/\/api.w.org\/{rel}","templated":true}]}}