{"id":4586,"date":"2019-03-28T07:40:59","date_gmt":"2019-03-28T07:40:59","guid":{"rendered":"http:\/\/www.elpequenocatalan.com\/?p=4586"},"modified":"2019-03-28T07:41:08","modified_gmt":"2019-03-28T07:41:08","slug":"el-traje-regional-aragones-enamora","status":"publish","type":"post","link":"https:\/\/elpequenocatalan.com\/home\/index.php\/2019\/03\/28\/el-traje-regional-aragones-enamora\/","title":{"rendered":"El Traje Regional Aragon\u00e9s, enamora"},"content":{"rendered":"\n<p>El <strong>Traje Regional Aragon\u00e9s<\/strong>, sin duda alguna, es un <strong>Traje T\u00edpico<\/strong> de los que enamoran, por su gran riqueza de complementos y variedad de colorido.<\/p>\n\n\n\n<p>Tanto en el Traje de mujer. c\u00f3mo en el de hombre, existen cantidad de detalles que har\u00e1n de tu <strong>Traje de Baturro<\/strong>, un reflejo de tu car\u00e1cter y del recuerdo de tus antepasados.<\/p>\n\n\n\n<figure class=\"wp-block-image\"><img data-recalc-dims=\"1\" loading=\"lazy\" decoding=\"async\" width=\"640\" height=\"853\" src=\"https:\/\/i0.wp.com\/fervent-wiles.82-194-67-113.plesk.page\/home\/wp-content\/uploads\/2018\/11\/P9140300-e1543522211962-768x1024.jpg?resize=640%2C853&#038;ssl=1\" alt=\"\" class=\"wp-image-4495\" srcset=\"https:\/\/i0.wp.com\/elpequenocatalan.com\/home\/wp-content\/uploads\/2018\/11\/P9140300-e1543522211962.jpg?resize=768%2C1024&amp;ssl=1 768w, https:\/\/i0.wp.com\/elpequenocatalan.com\/home\/wp-content\/uploads\/2018\/11\/P9140300-e1543522211962.jpg?resize=225%2C300&amp;ssl=1 225w, https:\/\/i0.wp.com\/elpequenocatalan.com\/home\/wp-content\/uploads\/2018\/11\/P9140300-e1543522211962.jpg?resize=600%2C800&amp;ssl=1 600w, https:\/\/i0.wp.com\/elpequenocatalan.com\/home\/wp-content\/uploads\/2018\/11\/P9140300-e1543522211962.jpg?resize=660%2C880&amp;ssl=1 660w, https:\/\/i0.wp.com\/elpequenocatalan.com\/home\/wp-content\/uploads\/2018\/11\/P9140300-e1543522211962.jpg?w=1280&amp;ssl=1 1280w, https:\/\/i0.wp.com\/elpequenocatalan.com\/home\/wp-content\/uploads\/2018\/11\/P9140300-e1543522211962.jpg?w=1920&amp;ssl=1 1920w\" sizes=\"auto, (max-width: 640px) 100vw, 640px\" \/><\/figure>\n\n\n\n<p>Los mantones de manila, mantillas, justillos envarados, delantales, as\u00ed como las joyas, adornos para el cabello o calzado, har\u00e1n de tu <strong>Traje Folcl\u00f3rico<\/strong> un Traje \u00fanico. En los hombres, los chalecos, atapiernas, camisas, fajas, blusones, etc&#8230;<\/p>\n\n\n\n<p>Y muchos m\u00e1s detalles que podr\u00e1s ver y consultar al personal especializado de <strong>\u00abEl Peque\u00f1o Catal\u00e1n\u00bb<\/strong>, empresa familiar Aragonesa fundada en 1860.<\/p>\n\n\n\n<figure class=\"wp-block-image\"><img data-recalc-dims=\"1\" loading=\"lazy\" decoding=\"async\" width=\"640\" height=\"853\" src=\"https:\/\/i0.wp.com\/fervent-wiles.82-194-67-113.plesk.page\/home\/wp-content\/uploads\/2018\/08\/P1019060-e1535365896610-768x1024.jpg?resize=640%2C853&#038;ssl=1\" alt=\"\" class=\"wp-image-4405\" srcset=\"https:\/\/i0.wp.com\/elpequenocatalan.com\/home\/wp-content\/uploads\/2018\/08\/P1019060-e1535365896610.jpg?resize=768%2C1024&amp;ssl=1 768w, https:\/\/i0.wp.com\/elpequenocatalan.com\/home\/wp-content\/uploads\/2018\/08\/P1019060-e1535365896610.jpg?resize=225%2C300&amp;ssl=1 225w, https:\/\/i0.wp.com\/elpequenocatalan.com\/home\/wp-content\/uploads\/2018\/08\/P1019060-e1535365896610.jpg?resize=600%2C800&amp;ssl=1 600w, https:\/\/i0.wp.com\/elpequenocatalan.com\/home\/wp-content\/uploads\/2018\/08\/P1019060-e1535365896610.jpg?resize=660%2C880&amp;ssl=1 660w, https:\/\/i0.wp.com\/elpequenocatalan.com\/home\/wp-content\/uploads\/2018\/08\/P1019060-e1535365896610.jpg?w=1280&amp;ssl=1 1280w, https:\/\/i0.wp.com\/elpequenocatalan.com\/home\/wp-content\/uploads\/2018\/08\/P1019060-e1535365896610.jpg?w=1920&amp;ssl=1 1920w\" sizes=\"auto, (max-width: 640px) 100vw, 640px\" \/><\/figure>\n\n\n\n<p>Conf\u00eda en sus profesionales y su experiencia, que te aconsejar\u00e1n con todo el cari\u00f1o, para que tu experiencia en <strong>\u00abEl Peque\u00f1o Catal\u00e1n\u00bb<\/strong> sea de tu m\u00e1ximo agrado.<\/p>\n\n\n\n<p><\/p>\n","protected":false},"excerpt":{"rendered":"<p>El Traje Regional Aragon\u00e9s, sin duda alguna, es un Traje T\u00edpico de los que enamoran, por su gran riqueza de complementos y variedad de colorido. Tanto en el Traje de mujer. c\u00f3mo en el de hombre, existen cantidad de detalles que har\u00e1n de tu Traje de Baturro, un reflejo de tu car\u00e1cter y del recuerdo [&hellip;]<\/p>\n","protected":false},"author":1,"featured_media":4563,"comment_status":"closed","ping_status":"closed","sticky":false,"template":"","format":"standard","meta":{"ngg_post_thumbnail":0,"_jetpack_memberships_contains_paid_content":false,"footnotes":""},"categories":[12],"tags":[95,241,246,253,256],"class_list":["post-4586","post","type-post","status-publish","format-standard","has-post-thumbnail","hentry","category-traje-regional","tag-el-pequeno-catalan","tag-traje-baturro","tag-traje-folclorico-aragones","tag-traje-regional-aragones","tag-traje-tipico"],"jetpack_featured_media_url":"https:\/\/i0.wp.com\/elpequenocatalan.com\/home\/wp-content\/uploads\/2019\/01\/DoNVt5bXkAArL7u.jpg?fit=1080%2C1080&ssl=1","jetpack_sharing_enabled":true,"_links":{"self":[{"href":"https:\/\/elpequenocatalan.com\/home\/index.php\/wp-json\/wp\/v2\/posts\/4586","targetHints":{"allow":["GET"]}}],"collection":[{"href":"https:\/\/elpequenocatalan.com\/home\/index.php\/wp-json\/wp\/v2\/posts"}],"about":[{"href":"https:\/\/elpequenocatalan.com\/home\/index.php\/wp-json\/wp\/v2\/types\/post"}],"author":[{"embeddable":true,"href":"https:\/\/elpequenocatalan.com\/home\/index.php\/wp-json\/wp\/v2\/users\/1"}],"replies":[{"embeddable":true,"href":"https:\/\/elpequenocatalan.com\/home\/index.php\/wp-json\/wp\/v2\/comments?post=4586"}],"version-history":[{"count":1,"href":"https:\/\/elpequenocatalan.com\/home\/index.php\/wp-json\/wp\/v2\/posts\/4586\/revisions"}],"predecessor-version":[{"id":4587,"href":"https:\/\/elpequenocatalan.com\/home\/index.php\/wp-json\/wp\/v2\/posts\/4586\/revisions\/4587"}],"wp:featuredmedia":[{"embeddable":true,"href":"https:\/\/elpequenocatalan.com\/home\/index.php\/wp-json\/wp\/v2\/media\/4563"}],"wp:attachment":[{"href":"https:\/\/elpequenocatalan.com\/home\/index.php\/wp-json\/wp\/v2\/media?parent=4586"}],"wp:term":[{"taxonomy":"category","embeddable":true,"href":"https:\/\/elpequenocatalan.com\/home\/index.php\/wp-json\/wp\/v2\/categories?post=4586"},{"taxonomy":"post_tag","embeddable":true,"href":"https:\/\/elpequenocatalan.com\/home\/index.php\/wp-json\/wp\/v2\/tags?post=4586"}],"curies":[{"name":"wp","href":"https:\/\/api.w.org\/{rel}","templated":true}]}}