{"id":4588,"date":"2019-04-03T08:13:43","date_gmt":"2019-04-03T08:13:43","guid":{"rendered":"http:\/\/www.elpequenocatalan.com\/?p=4588"},"modified":"2019-04-03T08:13:56","modified_gmt":"2019-04-03T08:13:56","slug":"ropa-laboral-el-pequeno-catalan","status":"publish","type":"post","link":"https:\/\/elpequenocatalan.com\/home\/index.php\/2019\/04\/03\/ropa-laboral-el-pequeno-catalan\/","title":{"rendered":"Ropa Laboral \u00abEl Peque\u00f1o Catal\u00e1n\u00bb"},"content":{"rendered":"\n<p>La <strong>Ropa Laboral de \u00abEl Peque\u00f1o Catal\u00e1n\u00bb<\/strong> cubrir\u00e1 tus espectativas.<\/p>\n\n\n\n<figure class=\"wp-block-image\"><img data-recalc-dims=\"1\" loading=\"lazy\" decoding=\"async\" width=\"640\" height=\"853\" src=\"https:\/\/i0.wp.com\/fervent-wiles.82-194-67-113.plesk.page\/home\/wp-content\/uploads\/2018\/12\/P1019042-e1543777973341-768x1024.jpg?resize=640%2C853&#038;ssl=1\" alt=\"\" class=\"wp-image-4518\" srcset=\"https:\/\/i0.wp.com\/elpequenocatalan.com\/home\/wp-content\/uploads\/2018\/12\/P1019042-e1543777973341.jpg?resize=768%2C1024&amp;ssl=1 768w, https:\/\/i0.wp.com\/elpequenocatalan.com\/home\/wp-content\/uploads\/2018\/12\/P1019042-e1543777973341.jpg?resize=225%2C300&amp;ssl=1 225w, https:\/\/i0.wp.com\/elpequenocatalan.com\/home\/wp-content\/uploads\/2018\/12\/P1019042-e1543777973341.jpg?resize=600%2C800&amp;ssl=1 600w, https:\/\/i0.wp.com\/elpequenocatalan.com\/home\/wp-content\/uploads\/2018\/12\/P1019042-e1543777973341.jpg?resize=660%2C880&amp;ssl=1 660w, https:\/\/i0.wp.com\/elpequenocatalan.com\/home\/wp-content\/uploads\/2018\/12\/P1019042-e1543777973341.jpg?w=1280&amp;ssl=1 1280w, https:\/\/i0.wp.com\/elpequenocatalan.com\/home\/wp-content\/uploads\/2018\/12\/P1019042-e1543777973341.jpg?w=1920&amp;ssl=1 1920w\" sizes=\"auto, (max-width: 640px) 100vw, 640px\" \/><\/figure>\n\n\n\n<p>Todo en <strong>uniformes<\/strong> y calzado laboral, para la hosteleria, cocina y sala, sanitario, escolar y comercial en Zaragoza. Delantales.<\/p>\n\n\n\n<figure class=\"wp-block-image\"><img data-recalc-dims=\"1\" loading=\"lazy\" decoding=\"async\" width=\"640\" height=\"853\" src=\"https:\/\/i0.wp.com\/fervent-wiles.82-194-67-113.plesk.page\/home\/wp-content\/uploads\/2018\/12\/P1019044-e1543778000641-768x1024.jpg?resize=640%2C853&#038;ssl=1\" alt=\"\" class=\"wp-image-4519\" srcset=\"https:\/\/i0.wp.com\/elpequenocatalan.com\/home\/wp-content\/uploads\/2018\/12\/P1019044-e1543778000641.jpg?resize=768%2C1024&amp;ssl=1 768w, https:\/\/i0.wp.com\/elpequenocatalan.com\/home\/wp-content\/uploads\/2018\/12\/P1019044-e1543778000641.jpg?resize=225%2C300&amp;ssl=1 225w, https:\/\/i0.wp.com\/elpequenocatalan.com\/home\/wp-content\/uploads\/2018\/12\/P1019044-e1543778000641.jpg?resize=600%2C800&amp;ssl=1 600w, https:\/\/i0.wp.com\/elpequenocatalan.com\/home\/wp-content\/uploads\/2018\/12\/P1019044-e1543778000641.jpg?resize=660%2C880&amp;ssl=1 660w, https:\/\/i0.wp.com\/elpequenocatalan.com\/home\/wp-content\/uploads\/2018\/12\/P1019044-e1543778000641.jpg?w=1280&amp;ssl=1 1280w, https:\/\/i0.wp.com\/elpequenocatalan.com\/home\/wp-content\/uploads\/2018\/12\/P1019044-e1543778000641.jpg?w=1920&amp;ssl=1 1920w\" sizes=\"auto, (max-width: 640px) 100vw, 640px\" \/><\/figure>\n\n\n\n<p>Quieres personalizaci\u00f3n? Asesoramiento? <strong>\u00abEl Peque\u00f1o Catal\u00e1n\u00bb <\/strong>es el lugar adecuado para t\u00ed. Encuentra <strong><em>aqu\u00ed<\/em><\/strong>, una muestra de nuestro trabajo, prendas pr\u00e1cticas, c\u00f3modas y con estilo. El estilo que t\u00fa quieras.<\/p>\n\n\n\n<figure class=\"wp-block-image\"><img data-recalc-dims=\"1\" loading=\"lazy\" decoding=\"async\" width=\"640\" height=\"853\" src=\"https:\/\/i0.wp.com\/fervent-wiles.82-194-67-113.plesk.page\/home\/wp-content\/uploads\/2018\/12\/P1019029-e1543778114444-768x1024.jpg?resize=640%2C853&#038;ssl=1\" alt=\"\" class=\"wp-image-4520\" srcset=\"https:\/\/i0.wp.com\/elpequenocatalan.com\/home\/wp-content\/uploads\/2018\/12\/P1019029-e1543778114444.jpg?resize=768%2C1024&amp;ssl=1 768w, https:\/\/i0.wp.com\/elpequenocatalan.com\/home\/wp-content\/uploads\/2018\/12\/P1019029-e1543778114444.jpg?resize=225%2C300&amp;ssl=1 225w, https:\/\/i0.wp.com\/elpequenocatalan.com\/home\/wp-content\/uploads\/2018\/12\/P1019029-e1543778114444.jpg?resize=600%2C800&amp;ssl=1 600w, https:\/\/i0.wp.com\/elpequenocatalan.com\/home\/wp-content\/uploads\/2018\/12\/P1019029-e1543778114444.jpg?resize=660%2C880&amp;ssl=1 660w, https:\/\/i0.wp.com\/elpequenocatalan.com\/home\/wp-content\/uploads\/2018\/12\/P1019029-e1543778114444.jpg?w=1280&amp;ssl=1 1280w, https:\/\/i0.wp.com\/elpequenocatalan.com\/home\/wp-content\/uploads\/2018\/12\/P1019029-e1543778114444.jpg?w=1920&amp;ssl=1 1920w\" sizes=\"auto, (max-width: 640px) 100vw, 640px\" \/><\/figure>\n\n\n\n<p>Comodidad, para los movimientos que exija el desempe\u00f1o de tu trabajo, sin perder personalidad, un <strong>uniforme de trabajo <\/strong>especialmente pensado para ti.<\/p>\n\n\n\n<p><\/p>\n\n\n\n<p><\/p>\n","protected":false},"excerpt":{"rendered":"<p>La Ropa Laboral de \u00abEl Peque\u00f1o Catal\u00e1n\u00bb cubrir\u00e1 tus espectativas. Todo en uniformes y calzado laboral, para la hosteleria, cocina y sala, sanitario, escolar y comercial en Zaragoza. Delantales. Quieres personalizaci\u00f3n? Asesoramiento? \u00abEl Peque\u00f1o Catal\u00e1n\u00bb es el lugar adecuado para t\u00ed. Encuentra aqu\u00ed, una muestra de nuestro trabajo, prendas pr\u00e1cticas, c\u00f3modas y con estilo. El [&hellip;]<\/p>\n","protected":false},"author":1,"featured_media":4515,"comment_status":"closed","ping_status":"closed","sticky":false,"template":"","format":"standard","meta":{"ngg_post_thumbnail":0,"_jetpack_memberships_contains_paid_content":false,"footnotes":""},"categories":[6],"tags":[95,220,394,267],"class_list":["post-4588","post","type-post","status-publish","format-standard","has-post-thumbnail","hentry","category-laboral","tag-el-pequeno-catalan","tag-ropa-laboral","tag-uniforme-de-trabajo","tag-uniforme-laboral"],"jetpack_featured_media_url":"https:\/\/i0.wp.com\/elpequenocatalan.com\/home\/wp-content\/uploads\/2018\/12\/P1019026-e1543777899639.jpg?fit=2736%2C3648&ssl=1","jetpack_sharing_enabled":true,"_links":{"self":[{"href":"https:\/\/elpequenocatalan.com\/home\/index.php\/wp-json\/wp\/v2\/posts\/4588","targetHints":{"allow":["GET"]}}],"collection":[{"href":"https:\/\/elpequenocatalan.com\/home\/index.php\/wp-json\/wp\/v2\/posts"}],"about":[{"href":"https:\/\/elpequenocatalan.com\/home\/index.php\/wp-json\/wp\/v2\/types\/post"}],"author":[{"embeddable":true,"href":"https:\/\/elpequenocatalan.com\/home\/index.php\/wp-json\/wp\/v2\/users\/1"}],"replies":[{"embeddable":true,"href":"https:\/\/elpequenocatalan.com\/home\/index.php\/wp-json\/wp\/v2\/comments?post=4588"}],"version-history":[{"count":1,"href":"https:\/\/elpequenocatalan.com\/home\/index.php\/wp-json\/wp\/v2\/posts\/4588\/revisions"}],"predecessor-version":[{"id":4589,"href":"https:\/\/elpequenocatalan.com\/home\/index.php\/wp-json\/wp\/v2\/posts\/4588\/revisions\/4589"}],"wp:featuredmedia":[{"embeddable":true,"href":"https:\/\/elpequenocatalan.com\/home\/index.php\/wp-json\/wp\/v2\/media\/4515"}],"wp:attachment":[{"href":"https:\/\/elpequenocatalan.com\/home\/index.php\/wp-json\/wp\/v2\/media?parent=4588"}],"wp:term":[{"taxonomy":"category","embeddable":true,"href":"https:\/\/elpequenocatalan.com\/home\/index.php\/wp-json\/wp\/v2\/categories?post=4588"},{"taxonomy":"post_tag","embeddable":true,"href":"https:\/\/elpequenocatalan.com\/home\/index.php\/wp-json\/wp\/v2\/tags?post=4588"}],"curies":[{"name":"wp","href":"https:\/\/api.w.org\/{rel}","templated":true}]}}