{"id":51,"date":"2015-05-30T10:08:21","date_gmt":"2015-05-30T10:08:21","guid":{"rendered":"http:\/\/www.elpequenocatalan.com\/wp\/?p=38"},"modified":"2015-05-30T10:08:21","modified_gmt":"2015-05-30T10:08:21","slug":"la-ropa-laboral","status":"publish","type":"post","link":"https:\/\/elpequenocatalan.com\/home\/index.php\/2015\/05\/30\/la-ropa-laboral\/","title":{"rendered":"La Ropa Laboral"},"content":{"rendered":"<p><strong>La ropa laboral<\/strong>, es el vestuario, la ropa de trabajo, uniforme o no. En muchos oficios y trabajos, la ropa laboral puede facilitarnos nuestras tareas y tambi\u00e9n puede identificarnos en nuestro puesto.<\/p>\n<p>La ropa laboral, debe ser adecuada al desempe\u00f1o del trabajo que se va a realizar. <strong>Es muy importante la comodidad, la resistencia, y el resultado tras el lavado<\/strong>. Sin embargo, en todas \u00e9stas cuestiones, podemos a\u00f1adir un extra; la personalizaci\u00f3n.<\/p>\n<p>&nbsp;<\/p>\n<p><strong><a href=\"https:\/\/i0.wp.com\/fervent-wiles.82-194-67-113.plesk.page\/home\/wp-content\/uploads\/2015\/12\/P1013821-e1450603341785.jpg?ssl=1\"><img data-recalc-dims=\"1\" loading=\"lazy\" decoding=\"async\" class=\"alignleft size-medium wp-image-424\" src=\"https:\/\/i0.wp.com\/fervent-wiles.82-194-67-113.plesk.page\/home\/wp-content\/uploads\/2015\/12\/P1013821-e1450603341785-225x300.jpg?resize=225%2C300&#038;ssl=1\" alt=\"OLYMPUS DIGITAL CAMERA\" width=\"225\" height=\"300\" \/><\/a>\u00abEl Peque\u00f1o Catal\u00e1n\u00bb,<\/strong> cuida de todos \u00e9stos aspectos sin descuidar la est\u00e9tica, que puede ser a tu gusto, \u00fanico, personal y que te identifique a ti, a tu negocio o a tu personal. Pon una nota de color, un emblema caracter\u00edstico, una imagen, o una combinaci\u00f3n de todo lo anterior. S\u00e9 especial, o formal, lo que elijas. No hay l\u00edmites a la imaginaci\u00f3n, haz realidad tu dise\u00f1o, esa idea que tienes en la cabeza; y si no la tienes, pregunta a los profesionales que te atender\u00e1n gustosamente.<\/p>\n","protected":false},"excerpt":{"rendered":"<p>La ropa laboral, es el vestuario, la ropa de trabajo, uniforme o no. En muchos oficios y trabajos, la ropa laboral puede facilitarnos nuestras tareas y tambi\u00e9n puede identificarnos en nuestro puesto. La ropa laboral, debe ser adecuada al desempe\u00f1o del trabajo que se va a realizar. Es muy importante la comodidad, la resistencia, y [&hellip;]<\/p>\n","protected":false},"author":1,"featured_media":0,"comment_status":"open","ping_status":"closed","sticky":false,"template":"","format":"standard","meta":{"ngg_post_thumbnail":0,"_jetpack_memberships_contains_paid_content":false,"footnotes":""},"categories":[6],"tags":[],"class_list":["post-51","post","type-post","status-publish","format-standard","hentry","category-laboral"],"jetpack_featured_media_url":"","jetpack_sharing_enabled":true,"_links":{"self":[{"href":"https:\/\/elpequenocatalan.com\/home\/index.php\/wp-json\/wp\/v2\/posts\/51","targetHints":{"allow":["GET"]}}],"collection":[{"href":"https:\/\/elpequenocatalan.com\/home\/index.php\/wp-json\/wp\/v2\/posts"}],"about":[{"href":"https:\/\/elpequenocatalan.com\/home\/index.php\/wp-json\/wp\/v2\/types\/post"}],"author":[{"embeddable":true,"href":"https:\/\/elpequenocatalan.com\/home\/index.php\/wp-json\/wp\/v2\/users\/1"}],"replies":[{"embeddable":true,"href":"https:\/\/elpequenocatalan.com\/home\/index.php\/wp-json\/wp\/v2\/comments?post=51"}],"version-history":[{"count":0,"href":"https:\/\/elpequenocatalan.com\/home\/index.php\/wp-json\/wp\/v2\/posts\/51\/revisions"}],"wp:attachment":[{"href":"https:\/\/elpequenocatalan.com\/home\/index.php\/wp-json\/wp\/v2\/media?parent=51"}],"wp:term":[{"taxonomy":"category","embeddable":true,"href":"https:\/\/elpequenocatalan.com\/home\/index.php\/wp-json\/wp\/v2\/categories?post=51"},{"taxonomy":"post_tag","embeddable":true,"href":"https:\/\/elpequenocatalan.com\/home\/index.php\/wp-json\/wp\/v2\/tags?post=51"}],"curies":[{"name":"wp","href":"https:\/\/api.w.org\/{rel}","templated":true}]}}