{"id":52,"date":"2015-05-30T10:10:50","date_gmt":"2015-05-30T10:10:50","guid":{"rendered":"http:\/\/www.elpequenocatalan.com\/wp\/?p=42"},"modified":"2015-05-30T10:10:50","modified_gmt":"2015-05-30T10:10:50","slug":"la-tradicion-de-la-semana-santa","status":"publish","type":"post","link":"https:\/\/elpequenocatalan.com\/home\/index.php\/2015\/05\/30\/la-tradicion-de-la-semana-santa\/","title":{"rendered":"La tradici\u00f3n de la Semana Santa"},"content":{"rendered":"<p>La grandeza de <strong>la tradici\u00f3n de la Semana Santa<\/strong> en nuestro pa\u00eds, es innegable. Las cofrad\u00edas se preparan durante todo el a\u00f1o para que todo salga a la perfecci\u00f3n y solo quede en manos del destino, algo tan decisivo como es la climatolog\u00eda.<\/p>\n<p><strong><a href=\"https:\/\/i0.wp.com\/fervent-wiles.82-194-67-113.plesk.page\/home\/wp-content\/uploads\/2015\/05\/semana-santa.jpg?ssl=1\"><img data-recalc-dims=\"1\" loading=\"lazy\" decoding=\"async\" class=\"alignleft size-medium wp-image-792\" src=\"https:\/\/i0.wp.com\/fervent-wiles.82-194-67-113.plesk.page\/home\/wp-content\/uploads\/2015\/05\/semana-santa-300x217.jpg?resize=300%2C217&#038;ssl=1\" alt=\"semana-santa\" width=\"300\" height=\"217\" \/><\/a>La vestimenta de las cofrad\u00edas<\/strong> forma parte de esa preparaci\u00f3n y es imprescindible para participar en las procesiones que se preparan con mucha previsi\u00f3n y mucho mimo. Cada cofrad\u00eda tiene su est\u00e9tica y su propio significado y los cofrades han de ser fieles a unas normas.<\/p>\n<p>Proporciona tranquilidad saber que en <strong>\u201cEl Peque\u00f1o Catal\u00e1n\u201d<\/strong> encontrar\u00e1s siempre lo que necesites para tu indumentaria y que no tienes que buscar m\u00e1s, es importante. Al igual que conocer que es una tienda emblem\u00e1tica y con una larga tradici\u00f3n vistiendo a cofrades.<\/p>\n","protected":false},"excerpt":{"rendered":"<p>La grandeza de la tradici\u00f3n de la Semana Santa en nuestro pa\u00eds, es innegable. Las cofrad\u00edas se preparan durante todo el a\u00f1o para que todo salga a la perfecci\u00f3n y solo quede en manos del destino, algo tan decisivo como es la climatolog\u00eda. La vestimenta de las cofrad\u00edas forma parte de esa preparaci\u00f3n y es [&hellip;]<\/p>\n","protected":false},"author":1,"featured_media":0,"comment_status":"open","ping_status":"closed","sticky":false,"template":"","format":"standard","meta":{"ngg_post_thumbnail":0,"_jetpack_memberships_contains_paid_content":false,"footnotes":""},"categories":[11],"tags":[],"class_list":["post-52","post","type-post","status-publish","format-standard","hentry","category-semana-santa"],"jetpack_featured_media_url":"","jetpack_sharing_enabled":true,"_links":{"self":[{"href":"https:\/\/elpequenocatalan.com\/home\/index.php\/wp-json\/wp\/v2\/posts\/52","targetHints":{"allow":["GET"]}}],"collection":[{"href":"https:\/\/elpequenocatalan.com\/home\/index.php\/wp-json\/wp\/v2\/posts"}],"about":[{"href":"https:\/\/elpequenocatalan.com\/home\/index.php\/wp-json\/wp\/v2\/types\/post"}],"author":[{"embeddable":true,"href":"https:\/\/elpequenocatalan.com\/home\/index.php\/wp-json\/wp\/v2\/users\/1"}],"replies":[{"embeddable":true,"href":"https:\/\/elpequenocatalan.com\/home\/index.php\/wp-json\/wp\/v2\/comments?post=52"}],"version-history":[{"count":0,"href":"https:\/\/elpequenocatalan.com\/home\/index.php\/wp-json\/wp\/v2\/posts\/52\/revisions"}],"wp:attachment":[{"href":"https:\/\/elpequenocatalan.com\/home\/index.php\/wp-json\/wp\/v2\/media?parent=52"}],"wp:term":[{"taxonomy":"category","embeddable":true,"href":"https:\/\/elpequenocatalan.com\/home\/index.php\/wp-json\/wp\/v2\/categories?post=52"},{"taxonomy":"post_tag","embeddable":true,"href":"https:\/\/elpequenocatalan.com\/home\/index.php\/wp-json\/wp\/v2\/tags?post=52"}],"curies":[{"name":"wp","href":"https:\/\/api.w.org\/{rel}","templated":true}]}}