{"id":528,"date":"2016-02-12T07:24:11","date_gmt":"2016-02-12T07:24:11","guid":{"rendered":"http:\/\/www.elpequenocatalan.com\/wp\/?p=528"},"modified":"2016-02-12T07:24:11","modified_gmt":"2016-02-12T07:24:11","slug":"super-rebajas-en-prendas-para-mujer","status":"publish","type":"post","link":"https:\/\/elpequenocatalan.com\/home\/index.php\/2016\/02\/12\/super-rebajas-en-prendas-para-mujer\/","title":{"rendered":"Super-Rebajas en prendas para mujer"},"content":{"rendered":"<p><a href=\"https:\/\/i0.wp.com\/fervent-wiles.82-194-67-113.plesk.page\/home\/wp-content\/uploads\/2016\/02\/P1014005.jpg?ssl=1\" rel=\"attachment wp-att-533\"><img data-recalc-dims=\"1\" loading=\"lazy\" decoding=\"async\" class=\"alignleft size-medium wp-image-533\" src=\"https:\/\/i0.wp.com\/fervent-wiles.82-194-67-113.plesk.page\/home\/wp-content\/uploads\/2016\/02\/P1014005-300x225.jpg?resize=300%2C225&#038;ssl=1\" alt=\"oferta abrigo mujer\" width=\"300\" height=\"225\" \/><\/a><\/p>\n<p><strong>Super-Rebajas<\/strong> en prendas de invierno para mujer. No dejes pasar la oportunidad y ven a ver \u00e9stas ofertas, tan interesantes como bonitas.\u00a0En<strong> \u00abEl Peque\u00f1o Catal\u00e1n\u00bb<\/strong> vas a encontrar lo que buscas y adem\u00e1s con grandes ofertas.<\/p>\n<p><strong>Prendas de abrigo<\/strong> que podr\u00e1s complementar con accesorios y prob\u00e1rtelo todo para ver c\u00f3mo te queda. Seguro que sales satisfecha de tu compra y de su precio.<\/p>\n<p>Para que te hagas una idea, mira \u00e9ste<strong> abrigo de pa\u00f1o, antes costaba 59,90 y ahora te lo puedes llevar por 30 \u20ac<\/strong>. Podr\u00e1s elegir entre 4 preciosos colores.<\/p>\n<p><a href=\"https:\/\/i0.wp.com\/fervent-wiles.82-194-67-113.plesk.page\/home\/wp-content\/uploads\/2016\/02\/P1014001.jpg?ssl=1\" rel=\"attachment wp-att-532\"><img data-recalc-dims=\"1\" loading=\"lazy\" decoding=\"async\" class=\"aligncenter size-large wp-image-532\" src=\"https:\/\/i0.wp.com\/fervent-wiles.82-194-67-113.plesk.page\/home\/wp-content\/uploads\/2016\/02\/P1014001-1024x768.jpg?resize=640%2C480&#038;ssl=1\" alt=\"abrigo mujer\" width=\"640\" height=\"480\" \/><\/a><\/p>\n<p><strong>Un agradable y caliente anorak que nos proteger\u00e1 del g\u00e9lido fr\u00edo, antes val\u00eda 59,90 y ahora s\u00f3lo 30 \u20ac.<\/strong><\/p>\n<p><a href=\"https:\/\/i0.wp.com\/fervent-wiles.82-194-67-113.plesk.page\/home\/wp-content\/uploads\/2016\/02\/P1014010.jpg?ssl=1\" rel=\"attachment wp-att-534\"><img data-recalc-dims=\"1\" loading=\"lazy\" decoding=\"async\" class=\"aligncenter size-large wp-image-534\" src=\"https:\/\/i0.wp.com\/fervent-wiles.82-194-67-113.plesk.page\/home\/wp-content\/uploads\/2016\/02\/P1014010-1024x768.jpg?resize=640%2C480&#038;ssl=1\" alt=\"anorak mujer\" width=\"640\" height=\"480\" \/><\/a><\/p>\n<p>Y f\u00edjate en \u00e9sta<strong> elegante capa de pa\u00f1o negro<\/strong>, que aportar\u00e1 a tu estilo un aire especial. Tan f\u00e1cil de combinar con un pantal\u00f3n vaquero, como con un vestido, para un loock m\u00e1s elaborado. <strong>L\u00facela por 25 \u20ac<\/strong>.<\/p>\n<p><a href=\"https:\/\/i0.wp.com\/fervent-wiles.82-194-67-113.plesk.page\/home\/wp-content\/uploads\/2016\/02\/P1014039.jpg?ssl=1\" rel=\"attachment wp-att-540\"><img data-recalc-dims=\"1\" loading=\"lazy\" decoding=\"async\" class=\"aligncenter size-large wp-image-540\" src=\"https:\/\/i0.wp.com\/fervent-wiles.82-194-67-113.plesk.page\/home\/wp-content\/uploads\/2016\/02\/P1014039-1024x768.jpg?resize=640%2C480&#038;ssl=1\" alt=\"capa mujer\" width=\"640\" height=\"480\" \/><\/a><\/p>\n<p><strong>Tambi\u00e9n ver\u00e1s en EPC prendas de sport, como \u00e9stas sudaderas. Podr\u00e1s llevarte 2 por 24,90 \u20ac.<\/strong><\/p>\n<p><a href=\"https:\/\/i0.wp.com\/fervent-wiles.82-194-67-113.plesk.page\/home\/wp-content\/uploads\/2016\/02\/P1013998.jpg?ssl=1\" rel=\"attachment wp-att-535\"><img data-recalc-dims=\"1\" loading=\"lazy\" decoding=\"async\" class=\"aligncenter size-large wp-image-535\" src=\"https:\/\/i0.wp.com\/fervent-wiles.82-194-67-113.plesk.page\/home\/wp-content\/uploads\/2016\/02\/P1013998-1024x768.jpg?resize=640%2C480&#038;ssl=1\" alt=\"sudadera mujer oferta\" width=\"640\" height=\"480\" \/><\/a> <a href=\"https:\/\/i0.wp.com\/fervent-wiles.82-194-67-113.plesk.page\/home\/wp-content\/uploads\/2016\/02\/P1013999.jpg?ssl=1\" rel=\"attachment wp-att-536\"><img data-recalc-dims=\"1\" loading=\"lazy\" decoding=\"async\" class=\"aligncenter size-large wp-image-536\" src=\"https:\/\/i0.wp.com\/fervent-wiles.82-194-67-113.plesk.page\/home\/wp-content\/uploads\/2016\/02\/P1013999-1024x768.jpg?resize=640%2C480&#038;ssl=1\" alt=\"oferta sudadera mujer\" width=\"640\" height=\"480\" \/><\/a><\/p>\n<p>&nbsp;<\/p>\n","protected":false},"excerpt":{"rendered":"<p>Super-Rebajas en prendas de invierno para mujer. No dejes pasar la oportunidad y ven a ver \u00e9stas ofertas, tan interesantes como bonitas.\u00a0En \u00abEl Peque\u00f1o Catal\u00e1n\u00bb vas a encontrar lo que buscas y adem\u00e1s con grandes ofertas. Prendas de abrigo que podr\u00e1s complementar con accesorios y prob\u00e1rtelo todo para ver c\u00f3mo te queda. Seguro que sales [&hellip;]<\/p>\n","protected":false},"author":1,"featured_media":0,"comment_status":"closed","ping_status":"closed","sticky":false,"template":"","format":"standard","meta":{"ngg_post_thumbnail":0,"_jetpack_memberships_contains_paid_content":false,"footnotes":""},"categories":[8,10],"tags":[94,167,174,204],"class_list":["post-528","post","type-post","status-publish","format-standard","hentry","category-ofertas-y-promociones","category-seccion-moda","tag-descuentos","tag-moda-mujer","tag-ofertas","tag-rebajas"],"jetpack_featured_media_url":"","jetpack_sharing_enabled":true,"_links":{"self":[{"href":"https:\/\/elpequenocatalan.com\/home\/index.php\/wp-json\/wp\/v2\/posts\/528","targetHints":{"allow":["GET"]}}],"collection":[{"href":"https:\/\/elpequenocatalan.com\/home\/index.php\/wp-json\/wp\/v2\/posts"}],"about":[{"href":"https:\/\/elpequenocatalan.com\/home\/index.php\/wp-json\/wp\/v2\/types\/post"}],"author":[{"embeddable":true,"href":"https:\/\/elpequenocatalan.com\/home\/index.php\/wp-json\/wp\/v2\/users\/1"}],"replies":[{"embeddable":true,"href":"https:\/\/elpequenocatalan.com\/home\/index.php\/wp-json\/wp\/v2\/comments?post=528"}],"version-history":[{"count":0,"href":"https:\/\/elpequenocatalan.com\/home\/index.php\/wp-json\/wp\/v2\/posts\/528\/revisions"}],"wp:attachment":[{"href":"https:\/\/elpequenocatalan.com\/home\/index.php\/wp-json\/wp\/v2\/media?parent=528"}],"wp:term":[{"taxonomy":"category","embeddable":true,"href":"https:\/\/elpequenocatalan.com\/home\/index.php\/wp-json\/wp\/v2\/categories?post=528"},{"taxonomy":"post_tag","embeddable":true,"href":"https:\/\/elpequenocatalan.com\/home\/index.php\/wp-json\/wp\/v2\/tags?post=528"}],"curies":[{"name":"wp","href":"https:\/\/api.w.org\/{rel}","templated":true}]}}