{"id":561,"date":"2016-02-19T09:48:21","date_gmt":"2016-02-19T09:48:21","guid":{"rendered":"http:\/\/www.elpequenocatalan.com\/wp\/?p=561"},"modified":"2016-02-19T09:48:21","modified_gmt":"2016-02-19T09:48:21","slug":"traje-de-gala-premium","status":"publish","type":"post","link":"https:\/\/elpequenocatalan.com\/home\/index.php\/2016\/02\/19\/traje-de-gala-premium\/","title":{"rendered":"Traje de Gala Premium"},"content":{"rendered":"<p><a href=\"https:\/\/i0.wp.com\/fervent-wiles.82-194-67-113.plesk.page\/home\/wp-content\/uploads\/2016\/02\/P1014032.jpg?ssl=1\" rel=\"attachment wp-att-562\"><img data-recalc-dims=\"1\" loading=\"lazy\" decoding=\"async\" class=\"alignleft size-medium wp-image-562\" src=\"https:\/\/i0.wp.com\/fervent-wiles.82-194-67-113.plesk.page\/home\/wp-content\/uploads\/2016\/02\/P1014032-300x225.jpg?resize=300%2C225&#038;ssl=1\" alt=\"traje regional\" width=\"300\" height=\"225\" \/><\/a>En <strong>EPC<\/strong> queremos ense\u00f1aros los <strong>Trajes de Gala Premium<\/strong>, elegantes y ricos en su elaboraci\u00f3n, destacan por su belleza y por como sientan.<\/p>\n<p>\u00c9ste traje tiene un <strong>corpi\u00f1o especial<\/strong>, en el que el castillete central es m\u00e1s largo con el fin de estilizar y favorecer la figura. La falda est\u00e1 elaborada con tres largos de tela, lo que viene a ser pr\u00e1cticamente <strong>6 metros<\/strong> <strong>de vuelo<\/strong>, que se <strong>confeccionan con palas<\/strong> (no fruncido), y \u00e9sta forma de <a href=\"https:\/\/i0.wp.com\/fervent-wiles.82-194-67-113.plesk.page\/home\/wp-content\/uploads\/2016\/02\/P1014030.jpg?ssl=1\" rel=\"attachment wp-att-563\"><img data-recalc-dims=\"1\" loading=\"lazy\" decoding=\"async\" class=\"alignright size-medium wp-image-563\" src=\"https:\/\/i0.wp.com\/fervent-wiles.82-194-67-113.plesk.page\/home\/wp-content\/uploads\/2016\/02\/P1014030-300x225.jpg?resize=300%2C225&#038;ssl=1\" alt=\"indumentaria aragonesa\" width=\"300\" height=\"225\" \/><\/a>trabajar la falda,\u00a0hace que el resultado sea una falda que no ensancha la cintura, algo que est\u00e9ticamente\u00a0es m\u00e1s favorecedor.<\/p>\n<p>El tejido tiene un <strong>gramaje de 420gr.\/m2<\/strong> con <strong>hilo REXOR (Oro y Plata)<\/strong> cuyos dibujos est\u00e1n extra\u00eddos de im\u00e1genes antiguas del siglo XVIII remasterizadas. Se mantiene siempre el esp\u00edritu tradicional, al tiempo que se obtiene una gran definici\u00f3n empleando la tecnolog\u00eda actual\u00a0y aporta\u00a0as\u00ed un extra a\u00f1adido a su alta calidad.<\/p>\n<p><a href=\"https:\/\/i0.wp.com\/fervent-wiles.82-194-67-113.plesk.page\/home\/wp-content\/uploads\/2016\/02\/P1014047.jpg?ssl=1\" rel=\"attachment wp-att-572\"><img data-recalc-dims=\"1\" loading=\"lazy\" decoding=\"async\" class=\"aligncenter size-large wp-image-572\" src=\"https:\/\/i0.wp.com\/fervent-wiles.82-194-67-113.plesk.page\/home\/wp-content\/uploads\/2016\/02\/P1014047-1024x768.jpg?resize=640%2C480&#038;ssl=1\" alt=\"traje gala premium\" width=\"640\" height=\"480\" \/><\/a><\/p>\n<p>Son <strong>trajes exclusivos<\/strong> ya que es<strong> \u00abEl Peque\u00f1o Catal\u00e1n\u00bb<\/strong> qui\u00e9n elige los colores de los hilos que componen el tejido y se realizan \u00fanicamente 2 unidades de cada traje.<\/p>\n<p>&nbsp;<\/p>\n<p>&nbsp;<\/p>\n","protected":false},"excerpt":{"rendered":"<p>En EPC queremos ense\u00f1aros los Trajes de Gala Premium, elegantes y ricos en su elaboraci\u00f3n, destacan por su belleza y por como sientan. \u00c9ste traje tiene un corpi\u00f1o especial, en el que el castillete central es m\u00e1s largo con el fin de estilizar y favorecer la figura. La falda est\u00e1 elaborada con tres largos de [&hellip;]<\/p>\n","protected":false},"author":1,"featured_media":0,"comment_status":"closed","ping_status":"closed","sticky":false,"template":"","format":"standard","meta":{"ngg_post_thumbnail":0,"_jetpack_memberships_contains_paid_content":false,"footnotes":""},"categories":[12],"tags":[95,132,238,252],"class_list":["post-561","post","type-post","status-publish","format-standard","hentry","category-traje-regional","tag-el-pequeno-catalan","tag-indumentaria-aragonesa","tag-traje-aragones","tag-traje-regional"],"jetpack_featured_media_url":"","jetpack_sharing_enabled":true,"_links":{"self":[{"href":"https:\/\/elpequenocatalan.com\/home\/index.php\/wp-json\/wp\/v2\/posts\/561","targetHints":{"allow":["GET"]}}],"collection":[{"href":"https:\/\/elpequenocatalan.com\/home\/index.php\/wp-json\/wp\/v2\/posts"}],"about":[{"href":"https:\/\/elpequenocatalan.com\/home\/index.php\/wp-json\/wp\/v2\/types\/post"}],"author":[{"embeddable":true,"href":"https:\/\/elpequenocatalan.com\/home\/index.php\/wp-json\/wp\/v2\/users\/1"}],"replies":[{"embeddable":true,"href":"https:\/\/elpequenocatalan.com\/home\/index.php\/wp-json\/wp\/v2\/comments?post=561"}],"version-history":[{"count":0,"href":"https:\/\/elpequenocatalan.com\/home\/index.php\/wp-json\/wp\/v2\/posts\/561\/revisions"}],"wp:attachment":[{"href":"https:\/\/elpequenocatalan.com\/home\/index.php\/wp-json\/wp\/v2\/media?parent=561"}],"wp:term":[{"taxonomy":"category","embeddable":true,"href":"https:\/\/elpequenocatalan.com\/home\/index.php\/wp-json\/wp\/v2\/categories?post=561"},{"taxonomy":"post_tag","embeddable":true,"href":"https:\/\/elpequenocatalan.com\/home\/index.php\/wp-json\/wp\/v2\/tags?post=561"}],"curies":[{"name":"wp","href":"https:\/\/api.w.org\/{rel}","templated":true}]}}