{"id":594,"date":"2016-03-16T10:53:33","date_gmt":"2016-03-16T10:53:33","guid":{"rendered":"http:\/\/www.elpequenocatalan.com\/wp\/?p=594"},"modified":"2016-03-16T10:53:33","modified_gmt":"2016-03-16T10:53:33","slug":"especial-chalecos","status":"publish","type":"post","link":"https:\/\/elpequenocatalan.com\/home\/index.php\/2016\/03\/16\/especial-chalecos\/","title":{"rendered":"Especial Chalecos"},"content":{"rendered":"<p>En \u00e9ste <strong>Especial Chalecos<\/strong>, <strong>\u00abEl Peque\u00f1o Catal\u00e1n\u00bb<\/strong> propone unas prendas que adem\u00e1s de ser indispensables en la indumentaria aragonesa masculina, van a ser protagonistas por su buen precio.<\/p>\n<p>\u00c9stos <strong>chalecos rectos<\/strong> en colores variados y con preciosos motivos. No s\u00f3lo son bonitos, si no que ahora <strong>ahorrar\u00e1s 41,23 \u20ac<\/strong>.<\/p>\n<p><a href=\"https:\/\/i0.wp.com\/fervent-wiles.82-194-67-113.plesk.page\/home\/wp-content\/uploads\/2016\/02\/chaleco-oferta-adulto.jpg?ssl=1\" rel=\"attachment wp-att-595\"><img data-recalc-dims=\"1\" loading=\"lazy\" decoding=\"async\" class=\"aligncenter size-large wp-image-595\" src=\"https:\/\/i0.wp.com\/fervent-wiles.82-194-67-113.plesk.page\/home\/wp-content\/uploads\/2016\/02\/chaleco-oferta-adulto-1024x768.jpg?resize=640%2C480&#038;ssl=1\" alt=\"chaleco recto\" width=\"640\" height=\"480\" \/><\/a><\/p>\n<p>Y \u00e9stos <strong>chalecos de adulto<\/strong>, maravillosos y <strong>con el mismo ahorro<\/strong>.<\/p>\n<p><a href=\"https:\/\/i0.wp.com\/fervent-wiles.82-194-67-113.plesk.page\/home\/wp-content\/uploads\/2016\/02\/chaleco-oferta-recto.jpg?ssl=1\" rel=\"attachment wp-att-596\"><img data-recalc-dims=\"1\" loading=\"lazy\" decoding=\"async\" class=\"aligncenter size-large wp-image-596\" src=\"https:\/\/i0.wp.com\/fervent-wiles.82-194-67-113.plesk.page\/home\/wp-content\/uploads\/2016\/02\/chaleco-oferta-recto-1024x768.jpg?resize=640%2C480&#038;ssl=1\" alt=\"chaleco adulto\" width=\"640\" height=\"480\" \/><\/a><\/p>\n<p>Ven a verlos, visita \u00abEl Peque\u00f1o Catal\u00e1n\u00bby encontrar\u00e1s lo que buscas, en el mejor momento, porque te va a salir muy bien de precio.<\/p>\n","protected":false},"excerpt":{"rendered":"<p>En \u00e9ste Especial Chalecos, \u00abEl Peque\u00f1o Catal\u00e1n\u00bb propone unas prendas que adem\u00e1s de ser indispensables en la indumentaria aragonesa masculina, van a ser protagonistas por su buen precio. \u00c9stos chalecos rectos en colores variados y con preciosos motivos. No s\u00f3lo son bonitos, si no que ahora ahorrar\u00e1s 41,23 \u20ac. Y \u00e9stos chalecos de adulto, maravillosos [&hellip;]<\/p>\n","protected":false},"author":1,"featured_media":0,"comment_status":"closed","ping_status":"closed","sticky":false,"template":"","format":"standard","meta":{"ngg_post_thumbnail":0,"_jetpack_memberships_contains_paid_content":false,"footnotes":""},"categories":[8,12],"tags":[65,66,132,134],"class_list":["post-594","post","type-post","status-publish","format-standard","hentry","category-ofertas-y-promociones","category-traje-regional","tag-chaleco-hombre","tag-chaleco-regional","tag-indumentaria-aragonesa","tag-indumentaria-hombre"],"jetpack_featured_media_url":"","jetpack_sharing_enabled":true,"_links":{"self":[{"href":"https:\/\/elpequenocatalan.com\/home\/index.php\/wp-json\/wp\/v2\/posts\/594","targetHints":{"allow":["GET"]}}],"collection":[{"href":"https:\/\/elpequenocatalan.com\/home\/index.php\/wp-json\/wp\/v2\/posts"}],"about":[{"href":"https:\/\/elpequenocatalan.com\/home\/index.php\/wp-json\/wp\/v2\/types\/post"}],"author":[{"embeddable":true,"href":"https:\/\/elpequenocatalan.com\/home\/index.php\/wp-json\/wp\/v2\/users\/1"}],"replies":[{"embeddable":true,"href":"https:\/\/elpequenocatalan.com\/home\/index.php\/wp-json\/wp\/v2\/comments?post=594"}],"version-history":[{"count":0,"href":"https:\/\/elpequenocatalan.com\/home\/index.php\/wp-json\/wp\/v2\/posts\/594\/revisions"}],"wp:attachment":[{"href":"https:\/\/elpequenocatalan.com\/home\/index.php\/wp-json\/wp\/v2\/media?parent=594"}],"wp:term":[{"taxonomy":"category","embeddable":true,"href":"https:\/\/elpequenocatalan.com\/home\/index.php\/wp-json\/wp\/v2\/categories?post=594"},{"taxonomy":"post_tag","embeddable":true,"href":"https:\/\/elpequenocatalan.com\/home\/index.php\/wp-json\/wp\/v2\/tags?post=594"}],"curies":[{"name":"wp","href":"https:\/\/api.w.org\/{rel}","templated":true}]}}