{"id":652,"date":"2016-05-04T05:52:45","date_gmt":"2016-05-04T05:52:45","guid":{"rendered":"http:\/\/www.elpequenocatalan.com\/wp\/?p=652"},"modified":"2016-05-04T05:52:45","modified_gmt":"2016-05-04T05:52:45","slug":"ropa-laboral-muy-especial","status":"publish","type":"post","link":"https:\/\/elpequenocatalan.com\/home\/index.php\/2016\/05\/04\/ropa-laboral-muy-especial\/","title":{"rendered":"Ropa Laboral, muy especial&#8230;"},"content":{"rendered":"<p><strong>\u00abEl Peque\u00f1o Catal\u00e1n\u00bb<\/strong> te presenta un nuevo producto, enfocado al personal sanitario, fruto del esfuerzo de nuestro trabajo. Su punto fuerte es la elasticidad de \u00e9stas prendas que permiten cualquier tipo de movimiento, resultando as\u00ed muy c\u00f3moda para realizar diversos trabajos.<\/p>\n<p><a href=\"https:\/\/i0.wp.com\/fervent-wiles.82-194-67-113.plesk.page\/home\/wp-content\/uploads\/2016\/04\/LABORAL2.jpg?ssl=1\"><img data-recalc-dims=\"1\" loading=\"lazy\" decoding=\"async\" class=\"alignleft size-medium wp-image-657\" src=\"https:\/\/i0.wp.com\/fervent-wiles.82-194-67-113.plesk.page\/home\/wp-content\/uploads\/2016\/04\/LABORAL2-300x225.jpg?resize=300%2C225&#038;ssl=1\" alt=\"LABORAL2\" width=\"300\" height=\"225\" \/><\/a>Se trata de un conjunto compuesto por <strong>casaca y pantal\u00f3n<\/strong>, que podremos personalizar si as\u00ed se desea.<\/p>\n<p>El pantal\u00f3n, lejos de ser un producto m\u00e1s, est\u00e1 dise\u00f1ado para resaltar la figura femenina, dada su fabricaci\u00f3n con <strong>materiales de alta calidad<\/strong>. Se ha podido estrechar y poner el tiro un poco m\u00e1s abajo, manteniendo las gomas con su cord\u00f3n y su tanca para un mayor confort.<\/p>\n<p><a href=\"https:\/\/i0.wp.com\/fervent-wiles.82-194-67-113.plesk.page\/home\/wp-content\/uploads\/2016\/04\/IMG_9638.jpg?ssl=1\"><img data-recalc-dims=\"1\" loading=\"lazy\" decoding=\"async\" class=\"alignright size-medium wp-image-656\" src=\"https:\/\/i0.wp.com\/fervent-wiles.82-194-67-113.plesk.page\/home\/wp-content\/uploads\/2016\/04\/IMG_9638-200x300.jpg?resize=200%2C300&#038;ssl=1\" alt=\"laboral sanitario\" width=\"200\" height=\"300\" \/><\/a><\/p>\n<p>&nbsp;<\/p>\n<p><strong>Se nos caracteriza por ser una empresa que cuida su imagen<\/strong>, as\u00ed pues hemos querido plasmar en \u00e9stas prendas tal elegancia haci\u00e9ndolas m\u00e1s entalladas para destacar el lado femenino de nuestras clientas.<\/p>\n<p>Si necesitas la prenda con urgencia, podr\u00e1s elegir entre el color blanco y el negro con ribete morado, pero sobre pedido, se puede realizar en cualquier color.<\/p>\n<p>Los dise\u00f1os de la ropa laboral de <strong>\u00abEl Peque\u00f1o Catal\u00e1n\u00bb<\/strong> son totalmente <strong>personalizables<\/strong>. Trabajamos con cualquier tipo de empresa; bien sea individual, como una de gran tama\u00f1o, proporcionando adem\u00e1s continuidad a lo largo de los a\u00f1os.<\/p>\n","protected":false},"excerpt":{"rendered":"<p>\u00abEl Peque\u00f1o Catal\u00e1n\u00bb te presenta un nuevo producto, enfocado al personal sanitario, fruto del esfuerzo de nuestro trabajo. Su punto fuerte es la elasticidad de \u00e9stas prendas que permiten cualquier tipo de movimiento, resultando as\u00ed muy c\u00f3moda para realizar diversos trabajos. Se trata de un conjunto compuesto por casaca y pantal\u00f3n, que podremos personalizar si [&hellip;]<\/p>\n","protected":false},"author":1,"featured_media":0,"comment_status":"closed","ping_status":"closed","sticky":false,"template":"","format":"standard","meta":{"ngg_post_thumbnail":0,"_jetpack_memberships_contains_paid_content":false,"footnotes":""},"categories":[6],"tags":[96,105,142,226],"class_list":["post-652","post","type-post","status-publish","format-standard","hentry","category-laboral","tag-elastico","tag-especial","tag-laboral","tag-sanitario"],"jetpack_featured_media_url":"","jetpack_sharing_enabled":true,"_links":{"self":[{"href":"https:\/\/elpequenocatalan.com\/home\/index.php\/wp-json\/wp\/v2\/posts\/652","targetHints":{"allow":["GET"]}}],"collection":[{"href":"https:\/\/elpequenocatalan.com\/home\/index.php\/wp-json\/wp\/v2\/posts"}],"about":[{"href":"https:\/\/elpequenocatalan.com\/home\/index.php\/wp-json\/wp\/v2\/types\/post"}],"author":[{"embeddable":true,"href":"https:\/\/elpequenocatalan.com\/home\/index.php\/wp-json\/wp\/v2\/users\/1"}],"replies":[{"embeddable":true,"href":"https:\/\/elpequenocatalan.com\/home\/index.php\/wp-json\/wp\/v2\/comments?post=652"}],"version-history":[{"count":0,"href":"https:\/\/elpequenocatalan.com\/home\/index.php\/wp-json\/wp\/v2\/posts\/652\/revisions"}],"wp:attachment":[{"href":"https:\/\/elpequenocatalan.com\/home\/index.php\/wp-json\/wp\/v2\/media?parent=652"}],"wp:term":[{"taxonomy":"category","embeddable":true,"href":"https:\/\/elpequenocatalan.com\/home\/index.php\/wp-json\/wp\/v2\/categories?post=652"},{"taxonomy":"post_tag","embeddable":true,"href":"https:\/\/elpequenocatalan.com\/home\/index.php\/wp-json\/wp\/v2\/tags?post=652"}],"curies":[{"name":"wp","href":"https:\/\/api.w.org\/{rel}","templated":true}]}}