{"id":659,"date":"2016-04-25T07:10:24","date_gmt":"2016-04-25T07:10:24","guid":{"rendered":"http:\/\/www.elpequenocatalan.com\/wp\/?p=659"},"modified":"2016-04-25T07:10:24","modified_gmt":"2016-04-25T07:10:24","slug":"las-horas-de-pie-en-el-trabajo","status":"publish","type":"post","link":"https:\/\/elpequenocatalan.com\/home\/index.php\/2016\/04\/25\/las-horas-de-pie-en-el-trabajo\/","title":{"rendered":"Las horas de pie en el trabajo&#8230;"},"content":{"rendered":"<p><a href=\"https:\/\/i0.wp.com\/fervent-wiles.82-194-67-113.plesk.page\/home\/wp-content\/uploads\/2016\/04\/LABORAL4.jpg?ssl=1\"><img data-recalc-dims=\"1\" loading=\"lazy\" decoding=\"async\" class=\"alignleft size-medium wp-image-660\" src=\"https:\/\/i0.wp.com\/fervent-wiles.82-194-67-113.plesk.page\/home\/wp-content\/uploads\/2016\/04\/LABORAL4-300x225.jpg?resize=300%2C225&#038;ssl=1\" alt=\"zueco laboral\" width=\"300\" height=\"225\" \/><\/a>\u00bf Te has parado a pensar cuantas horas pasamos de pie en el trabajo ?. En <strong>\u00abEPC\u00bb<\/strong> disponemos de un modelo de <strong>zuecos<\/strong>, que cumplen con todo tipo de necesidades.<\/p>\n<p>Adem\u00e1s de ser<strong> ultraligeros, amortiguan impactos, son totalmente higi\u00e9nicos, puesto que son antibacterianos y resistentes a qu\u00edmicos. Lavables a mano o a m\u00e1quina.<\/strong><\/p>\n<p>De dise\u00f1o n\u00f3rdico, el tal\u00f3n proporcionar\u00e1<strong> sensaci\u00f3n de alivio para la espalda.<\/strong><\/p>\n<p>Para mayor comodidad las plantillas son adaptables y contienen part\u00edculas de carb\u00f3n activado que<strong> absorben la transpiraci\u00f3n manteniendo el pie fresco, seco y libre de olores.<\/strong><\/p>\n<p>&nbsp;<\/p>\n","protected":false},"excerpt":{"rendered":"<p>\u00bf Te has parado a pensar cuantas horas pasamos de pie en el trabajo ?. En \u00abEPC\u00bb disponemos de un modelo de zuecos, que cumplen con todo tipo de necesidades. Adem\u00e1s de ser ultraligeros, amortiguan impactos, son totalmente higi\u00e9nicos, puesto que son antibacterianos y resistentes a qu\u00edmicos. Lavables a mano o a m\u00e1quina. De dise\u00f1o [&hellip;]<\/p>\n","protected":false},"author":1,"featured_media":0,"comment_status":"closed","ping_status":"closed","sticky":false,"template":"","format":"standard","meta":{"ngg_post_thumbnail":0,"_jetpack_memberships_contains_paid_content":false,"footnotes":""},"categories":[6],"tags":[283,284],"class_list":["post-659","post","type-post","status-publish","format-standard","hentry","category-laboral","tag-zueco","tag-zueco-laboral"],"jetpack_featured_media_url":"","jetpack_sharing_enabled":true,"_links":{"self":[{"href":"https:\/\/elpequenocatalan.com\/home\/index.php\/wp-json\/wp\/v2\/posts\/659","targetHints":{"allow":["GET"]}}],"collection":[{"href":"https:\/\/elpequenocatalan.com\/home\/index.php\/wp-json\/wp\/v2\/posts"}],"about":[{"href":"https:\/\/elpequenocatalan.com\/home\/index.php\/wp-json\/wp\/v2\/types\/post"}],"author":[{"embeddable":true,"href":"https:\/\/elpequenocatalan.com\/home\/index.php\/wp-json\/wp\/v2\/users\/1"}],"replies":[{"embeddable":true,"href":"https:\/\/elpequenocatalan.com\/home\/index.php\/wp-json\/wp\/v2\/comments?post=659"}],"version-history":[{"count":0,"href":"https:\/\/elpequenocatalan.com\/home\/index.php\/wp-json\/wp\/v2\/posts\/659\/revisions"}],"wp:attachment":[{"href":"https:\/\/elpequenocatalan.com\/home\/index.php\/wp-json\/wp\/v2\/media?parent=659"}],"wp:term":[{"taxonomy":"category","embeddable":true,"href":"https:\/\/elpequenocatalan.com\/home\/index.php\/wp-json\/wp\/v2\/categories?post=659"},{"taxonomy":"post_tag","embeddable":true,"href":"https:\/\/elpequenocatalan.com\/home\/index.php\/wp-json\/wp\/v2\/tags?post=659"}],"curies":[{"name":"wp","href":"https:\/\/api.w.org\/{rel}","templated":true}]}}