{"id":697,"date":"2016-05-18T05:46:24","date_gmt":"2016-05-18T05:46:24","guid":{"rendered":"http:\/\/www.elpequenocatalan.com\/wp\/?p=697"},"modified":"2016-05-18T05:46:24","modified_gmt":"2016-05-18T05:46:24","slug":"tu-tambien-eres-un-gran-master-cheff","status":"publish","type":"post","link":"https:\/\/elpequenocatalan.com\/home\/index.php\/2016\/05\/18\/tu-tambien-eres-un-gran-master-cheff\/","title":{"rendered":"T\u00fa tambi\u00e9n eres un gran Master Cheff"},"content":{"rendered":"<p><a href=\"https:\/\/i0.wp.com\/fervent-wiles.82-194-67-113.plesk.page\/home\/wp-content\/uploads\/2016\/05\/IMG_9692.jpg?ssl=1\"><img data-recalc-dims=\"1\" loading=\"lazy\" decoding=\"async\" class=\"alignleft size-medium wp-image-698\" src=\"https:\/\/i0.wp.com\/fervent-wiles.82-194-67-113.plesk.page\/home\/wp-content\/uploads\/2016\/05\/IMG_9692-200x300.jpg?resize=200%2C300&#038;ssl=1\" alt=\"chaquetilla cocinero\" width=\"200\" height=\"300\" \/><\/a>En <strong>\u00abEl Peque\u00f1o Catal\u00e1n\u00bb<\/strong> somos especialistas en darte la posibilidad de dar rienda suelta a la imaginaci\u00f3n y proponerte creaciones fant\u00e1sticas, aunque t\u00fa tambi\u00e9n nos las puedes proponer. Crees que s\u00f3lo en <a href=\"http:\/\/www.rtve.es\/television\/masterchef\/\"><strong>Master Cheff<\/strong><\/a> pueden lucir chaquetillas de fantas\u00eda ?.<\/p>\n<p>Todo lo que necesites, para uniformarte y de la forma que te guste, a tu estilo y con tu propia personalidad. Te mereces tener la opci\u00f3n de aparentar lo especial que eres, tambi\u00e9n por fuera.<\/p>\n<p><a href=\"https:\/\/i0.wp.com\/fervent-wiles.82-194-67-113.plesk.page\/home\/wp-content\/uploads\/2016\/05\/IMG_9695.jpg?ssl=1\"><img data-recalc-dims=\"1\" loading=\"lazy\" decoding=\"async\" class=\"alignright size-medium wp-image-699\" src=\"https:\/\/i0.wp.com\/fervent-wiles.82-194-67-113.plesk.page\/home\/wp-content\/uploads\/2016\/05\/IMG_9695-300x200.jpg?resize=300%2C200&#038;ssl=1\" alt=\"laboral cocina\" width=\"300\" height=\"200\" \/><\/a><\/p>\n<p><strong>Tienes una idea de lo que te gustar\u00eda?<\/strong> D\u00ednoslo y lo haremos para ti. Te gusta lo que ves?, pues ven a visitar a<strong> \u00abEl Peque\u00f1o Catal\u00e1n\u00bb<\/strong> y h\u00e1blanos de lo que necesitas.<\/p>\n<p>&nbsp;<\/p>\n","protected":false},"excerpt":{"rendered":"<p>En \u00abEl Peque\u00f1o Catal\u00e1n\u00bb somos especialistas en darte la posibilidad de dar rienda suelta a la imaginaci\u00f3n y proponerte creaciones fant\u00e1sticas, aunque t\u00fa tambi\u00e9n nos las puedes proponer. Crees que s\u00f3lo en Master Cheff pueden lucir chaquetillas de fantas\u00eda ?. Todo lo que necesites, para uniformarte y de la forma que te guste, a tu [&hellip;]<\/p>\n","protected":false},"author":1,"featured_media":0,"comment_status":"closed","ping_status":"closed","sticky":false,"template":"","format":"standard","meta":{"ngg_post_thumbnail":0,"_jetpack_memberships_contains_paid_content":false,"footnotes":""},"categories":[6],"tags":[72,142,218,225],"class_list":["post-697","post","type-post","status-publish","format-standard","hentry","category-laboral","tag-chaquetilla-cocinero","tag-laboral","tag-ropa-hosteleria","tag-ropa-trabajo"],"jetpack_featured_media_url":"","jetpack_sharing_enabled":true,"_links":{"self":[{"href":"https:\/\/elpequenocatalan.com\/home\/index.php\/wp-json\/wp\/v2\/posts\/697","targetHints":{"allow":["GET"]}}],"collection":[{"href":"https:\/\/elpequenocatalan.com\/home\/index.php\/wp-json\/wp\/v2\/posts"}],"about":[{"href":"https:\/\/elpequenocatalan.com\/home\/index.php\/wp-json\/wp\/v2\/types\/post"}],"author":[{"embeddable":true,"href":"https:\/\/elpequenocatalan.com\/home\/index.php\/wp-json\/wp\/v2\/users\/1"}],"replies":[{"embeddable":true,"href":"https:\/\/elpequenocatalan.com\/home\/index.php\/wp-json\/wp\/v2\/comments?post=697"}],"version-history":[{"count":0,"href":"https:\/\/elpequenocatalan.com\/home\/index.php\/wp-json\/wp\/v2\/posts\/697\/revisions"}],"wp:attachment":[{"href":"https:\/\/elpequenocatalan.com\/home\/index.php\/wp-json\/wp\/v2\/media?parent=697"}],"wp:term":[{"taxonomy":"category","embeddable":true,"href":"https:\/\/elpequenocatalan.com\/home\/index.php\/wp-json\/wp\/v2\/categories?post=697"},{"taxonomy":"post_tag","embeddable":true,"href":"https:\/\/elpequenocatalan.com\/home\/index.php\/wp-json\/wp\/v2\/tags?post=697"}],"curies":[{"name":"wp","href":"https:\/\/api.w.org\/{rel}","templated":true}]}}