{"id":722,"date":"2016-06-03T11:29:46","date_gmt":"2016-06-03T11:29:46","guid":{"rendered":"http:\/\/www.elpequenocatalan.com\/wp\/?p=722"},"modified":"2016-06-03T11:29:46","modified_gmt":"2016-06-03T11:29:46","slug":"calzado-laboral-epc","status":"publish","type":"post","link":"https:\/\/elpequenocatalan.com\/home\/index.php\/2016\/06\/03\/calzado-laboral-epc\/","title":{"rendered":"Calzado Laboral EPC"},"content":{"rendered":"<p><a href=\"https:\/\/i0.wp.com\/fervent-wiles.82-194-67-113.plesk.page\/home\/wp-content\/uploads\/2016\/06\/P1014274.jpg?ssl=1\"><img data-recalc-dims=\"1\" loading=\"lazy\" decoding=\"async\" class=\"alignleft size-medium wp-image-723\" src=\"https:\/\/i0.wp.com\/fervent-wiles.82-194-67-113.plesk.page\/home\/wp-content\/uploads\/2016\/06\/P1014274-300x225.jpg?resize=300%2C225&#038;ssl=1\" alt=\"zueco laboral\" width=\"300\" height=\"225\" \/><\/a>EPC nos da a conocer parte del Calzado Laboral. Los Zuecos de Descanso especialmente pensados para tu comodidad y para que tus pies est\u00e9n sanos y frescos, as\u00ed como una buena postura para la espalda, evitando el cansancio en todo lo posible y la \u00f3ptima\u00a0postura de la columna.<\/p>\n<p>El Calzado de Seguridad, tan imprescindible\u00a0en muchas profesiones, ha de tener los refuerzos necesarios para evitar al m\u00e1ximo cualquier riesgo en caso de accidente. \u00abEl Peque\u00f1o Catal\u00e1n\u00bb <a href=\"https:\/\/i0.wp.com\/fervent-wiles.82-194-67-113.plesk.page\/home\/wp-content\/uploads\/2016\/06\/ZAPATO-SEGURIDAD-NOVEDAD.jpg?ssl=1\"><img data-recalc-dims=\"1\" loading=\"lazy\" decoding=\"async\" class=\"alignright size-medium wp-image-724\" src=\"https:\/\/i0.wp.com\/fervent-wiles.82-194-67-113.plesk.page\/home\/wp-content\/uploads\/2016\/06\/ZAPATO-SEGURIDAD-NOVEDAD-300x225.jpg?resize=300%2C225&#038;ssl=1\" alt=\"calzado de seguridad\" width=\"300\" height=\"225\" \/><\/a>tambi\u00e9n piensa en eso y por \u00e9sta raz\u00f3n, lo pone a tu disposici\u00f3n.<\/p>\n<p>Ac\u00e9rcate a visitarnos y comprueba la calidad de \u00e9stos y otros productos, estaremos encantados de ayudarte a elegir la mejor opci\u00f3n para ti y las necesidades que nos plantees.<\/p>\n","protected":false},"excerpt":{"rendered":"<p>EPC nos da a conocer parte del Calzado Laboral. Los Zuecos de Descanso especialmente pensados para tu comodidad y para que tus pies est\u00e9n sanos y frescos, as\u00ed como una buena postura para la espalda, evitando el cansancio en todo lo posible y la \u00f3ptima\u00a0postura de la columna. El Calzado de Seguridad, tan imprescindible\u00a0en muchas [&hellip;]<\/p>\n","protected":false},"author":1,"featured_media":0,"comment_status":"closed","ping_status":"closed","sticky":false,"template":"","format":"standard","meta":{"ngg_post_thumbnail":0,"_jetpack_memberships_contains_paid_content":false,"footnotes":""},"categories":[6],"tags":[54,55,95,97],"class_list":["post-722","post","type-post","status-publish","format-standard","hentry","category-laboral","tag-calzado-de-seguridad","tag-calzado-laboral","tag-el-pequeno-catalan","tag-epc"],"jetpack_featured_media_url":"","jetpack_sharing_enabled":true,"_links":{"self":[{"href":"https:\/\/elpequenocatalan.com\/home\/index.php\/wp-json\/wp\/v2\/posts\/722","targetHints":{"allow":["GET"]}}],"collection":[{"href":"https:\/\/elpequenocatalan.com\/home\/index.php\/wp-json\/wp\/v2\/posts"}],"about":[{"href":"https:\/\/elpequenocatalan.com\/home\/index.php\/wp-json\/wp\/v2\/types\/post"}],"author":[{"embeddable":true,"href":"https:\/\/elpequenocatalan.com\/home\/index.php\/wp-json\/wp\/v2\/users\/1"}],"replies":[{"embeddable":true,"href":"https:\/\/elpequenocatalan.com\/home\/index.php\/wp-json\/wp\/v2\/comments?post=722"}],"version-history":[{"count":0,"href":"https:\/\/elpequenocatalan.com\/home\/index.php\/wp-json\/wp\/v2\/posts\/722\/revisions"}],"wp:attachment":[{"href":"https:\/\/elpequenocatalan.com\/home\/index.php\/wp-json\/wp\/v2\/media?parent=722"}],"wp:term":[{"taxonomy":"category","embeddable":true,"href":"https:\/\/elpequenocatalan.com\/home\/index.php\/wp-json\/wp\/v2\/categories?post=722"},{"taxonomy":"post_tag","embeddable":true,"href":"https:\/\/elpequenocatalan.com\/home\/index.php\/wp-json\/wp\/v2\/tags?post=722"}],"curies":[{"name":"wp","href":"https:\/\/api.w.org\/{rel}","templated":true}]}}