{"id":737,"date":"2016-06-15T05:42:51","date_gmt":"2016-06-15T05:42:51","guid":{"rendered":"http:\/\/www.elpequenocatalan.com\/wp\/?p=737"},"modified":"2016-06-15T05:42:51","modified_gmt":"2016-06-15T05:42:51","slug":"la-moda-en-primavera-y-verano","status":"publish","type":"post","link":"https:\/\/elpequenocatalan.com\/home\/index.php\/2016\/06\/15\/la-moda-en-primavera-y-verano\/","title":{"rendered":"La Moda en Primavera y Verano"},"content":{"rendered":"<p><a href=\"https:\/\/i0.wp.com\/fervent-wiles.82-194-67-113.plesk.page\/home\/wp-content\/uploads\/2016\/06\/P1014212.jpg?ssl=1\"><img data-recalc-dims=\"1\" loading=\"lazy\" decoding=\"async\" class=\"alignleft size-medium wp-image-741\" src=\"https:\/\/i0.wp.com\/fervent-wiles.82-194-67-113.plesk.page\/home\/wp-content\/uploads\/2016\/06\/P1014212-300x225.jpg?resize=300%2C225&#038;ssl=1\" alt=\"moda EPC\" width=\"300\" height=\"225\" \/><\/a>La Primavera lleg\u00f3 a <strong>EPC<\/strong>, y ya estamos esperando el Verano; la Moda en<strong> \u00abEl Peque\u00f1o Catal\u00e1n\u00bb<\/strong> ya est\u00e1 preparada para el calor. Prendas ligeras y suaves para mujer; camisetas, chaquetas, pantalones&#8230; con un dise\u00f1o super-atractivo, con las que te sentir\u00e1s guapa, fresca y c\u00f3moda.<\/p>\n<p style=\"text-align: left;\"><a href=\"https:\/\/i0.wp.com\/fervent-wiles.82-194-67-113.plesk.page\/home\/wp-content\/uploads\/2016\/06\/P1014218.jpg?ssl=1\"><img data-recalc-dims=\"1\" loading=\"lazy\" decoding=\"async\" class=\"size-thumbnail wp-image-743 alignleft\" src=\"https:\/\/i0.wp.com\/fervent-wiles.82-194-67-113.plesk.page\/home\/wp-content\/uploads\/2016\/06\/P1014218-150x150.jpg?resize=150%2C150&#038;ssl=1\" alt=\"OLYMPUS DIGITAL CAMERA\" width=\"150\" height=\"150\" \/><\/a><a href=\"https:\/\/i0.wp.com\/fervent-wiles.82-194-67-113.plesk.page\/home\/wp-content\/uploads\/2016\/06\/P1014219.jpg?ssl=1\"><img data-recalc-dims=\"1\" loading=\"lazy\" decoding=\"async\" class=\"size-thumbnail wp-image-744 alignright\" src=\"https:\/\/i0.wp.com\/fervent-wiles.82-194-67-113.plesk.page\/home\/wp-content\/uploads\/2016\/06\/P1014219-150x150.jpg?resize=150%2C150&#038;ssl=1\" alt=\"OLYMPUS DIGITAL CAMERA\" width=\"150\" height=\"150\" \/><\/a>Ropa masculina, pantalones cortos, polos y todo aquello que puedas necesitar para vestir durante la \u00e9poca estival, a precios fant\u00e1sticos. Adem\u00e1s, ya sabes, te van a asesorar y ayudar a hacer tu compra para que salgas de la tienda con la m\u00e1xima satisfacci\u00f3n.<\/p>\n<p style=\"text-align: left;\"><a href=\"https:\/\/i0.wp.com\/fervent-wiles.82-194-67-113.plesk.page\/home\/wp-content\/uploads\/2016\/06\/P1014231.jpg?ssl=1\"><img data-recalc-dims=\"1\" loading=\"lazy\" decoding=\"async\" class=\"aligncenter size-large wp-image-751\" src=\"https:\/\/i0.wp.com\/fervent-wiles.82-194-67-113.plesk.page\/home\/wp-content\/uploads\/2016\/06\/P1014231-1024x768.jpg?resize=640%2C480&#038;ssl=1\" alt=\"moda EPC\" width=\"640\" height=\"480\" \/><\/a><\/p>\n<p><a href=\"https:\/\/i0.wp.com\/fervent-wiles.82-194-67-113.plesk.page\/home\/wp-content\/uploads\/2016\/06\/P1014228.jpg?ssl=1\"><img data-recalc-dims=\"1\" loading=\"lazy\" decoding=\"async\" class=\"alignleft size-medium wp-image-749\" src=\"https:\/\/i0.wp.com\/fervent-wiles.82-194-67-113.plesk.page\/home\/wp-content\/uploads\/2016\/06\/P1014228-300x225.jpg?resize=300%2C225&#038;ssl=1\" alt=\"moda el peque\u00f1o catalan\" width=\"300\" height=\"225\" \/><\/a>Tambi\u00e9n encontrar\u00e1s pantalones largos c\u00f3modos para \u00e9l, con una cierta elasticidad para que se adapten a los movimientos, y se ajusten de forma m\u00e1s agradable, permitiendo que el movimiento resulte mejor.<\/p>\n<p>Accesorios y complementos para \u00e9l y para ella. Para redondear el look que mejor te sienta.<\/p>\n<p><a href=\"https:\/\/i0.wp.com\/fervent-wiles.82-194-67-113.plesk.page\/home\/wp-content\/uploads\/2016\/06\/P1014227.jpg?ssl=1\"><img data-recalc-dims=\"1\" loading=\"lazy\" decoding=\"async\" class=\"alignright size-medium wp-image-748\" src=\"https:\/\/i0.wp.com\/fervent-wiles.82-194-67-113.plesk.page\/home\/wp-content\/uploads\/2016\/06\/P1014227-300x225.jpg?resize=300%2C225&#038;ssl=1\" alt=\"moda el peque\u00f1o catalan\" width=\"300\" height=\"225\" \/><\/a><\/p>\n<p>&nbsp;<\/p>\n<p>Sale el Sol y con \u00e9l los colores m\u00e1s seductores. <strong>Ponte guap@ en EPC<\/strong> y disfruta del calor. <strong>Al buen tiempo, buena moda<\/strong>.<\/p>\n<p>&nbsp;<\/p>\n<p><a href=\"https:\/\/i0.wp.com\/fervent-wiles.82-194-67-113.plesk.page\/home\/wp-content\/uploads\/2016\/06\/P1014258.jpg?ssl=1\"><img data-recalc-dims=\"1\" loading=\"lazy\" decoding=\"async\" class=\"aligncenter size-large wp-image-758\" src=\"https:\/\/i0.wp.com\/fervent-wiles.82-194-67-113.plesk.page\/home\/wp-content\/uploads\/2016\/06\/P1014258-1024x768.jpg?resize=640%2C480&#038;ssl=1\" alt=\"moda EPC\" width=\"640\" height=\"480\" \/><\/a><\/p>\n","protected":false},"excerpt":{"rendered":"<p>La Primavera lleg\u00f3 a EPC, y ya estamos esperando el Verano; la Moda en \u00abEl Peque\u00f1o Catal\u00e1n\u00bb ya est\u00e1 preparada para el calor. Prendas ligeras y suaves para mujer; camisetas, chaquetas, pantalones&#8230; con un dise\u00f1o super-atractivo, con las que te sentir\u00e1s guapa, fresca y c\u00f3moda. Ropa masculina, pantalones cortos, polos y todo aquello que puedas [&hellip;]<\/p>\n","protected":false},"author":1,"featured_media":0,"comment_status":"closed","ping_status":"closed","sticky":false,"template":"","format":"standard","meta":{"ngg_post_thumbnail":0,"_jetpack_memberships_contains_paid_content":false,"footnotes":""},"categories":[10],"tags":[164,168,169],"class_list":["post-737","post","type-post","status-publish","format-standard","hentry","category-seccion-moda","tag-moda","tag-moda-primavera","tag-moda-verano"],"jetpack_featured_media_url":"","jetpack_sharing_enabled":true,"_links":{"self":[{"href":"https:\/\/elpequenocatalan.com\/home\/index.php\/wp-json\/wp\/v2\/posts\/737","targetHints":{"allow":["GET"]}}],"collection":[{"href":"https:\/\/elpequenocatalan.com\/home\/index.php\/wp-json\/wp\/v2\/posts"}],"about":[{"href":"https:\/\/elpequenocatalan.com\/home\/index.php\/wp-json\/wp\/v2\/types\/post"}],"author":[{"embeddable":true,"href":"https:\/\/elpequenocatalan.com\/home\/index.php\/wp-json\/wp\/v2\/users\/1"}],"replies":[{"embeddable":true,"href":"https:\/\/elpequenocatalan.com\/home\/index.php\/wp-json\/wp\/v2\/comments?post=737"}],"version-history":[{"count":0,"href":"https:\/\/elpequenocatalan.com\/home\/index.php\/wp-json\/wp\/v2\/posts\/737\/revisions"}],"wp:attachment":[{"href":"https:\/\/elpequenocatalan.com\/home\/index.php\/wp-json\/wp\/v2\/media?parent=737"}],"wp:term":[{"taxonomy":"category","embeddable":true,"href":"https:\/\/elpequenocatalan.com\/home\/index.php\/wp-json\/wp\/v2\/categories?post=737"},{"taxonomy":"post_tag","embeddable":true,"href":"https:\/\/elpequenocatalan.com\/home\/index.php\/wp-json\/wp\/v2\/tags?post=737"}],"curies":[{"name":"wp","href":"https:\/\/api.w.org\/{rel}","templated":true}]}}