{"id":820,"date":"2016-07-08T06:11:30","date_gmt":"2016-07-08T06:11:30","guid":{"rendered":"http:\/\/www.elpequenocatalan.com\/wp\/?p=820"},"modified":"2016-07-08T06:11:30","modified_gmt":"2016-07-08T06:11:30","slug":"descuentos-unicos-en-trajes-regionales-premium","status":"publish","type":"post","link":"https:\/\/elpequenocatalan.com\/home\/index.php\/2016\/07\/08\/descuentos-unicos-en-trajes-regionales-premium\/","title":{"rendered":"Descuentos \u00fanicos en Trajes Regionales Premium"},"content":{"rendered":"<p><a href=\"https:\/\/i0.wp.com\/fervent-wiles.82-194-67-113.plesk.page\/home\/wp-content\/uploads\/2016\/07\/P1014283.jpg?ssl=1\"><img data-recalc-dims=\"1\" loading=\"lazy\" decoding=\"async\" class=\"alignleft size-medium wp-image-823\" src=\"https:\/\/i0.wp.com\/fervent-wiles.82-194-67-113.plesk.page\/home\/wp-content\/uploads\/2016\/07\/P1014283-300x225.jpg?resize=300%2C225&#038;ssl=1\" alt=\"Traje Gala Premium\" width=\"300\" height=\"225\" \/><\/a><\/p>\n<p>Aprovecha \u00e9sta \u00e9poca estival a la que siempre le acompa\u00f1an buenos precios, rebajas especiales, y buena temperatura, para visitarnos y poder ver \u00e9stos maravillosos Trajes Regionales Top y Premium de <strong>\u00abEl Peque\u00f1o Catal\u00e1n\u00bb.<\/strong><\/p>\n<p><strong>Trajes confeccionados de forma especial, con telas maravillosas y con gran exclusividad<\/strong>. Confeccionados cuidando el detalle y pensando en embellecer la prenda y en que adem\u00e1s&#8230;te siente de maravilla.<\/p>\n<p><a href=\"https:\/\/i0.wp.com\/fervent-wiles.82-194-67-113.plesk.page\/home\/wp-content\/uploads\/2016\/07\/P1014370.jpg?ssl=1\"><img data-recalc-dims=\"1\" loading=\"lazy\" decoding=\"async\" class=\"aligncenter size-large wp-image-824\" src=\"https:\/\/i0.wp.com\/fervent-wiles.82-194-67-113.plesk.page\/home\/wp-content\/uploads\/2016\/07\/P1014370-1024x768.jpg?resize=640%2C480&#038;ssl=1\" alt=\"Traje Regional Aragones\" width=\"640\" height=\"480\" \/><\/a><\/p>\n<p>Mira otros art\u00edculos relacionados con los <strong>Trajes Regionales de Gala Premium <a href=\"https:\/\/fervent-wiles.82-194-67-113.plesk.page\/home\/wp\/index.php\/2016\/03\/30\/mas-trajes-de-gala-premium-ven-a-verlos-todos\/\" target=\"_blank\">aqu\u00ed <\/a><\/strong>y <strong><a href=\"https:\/\/fervent-wiles.82-194-67-113.plesk.page\/home\/wp\/index.php\/2016\/02\/19\/traje-de-gala-premium\/\" target=\"_blank\">aqu\u00ed<\/a>.<\/strong><\/p>\n<p>&nbsp;<\/p>\n","protected":false},"excerpt":{"rendered":"<p>Aprovecha \u00e9sta \u00e9poca estival a la que siempre le acompa\u00f1an buenos precios, rebajas especiales, y buena temperatura, para visitarnos y poder ver \u00e9stos maravillosos Trajes Regionales Top y Premium de \u00abEl Peque\u00f1o Catal\u00e1n\u00bb. Trajes confeccionados de forma especial, con telas maravillosas y con gran exclusividad. Confeccionados cuidando el detalle y pensando en embellecer la prenda [&hellip;]<\/p>\n","protected":false},"author":1,"featured_media":0,"comment_status":"closed","ping_status":"closed","sticky":false,"template":"","format":"standard","meta":{"ngg_post_thumbnail":0,"_jetpack_memberships_contains_paid_content":false,"footnotes":""},"categories":[8,12],"tags":[119,137,238,252],"class_list":["post-820","post","type-post","status-publish","format-standard","hentry","category-ofertas-y-promociones","category-traje-regional","tag-folclore-aragones","tag-indumentarias-aragonesa","tag-traje-aragones","tag-traje-regional"],"jetpack_featured_media_url":"","jetpack_sharing_enabled":true,"_links":{"self":[{"href":"https:\/\/elpequenocatalan.com\/home\/index.php\/wp-json\/wp\/v2\/posts\/820","targetHints":{"allow":["GET"]}}],"collection":[{"href":"https:\/\/elpequenocatalan.com\/home\/index.php\/wp-json\/wp\/v2\/posts"}],"about":[{"href":"https:\/\/elpequenocatalan.com\/home\/index.php\/wp-json\/wp\/v2\/types\/post"}],"author":[{"embeddable":true,"href":"https:\/\/elpequenocatalan.com\/home\/index.php\/wp-json\/wp\/v2\/users\/1"}],"replies":[{"embeddable":true,"href":"https:\/\/elpequenocatalan.com\/home\/index.php\/wp-json\/wp\/v2\/comments?post=820"}],"version-history":[{"count":0,"href":"https:\/\/elpequenocatalan.com\/home\/index.php\/wp-json\/wp\/v2\/posts\/820\/revisions"}],"wp:attachment":[{"href":"https:\/\/elpequenocatalan.com\/home\/index.php\/wp-json\/wp\/v2\/media?parent=820"}],"wp:term":[{"taxonomy":"category","embeddable":true,"href":"https:\/\/elpequenocatalan.com\/home\/index.php\/wp-json\/wp\/v2\/categories?post=820"},{"taxonomy":"post_tag","embeddable":true,"href":"https:\/\/elpequenocatalan.com\/home\/index.php\/wp-json\/wp\/v2\/tags?post=820"}],"curies":[{"name":"wp","href":"https:\/\/api.w.org\/{rel}","templated":true}]}}