{"id":934,"date":"2016-09-23T05:42:52","date_gmt":"2016-09-23T05:42:52","guid":{"rendered":"http:\/\/www.elpequenocatalan.com\/wp\/?p=934"},"modified":"2016-09-23T05:42:52","modified_gmt":"2016-09-23T05:42:52","slug":"traje-regional-top","status":"publish","type":"post","link":"https:\/\/elpequenocatalan.com\/home\/index.php\/2016\/09\/23\/traje-regional-top\/","title":{"rendered":"Traje Regional Top"},"content":{"rendered":"<p>Como ya sab\u00e9is en <strong>\u00abEl Peque\u00f1o Catal\u00e1n\u00bb<\/strong> encontramos <strong>Trajes Regionales<\/strong> de todos los tipos y para todos los gustos. El <strong>Traje Regional Top<\/strong>, junto con los <strong>Trajes Premium<\/strong>, son indumentarias especialmente cuidadas, tanto en su confecci\u00f3n como en la exclusividad de sus telas.<\/p>\n<p><a href=\"https:\/\/i0.wp.com\/fervent-wiles.82-194-67-113.plesk.page\/home\/wp-content\/uploads\/2016\/09\/TOP5.jpg?ssl=1\"><img data-recalc-dims=\"1\" loading=\"lazy\" decoding=\"async\" class=\"aligncenter size-large wp-image-936\" src=\"https:\/\/i0.wp.com\/fervent-wiles.82-194-67-113.plesk.page\/home\/wp-content\/uploads\/2016\/09\/TOP5-1024x768.jpg?resize=640%2C480&#038;ssl=1\" alt=\"traje regional top\" width=\"640\" height=\"480\" \/><\/a><\/p>\n<p>Prendas pensadas para favorecer la figura y en las que se utilizan tejidos especiales para hacer de \u00e9stos <strong>Trajes Folcl\u00f3ricos Aragoneses<\/strong>, piezas preciosas y singulares.<\/p>\n<p><a href=\"https:\/\/i0.wp.com\/fervent-wiles.82-194-67-113.plesk.page\/home\/wp-content\/uploads\/2016\/09\/TOP.png?ssl=1\"><img data-recalc-dims=\"1\" loading=\"lazy\" decoding=\"async\" class=\"aligncenter size-large wp-image-935\" src=\"https:\/\/i0.wp.com\/fervent-wiles.82-194-67-113.plesk.page\/home\/wp-content\/uploads\/2016\/09\/TOP-1024x555.png?resize=640%2C347&#038;ssl=1\" alt=\"top\" width=\"640\" height=\"347\" \/><\/a><\/p>\n<p>\u00c9ste excelente <strong>Traje T\u00edpico<\/strong> de tonos suaves es tan delicado y atractivo que f\u00e1cilmente llamar\u00e1 tu atenci\u00f3n.<\/p>\n<p>Anteriormente hemos publicado otros boletines con <strong>Trajes Premium<\/strong> si deseas recoradarlos, pincha <span style=\"color: #ff0000;\"><a style=\"color: #ff0000;\" href=\"https:\/\/fervent-wiles.82-194-67-113.plesk.page\/home\/wp\/index.php\/2016\/03\/30\/mas-trajes-de-gala-premium-ven-a-verlos-todos\/\" target=\"_blank\">aqu\u00ed<\/a> <\/span>y <span style=\"color: #ff0000;\"><a style=\"color: #ff0000;\" href=\"https:\/\/fervent-wiles.82-194-67-113.plesk.page\/home\/wp\/index.php\/2016\/02\/19\/traje-de-gala-premium\/\" target=\"_blank\">aqu\u00ed<\/a><\/span>.<\/p>\n","protected":false},"excerpt":{"rendered":"<p>Como ya sab\u00e9is en \u00abEl Peque\u00f1o Catal\u00e1n\u00bb encontramos Trajes Regionales de todos los tipos y para todos los gustos. El Traje Regional Top, junto con los Trajes Premium, son indumentarias especialmente cuidadas, tanto en su confecci\u00f3n como en la exclusividad de sus telas. Prendas pensadas para favorecer la figura y en las que se utilizan [&hellip;]<\/p>\n","protected":false},"author":1,"featured_media":0,"comment_status":"closed","ping_status":"closed","sticky":false,"template":"","format":"standard","meta":{"ngg_post_thumbnail":0,"_jetpack_memberships_contains_paid_content":false,"footnotes":""},"categories":[12],"tags":[238,240,244,245,253,254,257],"class_list":["post-934","post","type-post","status-publish","format-standard","hentry","category-traje-regional","tag-traje-aragones","tag-traje-baturra","tag-traje-de-gala","tag-traje-folclorico","tag-traje-regional-aragones","tag-traje-regional-exclusivo","tag-traje-tipico-aragones"],"jetpack_featured_media_url":"","jetpack_sharing_enabled":true,"_links":{"self":[{"href":"https:\/\/elpequenocatalan.com\/home\/index.php\/wp-json\/wp\/v2\/posts\/934","targetHints":{"allow":["GET"]}}],"collection":[{"href":"https:\/\/elpequenocatalan.com\/home\/index.php\/wp-json\/wp\/v2\/posts"}],"about":[{"href":"https:\/\/elpequenocatalan.com\/home\/index.php\/wp-json\/wp\/v2\/types\/post"}],"author":[{"embeddable":true,"href":"https:\/\/elpequenocatalan.com\/home\/index.php\/wp-json\/wp\/v2\/users\/1"}],"replies":[{"embeddable":true,"href":"https:\/\/elpequenocatalan.com\/home\/index.php\/wp-json\/wp\/v2\/comments?post=934"}],"version-history":[{"count":0,"href":"https:\/\/elpequenocatalan.com\/home\/index.php\/wp-json\/wp\/v2\/posts\/934\/revisions"}],"wp:attachment":[{"href":"https:\/\/elpequenocatalan.com\/home\/index.php\/wp-json\/wp\/v2\/media?parent=934"}],"wp:term":[{"taxonomy":"category","embeddable":true,"href":"https:\/\/elpequenocatalan.com\/home\/index.php\/wp-json\/wp\/v2\/categories?post=934"},{"taxonomy":"post_tag","embeddable":true,"href":"https:\/\/elpequenocatalan.com\/home\/index.php\/wp-json\/wp\/v2\/tags?post=934"}],"curies":[{"name":"wp","href":"https:\/\/api.w.org\/{rel}","templated":true}]}}