{"id":939,"date":"2016-09-28T08:51:59","date_gmt":"2016-09-28T08:51:59","guid":{"rendered":"http:\/\/www.elpequenocatalan.com\/wp\/?p=939"},"modified":"2016-09-28T08:51:59","modified_gmt":"2016-09-28T08:51:59","slug":"traje-regional-y-chaleco-en-oferta","status":"publish","type":"post","link":"https:\/\/elpequenocatalan.com\/home\/index.php\/2016\/09\/28\/traje-regional-y-chaleco-en-oferta\/","title":{"rendered":"Traje Regional y Chaleco en Oferta"},"content":{"rendered":"<p><a href=\"https:\/\/i0.wp.com\/fervent-wiles.82-194-67-113.plesk.page\/home\/wp-content\/uploads\/2016\/09\/TRAJE-OFERTA.jpg?ssl=1\"><img data-recalc-dims=\"1\" loading=\"lazy\" decoding=\"async\" class=\"alignleft size-medium wp-image-940\" src=\"https:\/\/i0.wp.com\/fervent-wiles.82-194-67-113.plesk.page\/home\/wp-content\/uploads\/2016\/09\/TRAJE-OFERTA-300x225.jpg?resize=300%2C225&#038;ssl=1\" alt=\"traje regional\" width=\"300\" height=\"225\" \/><\/a>Nos acercamos a fechas se\u00f1aladas en las que los <strong>Trajes Regionales<\/strong>, vuelven y toman importancia. <strong>\u00abEl Peque\u00f1o Catal\u00e1n\u00bb<\/strong> nos muestra\u00a0un precioso <strong>Traje Aragon\u00e9s<\/strong> para mujer y un magn\u00edfico chaleco para hombre, que adem\u00e1s, en EPC, ahora est\u00e1n de <strong>Oferta<\/strong>.<\/p>\n<p>En un bonito color burdeos, con finas\u00a0listas verticales y peque\u00f1as flores adornando el fondo, lleva un corpi\u00f1o atado con cordones, ribeteado en color blanco y con un delicado adorno de pasamaner\u00eda que embellece el conjunto y estiliza la figura.<\/p>\n<p><a href=\"https:\/\/i0.wp.com\/fervent-wiles.82-194-67-113.plesk.page\/home\/wp-content\/uploads\/2016\/09\/TRAJE-OFERTA2.jpg?ssl=1\"><img data-recalc-dims=\"1\" loading=\"lazy\" decoding=\"async\" class=\"aligncenter size-large wp-image-941\" src=\"https:\/\/i0.wp.com\/fervent-wiles.82-194-67-113.plesk.page\/home\/wp-content\/uploads\/2016\/09\/TRAJE-OFERTA2-1024x768.jpg?resize=640%2C480&#038;ssl=1\" alt=\"Traje regional oferta\" width=\"640\" height=\"480\" \/><\/a><\/p>\n<p>El <strong>chaleco<\/strong> en tonos claros con flores rojas, azules, amarillas y verdes, puede combinarse con cualquier prenda de la <strong>Indumentaria Regional<\/strong>, por su estilo y su colorido suave.<\/p>\n<p><a href=\"https:\/\/i0.wp.com\/fervent-wiles.82-194-67-113.plesk.page\/home\/wp-content\/uploads\/2016\/09\/CHALECO-OFERTA2.jpg?ssl=1\"><img data-recalc-dims=\"1\" loading=\"lazy\" decoding=\"async\" class=\"aligncenter size-large wp-image-942\" src=\"https:\/\/i0.wp.com\/fervent-wiles.82-194-67-113.plesk.page\/home\/wp-content\/uploads\/2016\/09\/CHALECO-OFERTA2-1024x768.jpg?resize=640%2C480&#038;ssl=1\" alt=\"traje regional oferta chaleco\" width=\"640\" height=\"480\" \/><\/a><\/p>\n<p>Todo listo y preparado para la puesta a punto de nuestro <strong>Traje Folcl\u00f3rico<\/strong>, para que tu indumentaria sea personal y especial.<\/p>\n","protected":false},"excerpt":{"rendered":"<p>Nos acercamos a fechas se\u00f1aladas en las que los Trajes Regionales, vuelven y toman importancia. \u00abEl Peque\u00f1o Catal\u00e1n\u00bb nos muestra\u00a0un precioso Traje Aragon\u00e9s para mujer y un magn\u00edfico chaleco para hombre, que adem\u00e1s, en EPC, ahora est\u00e1n de Oferta. En un bonito color burdeos, con finas\u00a0listas verticales y peque\u00f1as flores adornando el fondo, lleva un [&hellip;]<\/p>\n","protected":false},"author":1,"featured_media":0,"comment_status":"closed","ping_status":"closed","sticky":false,"template":"","format":"standard","meta":{"ngg_post_thumbnail":0,"_jetpack_memberships_contains_paid_content":false,"footnotes":""},"categories":[8,12],"tags":[132,238,240,241,249,252],"class_list":["post-939","post","type-post","status-publish","format-standard","hentry","category-ofertas-y-promociones","category-traje-regional","tag-indumentaria-aragonesa","tag-traje-aragones","tag-traje-baturra","tag-traje-baturro","tag-traje-jotero","tag-traje-regional"],"jetpack_featured_media_url":"","jetpack_sharing_enabled":true,"_links":{"self":[{"href":"https:\/\/elpequenocatalan.com\/home\/index.php\/wp-json\/wp\/v2\/posts\/939","targetHints":{"allow":["GET"]}}],"collection":[{"href":"https:\/\/elpequenocatalan.com\/home\/index.php\/wp-json\/wp\/v2\/posts"}],"about":[{"href":"https:\/\/elpequenocatalan.com\/home\/index.php\/wp-json\/wp\/v2\/types\/post"}],"author":[{"embeddable":true,"href":"https:\/\/elpequenocatalan.com\/home\/index.php\/wp-json\/wp\/v2\/users\/1"}],"replies":[{"embeddable":true,"href":"https:\/\/elpequenocatalan.com\/home\/index.php\/wp-json\/wp\/v2\/comments?post=939"}],"version-history":[{"count":0,"href":"https:\/\/elpequenocatalan.com\/home\/index.php\/wp-json\/wp\/v2\/posts\/939\/revisions"}],"wp:attachment":[{"href":"https:\/\/elpequenocatalan.com\/home\/index.php\/wp-json\/wp\/v2\/media?parent=939"}],"wp:term":[{"taxonomy":"category","embeddable":true,"href":"https:\/\/elpequenocatalan.com\/home\/index.php\/wp-json\/wp\/v2\/categories?post=939"},{"taxonomy":"post_tag","embeddable":true,"href":"https:\/\/elpequenocatalan.com\/home\/index.php\/wp-json\/wp\/v2\/tags?post=939"}],"curies":[{"name":"wp","href":"https:\/\/api.w.org\/{rel}","templated":true}]}}