{"id":971,"date":"2016-10-19T09:20:33","date_gmt":"2016-10-19T09:20:33","guid":{"rendered":"http:\/\/www.elpequenocatalan.com\/wp\/?p=971"},"modified":"2016-10-19T09:20:33","modified_gmt":"2016-10-19T09:20:33","slug":"mantones-mantillas-panuelos-bobine","status":"publish","type":"post","link":"https:\/\/elpequenocatalan.com\/home\/index.php\/2016\/10\/19\/mantones-mantillas-panuelos-bobine\/","title":{"rendered":"Mantones, Mantillas, Pa\u00f1uelos, Bobin\u00e9&#8230;"},"content":{"rendered":"<p>En el siglo XVIII, los justillos eran escotados; en esa \u00e9poca de grandes escotes se utilizaban <strong>Pa\u00f1uelos\u00a0<\/strong>para cubrir el busto\u00a0y guardar cierto decoro. <strong>Pa\u00f1uelos de algod\u00f3n de Indiana<\/strong>, pintados a mano, o m\u00e1s sencillos para llevar a diario. <strong>Pa\u00f1uelos de Seda<\/strong>, para\u00a0d\u00edas especiales.<\/p>\n<p>&nbsp;<\/p>\n<p>De centro Europa llegaron los <strong>Pa\u00f1uelos\u00a0de Lana<\/strong>, a finales del XVIII; <strong>Pa\u00f1uelos de Cachemir<\/strong>, llamados tambi\u00e9n de capucha. En la misma \u00e9poca comienza a aparecer el primer <strong>Mant\u00f3n de Manila<\/strong>, sin flecos y realmente casi como un adorno decorativo, como un tapiz.<\/p>\n<p>Alrededor de la misma \u00e9poca, muy Victoriana, la moda se recata, se cierran los escotes y se oscurecen los tejidos, apareciendo tambi\u00e9n los <strong>Pa\u00f1uelos de Gro<\/strong>, de seda; adamascados y tornasolados a dos colores; de rayas, de cuadros y de colores muy vivos.<\/p>\n<p>Posteriormente llegan los <strong>Mantones llamados de Manila<\/strong>, aunque llegaban de China, desde Cant\u00f3n y Pek\u00edn, con preciosos detalles florales y de aves ex\u00f3ticas a los que se les a\u00f1aden largos flecos y que son tal y como hoy conocemos desde mitad del siglo XIX. Al mismo tiempo se abre hueco el <strong>Mant\u00f3n de Bobin\u00e9<\/strong>, preciosas y delicadas prendas llenas de belleza.<\/p>\n<p>En <strong>\u00abEl Peque\u00f1o Catal\u00e1n\u00bb<\/strong> las encontrar\u00e1s todas, podr\u00e1s elegir entre toda la variedad de la que dispone un comercio cuya tradici\u00f3n nace en 1860, y que desde entonces nos acompa\u00f1a y nos aconseja.<\/p>\n<p>Si deseas conocer como\u00a0cuidar tu <strong>Chal de Bobin\u00e9<\/strong>, pincha <a href=\"https:\/\/fervent-wiles.82-194-67-113.plesk.page\/home\/wp\/index.php\/2015\/11\/27\/chal-de-bobine-como-cuidarlo\/\" target=\"_blank\">aqu\u00ed<\/a>.<\/p>\n<p>Para Mantener los <strong>flecos de tu Mant\u00f3n<\/strong>, pincha <a href=\"https:\/\/fervent-wiles.82-194-67-113.plesk.page\/home\/wp\/index.php\/2015\/11\/13\/consejo-de-mantenimiento-para-los-flecos-de-tu-manton\/\" target=\"_blank\">aqu\u00ed<\/a>.<\/p>\n<p>Para saber como lavar tus <strong>Mantones de Ray\u00f3n<\/strong>, <a href=\"https:\/\/fervent-wiles.82-194-67-113.plesk.page\/home\/wp\/index.php\/2015\/11\/07\/truco-lavar-los-mantones-de-rayon\/\" target=\"_blank\">aqu\u00ed<\/a>.<\/p>\n<p><a href=\"https:\/\/i0.wp.com\/fervent-wiles.82-194-67-113.plesk.page\/home\/wp-content\/uploads\/2016\/10\/P1014447.jpg?ssl=1\"><img data-recalc-dims=\"1\" loading=\"lazy\" decoding=\"async\" class=\"aligncenter size-large wp-image-982\" src=\"https:\/\/i0.wp.com\/fervent-wiles.82-194-67-113.plesk.page\/home\/wp-content\/uploads\/2016\/10\/P1014447-1024x768.jpg?resize=640%2C480&#038;ssl=1\" alt=\"pa\u00f1uelo seda\" width=\"640\" height=\"480\" \/><\/a><\/p>\n<p>En muchos colores y para todos los gustos.<\/p>\n<p><a href=\"https:\/\/i0.wp.com\/fervent-wiles.82-194-67-113.plesk.page\/home\/wp-content\/uploads\/2016\/10\/P1014323.jpg?ssl=1\"><img data-recalc-dims=\"1\" loading=\"lazy\" decoding=\"async\" class=\"aligncenter size-large wp-image-975\" src=\"https:\/\/i0.wp.com\/fervent-wiles.82-194-67-113.plesk.page\/home\/wp-content\/uploads\/2016\/10\/P1014323-1024x768.jpg?resize=640%2C480&#038;ssl=1\" alt=\"pa\u00f1uelo lana\" width=\"640\" height=\"480\" \/><\/a><\/p>\n<p>Siempre preciosos.<\/p>\n<p><a href=\"https:\/\/i0.wp.com\/fervent-wiles.82-194-67-113.plesk.page\/home\/wp-content\/uploads\/2016\/10\/MANTILLA1.jpg?ssl=1\"><img data-recalc-dims=\"1\" loading=\"lazy\" decoding=\"async\" class=\"aligncenter size-large wp-image-972\" src=\"https:\/\/i0.wp.com\/fervent-wiles.82-194-67-113.plesk.page\/home\/wp-content\/uploads\/2016\/10\/MANTILLA1-1024x768.jpg?resize=640%2C480&#038;ssl=1\" alt=\"bobine\" width=\"640\" height=\"480\" \/><\/a><\/p>\n<p>Con tanta variedad, cuesta escoger.<\/p>\n<p><a href=\"https:\/\/i0.wp.com\/fervent-wiles.82-194-67-113.plesk.page\/home\/wp-content\/uploads\/2016\/10\/P1014371.jpg?ssl=1\"><img data-recalc-dims=\"1\" loading=\"lazy\" decoding=\"async\" class=\"aligncenter size-large wp-image-977\" src=\"https:\/\/i0.wp.com\/fervent-wiles.82-194-67-113.plesk.page\/home\/wp-content\/uploads\/2016\/10\/P1014371-1024x768.jpg?resize=640%2C480&#038;ssl=1\" alt=\"traje regional\" width=\"640\" height=\"480\" \/><\/a><\/p>\n<p><a href=\"https:\/\/i0.wp.com\/fervent-wiles.82-194-67-113.plesk.page\/home\/wp-content\/uploads\/2016\/10\/P1014408.jpg?ssl=1\"><img data-recalc-dims=\"1\" loading=\"lazy\" decoding=\"async\" class=\"aligncenter size-large wp-image-980\" src=\"https:\/\/i0.wp.com\/fervent-wiles.82-194-67-113.plesk.page\/home\/wp-content\/uploads\/2016\/10\/P1014408-1024x768.jpg?resize=640%2C480&#038;ssl=1\" alt=\"indumentaria aragonesa\" width=\"640\" height=\"480\" \/><\/a><\/p>\n<p><a href=\"https:\/\/i0.wp.com\/fervent-wiles.82-194-67-113.plesk.page\/home\/wp-content\/uploads\/2016\/10\/P1014324.jpg?ssl=1\"><img data-recalc-dims=\"1\" loading=\"lazy\" decoding=\"async\" class=\"aligncenter size-large wp-image-976\" src=\"https:\/\/i0.wp.com\/fervent-wiles.82-194-67-113.plesk.page\/home\/wp-content\/uploads\/2016\/10\/P1014324-1024x768.jpg?resize=640%2C480&#038;ssl=1\" alt=\"traje baturra\" width=\"640\" height=\"480\" \/><\/a><\/p>\n<p><a href=\"https:\/\/i0.wp.com\/fervent-wiles.82-194-67-113.plesk.page\/home\/wp-content\/uploads\/2016\/10\/P1014297.jpg?ssl=1\"><img data-recalc-dims=\"1\" loading=\"lazy\" decoding=\"async\" class=\"aligncenter size-large wp-image-974\" src=\"https:\/\/i0.wp.com\/fervent-wiles.82-194-67-113.plesk.page\/home\/wp-content\/uploads\/2016\/10\/P1014297-1024x768.jpg?resize=640%2C480&#038;ssl=1\" alt=\"traje aragones\" width=\"640\" height=\"480\" \/><\/a><\/p>\n<p><a href=\"https:\/\/i0.wp.com\/fervent-wiles.82-194-67-113.plesk.page\/home\/wp-content\/uploads\/2016\/10\/P1014426.jpg?ssl=1\"><img data-recalc-dims=\"1\" loading=\"lazy\" decoding=\"async\" class=\"aligncenter size-large wp-image-981\" src=\"https:\/\/i0.wp.com\/fervent-wiles.82-194-67-113.plesk.page\/home\/wp-content\/uploads\/2016\/10\/P1014426-1024x768.jpg?resize=640%2C480&#038;ssl=1\" alt=\"traje jotera\" width=\"640\" height=\"480\" \/><\/a><\/p>\n<p><a href=\"https:\/\/i0.wp.com\/fervent-wiles.82-194-67-113.plesk.page\/home\/wp-content\/uploads\/2016\/10\/P1014393.jpg?ssl=1\"><img data-recalc-dims=\"1\" loading=\"lazy\" decoding=\"async\" class=\"aligncenter size-large wp-image-978\" src=\"https:\/\/i0.wp.com\/fervent-wiles.82-194-67-113.plesk.page\/home\/wp-content\/uploads\/2016\/10\/P1014393-1024x768.jpg?resize=640%2C480&#038;ssl=1\" alt=\"indumentaria aragonesa\" width=\"640\" height=\"480\" \/><\/a><\/p>\n<p><a href=\"https:\/\/i0.wp.com\/fervent-wiles.82-194-67-113.plesk.page\/home\/wp-content\/uploads\/2016\/10\/P1014290.jpg?ssl=1\"><img data-recalc-dims=\"1\" loading=\"lazy\" decoding=\"async\" class=\"aligncenter size-large wp-image-973\" src=\"https:\/\/i0.wp.com\/fervent-wiles.82-194-67-113.plesk.page\/home\/wp-content\/uploads\/2016\/10\/P1014290-1024x768.jpg?resize=640%2C480&#038;ssl=1\" alt=\"traje regional aragones\" width=\"640\" height=\"480\" \/><\/a><\/p>\n","protected":false},"excerpt":{"rendered":"<p>En el siglo XVIII, los justillos eran escotados; en esa \u00e9poca de grandes escotes se utilizaban Pa\u00f1uelos\u00a0para cubrir el busto\u00a0y guardar cierto decoro. Pa\u00f1uelos de algod\u00f3n de Indiana, pintados a mano, o m\u00e1s sencillos para llevar a diario. Pa\u00f1uelos de Seda, para\u00a0d\u00edas especiales. &nbsp; De centro Europa llegaron los Pa\u00f1uelos\u00a0de Lana, a finales del XVIII; [&hellip;]<\/p>\n","protected":false},"author":1,"featured_media":0,"comment_status":"closed","ping_status":"closed","sticky":false,"template":"","format":"standard","meta":{"ngg_post_thumbnail":0,"_jetpack_memberships_contains_paid_content":false,"footnotes":""},"categories":[12],"tags":[137,238,242,245,252,257],"class_list":["post-971","post","type-post","status-publish","format-standard","hentry","category-traje-regional","tag-indumentarias-aragonesa","tag-traje-aragones","tag-traje-de-baturra","tag-traje-folclorico","tag-traje-regional","tag-traje-tipico-aragones"],"jetpack_featured_media_url":"","jetpack_sharing_enabled":true,"_links":{"self":[{"href":"https:\/\/elpequenocatalan.com\/home\/index.php\/wp-json\/wp\/v2\/posts\/971","targetHints":{"allow":["GET"]}}],"collection":[{"href":"https:\/\/elpequenocatalan.com\/home\/index.php\/wp-json\/wp\/v2\/posts"}],"about":[{"href":"https:\/\/elpequenocatalan.com\/home\/index.php\/wp-json\/wp\/v2\/types\/post"}],"author":[{"embeddable":true,"href":"https:\/\/elpequenocatalan.com\/home\/index.php\/wp-json\/wp\/v2\/users\/1"}],"replies":[{"embeddable":true,"href":"https:\/\/elpequenocatalan.com\/home\/index.php\/wp-json\/wp\/v2\/comments?post=971"}],"version-history":[{"count":0,"href":"https:\/\/elpequenocatalan.com\/home\/index.php\/wp-json\/wp\/v2\/posts\/971\/revisions"}],"wp:attachment":[{"href":"https:\/\/elpequenocatalan.com\/home\/index.php\/wp-json\/wp\/v2\/media?parent=971"}],"wp:term":[{"taxonomy":"category","embeddable":true,"href":"https:\/\/elpequenocatalan.com\/home\/index.php\/wp-json\/wp\/v2\/categories?post=971"},{"taxonomy":"post_tag","embeddable":true,"href":"https:\/\/elpequenocatalan.com\/home\/index.php\/wp-json\/wp\/v2\/tags?post=971"}],"curies":[{"name":"wp","href":"https:\/\/api.w.org\/{rel}","templated":true}]}}